{"id":224760,"date":"2024-09-25T20:23:20","date_gmt":"2024-09-25T23:23:20","guid":{"rendered":"https:\/\/diarioregionaldigital.com.br\/?p=224760"},"modified":"2024-09-25T20:23:20","modified_gmt":"2024-09-25T23:23:20","slug":"cesama-realiza-661-analises-em-agosto","status":"publish","type":"post","link":"https:\/\/diarioregionaldigital.com.br\/?p=224760","title":{"rendered":"Cesama realiza 661 an\u00e1lises em agosto"},"content":{"rendered":"<p>Segundo informa\u00e7\u00f5es do site da Prefeitura de Juiz de Fora (PJF), a Companhia de Saneamento Municipal (Cesama) realizou 661 an\u00e1lises de \u00e1gua em agosto. Do total, levantado pela Assessoria de Controle da Qualidade (ACQ) da companhia, 339 foram feitas nas redes de distribui\u00e7\u00e3o, 107 nas Esta\u00e7\u00f5es de Tratamento de \u00c1gua (ETAs) e 12 nas Esta\u00e7\u00f5es de Tratamento de Esgoto (ETEs). Outras 37 an\u00e1lises foram efetuadas em mananciais.<\/p>\n<p>Em parceria com o Departamento de Produ\u00e7\u00e3o de \u00c1gua (Depa) da Cesama, a ACQ efetuou, ainda, 166 an\u00e1lises dos po\u00e7os artesianos em distritos de Juiz de Fora. O monitoramento tamb\u00e9m incluiu pesquisas de par\u00e2metros microbiol\u00f3gicos e f\u00edsico-qu\u00edmicos, al\u00e9m de exames de fitopl\u00e2ncton e avalia\u00e7\u00e3o de metais pesados por absor\u00e7\u00e3o at\u00f4mica.<\/p>\n","protected":false},"excerpt":{"rendered":"<p>Segundo informa\u00e7\u00f5es do site da Prefeitura de Juiz de Fora (PJF), a Companhia de Saneamento Municipal (Cesama) realizou 661 an\u00e1lises de \u00e1gua em agosto. Do total, levantado pela Assessoria de Controle da Qualidade (ACQ) da companhia, 339 foram feitas nas redes de distribui\u00e7\u00e3o, 107 nas Esta\u00e7\u00f5es de Tratamento de \u00c1gua (ETAs) e 12 nas Esta\u00e7\u00f5es [&hellip;]<\/p>\n","protected":false},"author":246,"featured_media":224761,"comment_status":"closed","ping_status":"closed","sticky":false,"template":"","format":"standard","meta":{"footnotes":""},"categories":[253,436,439],"tags":[],"class_list":["post-224760","post","type-post","status-publish","format-standard","has-post-thumbnail","hentry","category-cidade","category-destaque-da-semana","category-ultima-hora"],"_links":{"self":[{"href":"https:\/\/diarioregionaldigital.com.br\/index.php?rest_route=\/wp\/v2\/posts\/224760","targetHints":{"allow":["GET"]}}],"collection":[{"href":"https:\/\/diarioregionaldigital.com.br\/index.php?rest_route=\/wp\/v2\/posts"}],"about":[{"href":"https:\/\/diarioregionaldigital.com.br\/index.php?rest_route=\/wp\/v2\/types\/post"}],"author":[{"embeddable":true,"href":"https:\/\/diarioregionaldigital.com.br\/index.php?rest_route=\/wp\/v2\/users\/246"}],"replies":[{"embeddable":true,"href":"https:\/\/diarioregionaldigital.com.br\/index.php?rest_route=%2Fwp%2Fv2%2Fcomments&post=224760"}],"version-history":[{"count":1,"href":"https:\/\/diarioregionaldigital.com.br\/index.php?rest_route=\/wp\/v2\/posts\/224760\/revisions"}],"predecessor-version":[{"id":224762,"href":"https:\/\/diarioregionaldigital.com.br\/index.php?rest_route=\/wp\/v2\/posts\/224760\/revisions\/224762"}],"wp:featuredmedia":[{"embeddable":true,"href":"https:\/\/diarioregionaldigital.com.br\/index.php?rest_route=\/wp\/v2\/media\/224761"}],"wp:attachment":[{"href":"https:\/\/diarioregionaldigital.com.br\/index.php?rest_route=%2Fwp%2Fv2%2Fmedia&parent=224760"}],"wp:term":[{"taxonomy":"category","embeddable":true,"href":"https:\/\/diarioregionaldigital.com.br\/index.php?rest_route=%2Fwp%2Fv2%2Fcategories&post=224760"},{"taxonomy":"post_tag","embeddable":true,"href":"https:\/\/diarioregionaldigital.com.br\/index.php?rest_route=%2Fwp%2Fv2%2Ftags&post=224760"}],"curies":[{"name":"wp","href":"https:\/\/api.w.org\/{rel}","templated":true}]}}