{"id":224757,"date":"2024-09-25T20:22:08","date_gmt":"2024-09-25T23:22:08","guid":{"rendered":"https:\/\/diarioregionaldigital.com.br\/?p=224757"},"modified":"2024-09-25T20:22:08","modified_gmt":"2024-09-25T23:22:08","slug":"acesso-norte-tem-interdicao-total-para-obras-de-manutencao-da-cesama-entre-sabado-e-domingo","status":"publish","type":"post","link":"https:\/\/diarioregionaldigital.com.br\/?p=224757","title":{"rendered":"Acesso Norte tem interdi\u00e7\u00e3o total para obras de manuten\u00e7\u00e3o da Cesama entre s\u00e1bado e domingo"},"content":{"rendered":"<p>Segundo informa\u00e7\u00f5es do site da Prefeitura de Juiz de Fora (PJF), a Companhia de Saneamento Municipal (Cesama) realiza entre s\u00e1bado, 28, at\u00e9 \u00e0s 23h de domingo, 29, uma obra de manuten\u00e7\u00e3o na quarta adutora de troca de dois tubos para garantir que n\u00e3o ocorra o desabastecimento de \u00e1gua. Para a realiza\u00e7\u00e3o dos trabalhos, o Acesso Norte (Avenida Garcia Rodrigues Paes) vai ter as duas pistas interditadas a partir do Viaduto Engenheiro Ramirez Gonzalez (em frente a B.D), at\u00e9 o trevo de acesso ao Col\u00e9gio Militar.<\/p>\n<p>A Secretaria de Mobilidade Urbana (SMU) vai realizar o fechamento da via a partir da Avenida Brasil e s\u00f3 ser\u00e1 permitida a passagem do tr\u00e2nsito local. Outro fechamento ser\u00e1 realizado no trevo de acesso ao Col\u00e9gio Militar. Os motoristas ter\u00e3o como op\u00e7\u00e3o de acesso \u00e0 Regi\u00e3o Norte e ao Centro a Avenida Presidente Juscelino Kubitschek.<\/p>\n","protected":false},"excerpt":{"rendered":"<p>Segundo informa\u00e7\u00f5es do site da Prefeitura de Juiz de Fora (PJF), a Companhia de Saneamento Municipal (Cesama) realiza entre s\u00e1bado, 28, at\u00e9 \u00e0s 23h de domingo, 29, uma obra de manuten\u00e7\u00e3o na quarta adutora de troca de dois tubos para garantir que n\u00e3o ocorra o desabastecimento de \u00e1gua. Para a realiza\u00e7\u00e3o dos trabalhos, o Acesso [&hellip;]<\/p>\n","protected":false},"author":246,"featured_media":224758,"comment_status":"closed","ping_status":"closed","sticky":false,"template":"","format":"standard","meta":{"footnotes":""},"categories":[253,436,440,439],"tags":[],"class_list":["post-224757","post","type-post","status-publish","format-standard","has-post-thumbnail","hentry","category-cidade","category-destaque-da-semana","category-destaques-do-dia","category-ultima-hora"],"_links":{"self":[{"href":"https:\/\/diarioregionaldigital.com.br\/index.php?rest_route=\/wp\/v2\/posts\/224757","targetHints":{"allow":["GET"]}}],"collection":[{"href":"https:\/\/diarioregionaldigital.com.br\/index.php?rest_route=\/wp\/v2\/posts"}],"about":[{"href":"https:\/\/diarioregionaldigital.com.br\/index.php?rest_route=\/wp\/v2\/types\/post"}],"author":[{"embeddable":true,"href":"https:\/\/diarioregionaldigital.com.br\/index.php?rest_route=\/wp\/v2\/users\/246"}],"replies":[{"embeddable":true,"href":"https:\/\/diarioregionaldigital.com.br\/index.php?rest_route=%2Fwp%2Fv2%2Fcomments&post=224757"}],"version-history":[{"count":1,"href":"https:\/\/diarioregionaldigital.com.br\/index.php?rest_route=\/wp\/v2\/posts\/224757\/revisions"}],"predecessor-version":[{"id":224759,"href":"https:\/\/diarioregionaldigital.com.br\/index.php?rest_route=\/wp\/v2\/posts\/224757\/revisions\/224759"}],"wp:featuredmedia":[{"embeddable":true,"href":"https:\/\/diarioregionaldigital.com.br\/index.php?rest_route=\/wp\/v2\/media\/224758"}],"wp:attachment":[{"href":"https:\/\/diarioregionaldigital.com.br\/index.php?rest_route=%2Fwp%2Fv2%2Fmedia&parent=224757"}],"wp:term":[{"taxonomy":"category","embeddable":true,"href":"https:\/\/diarioregionaldigital.com.br\/index.php?rest_route=%2Fwp%2Fv2%2Fcategories&post=224757"},{"taxonomy":"post_tag","embeddable":true,"href":"https:\/\/diarioregionaldigital.com.br\/index.php?rest_route=%2Fwp%2Fv2%2Ftags&post=224757"}],"curies":[{"name":"wp","href":"https:\/\/api.w.org\/{rel}","templated":true}]}}