{"id":224746,"date":"2024-09-25T01:20:05","date_gmt":"2024-09-25T04:20:05","guid":{"rendered":"https:\/\/diarioregionaldigital.com.br\/?p=224746"},"modified":"2024-09-25T01:20:05","modified_gmt":"2024-09-25T04:20:05","slug":"extrato-de-adesao-077-25-09-2024","status":"publish","type":"post","link":"https:\/\/diarioregionaldigital.com.br\/?p=224746","title":{"rendered":"EXTRATO DE ADES\u00c3O 077 &#8211; 25\/09\/2024"},"content":{"rendered":"<div>\n<div class=\"s4\" style=\"text-align: center;\"><span class=\"s3\"><span class=\"bumpedFont15\">PREFEITURA MUNICIPAL DE DESCOBERTO<\/span><\/span><\/div>\n<\/div>\n<p class=\"s4\" style=\"text-align: center;\"><span class=\"s5\"><span class=\"bumpedFont17\">EXTRATO<\/span><\/span><span class=\"s5\"><span class=\"bumpedFont17\"> DE ADES\u00c3O A LICITA\u00c7\u00c2O &#8211; &#8220;CARONA&#8221;<\/span><\/span><\/p>\n<p class=\"s4\" style=\"text-align: center;\">\n<p class=\"s4\" style=\"text-align: center;\"><span class=\"s6\">Licita\u00e7\u00e3o n\u00b0 0<\/span><span class=\"s6\">7<\/span><span class=\"s6\">7<\/span><span class=\"s6\">\/202<\/span><span class=\"s6\">4<\/span><\/p>\n<p class=\"s4\" style=\"text-align: center;\"><span class=\"s6\">Termo de Ades\u00e3o a Licita\u00e7\u00e3o<\/span><\/p>\n<p class=\"s7\" style=\"text-align: center;\">O Munic\u00edpio de DESCOBERTO, na forma da lei, faz saber a todos quantos o presente virem, ou dele conhecimento tiverem, que aderiu a licita\u00e7\u00e3o n\u00ba 051\/2023, promovida pelo CIMPAR- CONS\u00d3RCIO INTERMUNICIPAL MULTIFINALIT\u00c1RIO DO VALE PARAIBUNA desenvolvida sob a modalidade de Preg\u00e3o Presencial n\u00ba 031\/2023, desenvolvida sob o sistema de registro de pre\u00e7os. Por conta da referida ades\u00e3o, foi firmado o contrato n\u00b0 ATA 216\/2024 tendo como partes o munic\u00edpio DESCOBERTO e a empresa F\u00caNIX VAREJO &amp; SERVI\u00c7OS LTDA, no valor de R$ 83.872,00, cuja \u00edntegra se encontra arquivada e a disposi\u00e7\u00e3o para consulta. Para conhecimento de todos os interessados, expediu-se o presente que ser\u00e1 afixado no lugar de costume, publicando-se na forma da lei. DESCOBERTO, dia 25 de setembro de 2024.<\/p>\n<p style=\"text-align: center;\">\n<p class=\"s4\" style=\"text-align: center;\">\n<p class=\"s4\" style=\"text-align: center;\">\n<p class=\"s4\" style=\"text-align: center;\">\n","protected":false},"excerpt":{"rendered":"<p>PREFEITURA MUNICIPAL DE DESCOBERTO EXTRATO DE ADES\u00c3O A LICITA\u00c7\u00c2O &#8211; &#8220;CARONA&#8221; Licita\u00e7\u00e3o n\u00b0 077\/2024 Termo de Ades\u00e3o a Licita\u00e7\u00e3o O Munic\u00edpio de DESCOBERTO, na forma da lei, faz saber a todos quantos o presente virem, ou dele conhecimento tiverem, que aderiu a licita\u00e7\u00e3o n\u00ba 051\/2023, promovida pelo CIMPAR- CONS\u00d3RCIO INTERMUNICIPAL MULTIFINALIT\u00c1RIO DO VALE PARAIBUNA desenvolvida [&hellip;]<\/p>\n","protected":false},"author":246,"featured_media":0,"comment_status":"closed","ping_status":"closed","sticky":false,"template":"","format":"standard","meta":{"footnotes":""},"categories":[307],"tags":[],"class_list":["post-224746","post","type-post","status-publish","format-standard","hentry","category-editais"],"_links":{"self":[{"href":"https:\/\/diarioregionaldigital.com.br\/index.php?rest_route=\/wp\/v2\/posts\/224746","targetHints":{"allow":["GET"]}}],"collection":[{"href":"https:\/\/diarioregionaldigital.com.br\/index.php?rest_route=\/wp\/v2\/posts"}],"about":[{"href":"https:\/\/diarioregionaldigital.com.br\/index.php?rest_route=\/wp\/v2\/types\/post"}],"author":[{"embeddable":true,"href":"https:\/\/diarioregionaldigital.com.br\/index.php?rest_route=\/wp\/v2\/users\/246"}],"replies":[{"embeddable":true,"href":"https:\/\/diarioregionaldigital.com.br\/index.php?rest_route=%2Fwp%2Fv2%2Fcomments&post=224746"}],"version-history":[{"count":1,"href":"https:\/\/diarioregionaldigital.com.br\/index.php?rest_route=\/wp\/v2\/posts\/224746\/revisions"}],"predecessor-version":[{"id":224747,"href":"https:\/\/diarioregionaldigital.com.br\/index.php?rest_route=\/wp\/v2\/posts\/224746\/revisions\/224747"}],"wp:attachment":[{"href":"https:\/\/diarioregionaldigital.com.br\/index.php?rest_route=%2Fwp%2Fv2%2Fmedia&parent=224746"}],"wp:term":[{"taxonomy":"category","embeddable":true,"href":"https:\/\/diarioregionaldigital.com.br\/index.php?rest_route=%2Fwp%2Fv2%2Fcategories&post=224746"},{"taxonomy":"post_tag","embeddable":true,"href":"https:\/\/diarioregionaldigital.com.br\/index.php?rest_route=%2Fwp%2Fv2%2Ftags&post=224746"}],"curies":[{"name":"wp","href":"https:\/\/api.w.org\/{rel}","templated":true}]}}