{"id":224744,"date":"2024-09-25T01:19:26","date_gmt":"2024-09-25T04:19:26","guid":{"rendered":"https:\/\/diarioregionaldigital.com.br\/?p=224744"},"modified":"2024-09-25T01:19:26","modified_gmt":"2024-09-25T04:19:26","slug":"pregao-031-25-09-2024","status":"publish","type":"post","link":"https:\/\/diarioregionaldigital.com.br\/?p=224744","title":{"rendered":"PREG\u00c3O 031 &#8211; 25\/09\/2024"},"content":{"rendered":"<p class=\"s4\" style=\"text-align: center;\"><span class=\"s5\"><span class=\"bumpedFont15\">PREFEITURA MUNICIPAL DE DESCOBERTO<\/span><\/span><\/p>\n<p class=\"s4\" style=\"text-align: center;\">\n<p class=\"s4\" style=\"text-align: center;\"><span class=\"s5\"><span class=\"bumpedFont15\">AVISO DE LICITA\u00c7\u00c3O<\/span><\/span><\/p>\n<p class=\"s4\" style=\"text-align: center;\">\n<p class=\"s4\" style=\"text-align: center;\"><span class=\"s5\"><span class=\"bumpedFont15\">Processo <\/span><\/span><span class=\"s5\"><span class=\"bumpedFont15\">Licita<\/span><\/span><span class=\"s5\"><span class=\"bumpedFont15\">t\u00f3rio<\/span><\/span><span class=\"s5\"><span class=\"bumpedFont15\"> n\u00b0 <\/span><\/span><span class=\"s5\"><span class=\"bumpedFont15\">0<\/span><\/span><span class=\"s5\"><span class=\"bumpedFont15\">79<\/span><\/span><span class=\"s5\"><span class=\"bumpedFont15\">\/202<\/span><\/span><span class=\"s5\"><span class=\"bumpedFont15\">4<\/span><\/span><\/p>\n<p class=\"s4\" style=\"text-align: center;\"><span class=\"s5\"><span class=\"bumpedFont15\">Moda<\/span><\/span><span class=\"s5\"><span class=\"bumpedFont15\">li<\/span><\/span><span class=\"s5\"><span class=\"bumpedFont15\">dade de Preg\u00e3o Presencial n\u00b0 <\/span><\/span><span class=\"s5\"><span class=\"bumpedFont15\">0<\/span><\/span><span class=\"s5\"><span class=\"bumpedFont15\">3<\/span><\/span><span class=\"s5\"><span class=\"bumpedFont15\">1<\/span><\/span><span class=\"s5\"><span class=\"bumpedFont15\">\/202<\/span><\/span><span class=\"s5\"><span class=\"bumpedFont15\">4<\/span><\/span><\/p>\n<p class=\"s8\" style=\"text-align: center;\"><span class=\"s6\"><span class=\"bumpedFont15\">O Munic\u00edpio de DESCOBERTO, na forma da lei, faz saber a todos quantos o presente edital virem, ou dele conhecimento tiverem<\/span><\/span><span class=\"s6\"><span class=\"bumpedFont15\">, que a par<\/span><\/span><span class=\"s6\"><span class=\"bumpedFont15\">tir das <\/span><\/span><span class=\"s6\"><span class=\"bumpedFont15\">13<\/span><\/span><span class=\"s6\"><span class=\"bumpedFont15\">:<\/span><\/span><span class=\"s6\"><span class=\"bumpedFont15\">3<\/span><\/span><span class=\"s6\"><span class=\"bumpedFont15\">0h <\/span><\/span><span class=\"s6\"><span class=\"bumpedFont15\">do dia <\/span><\/span><span class=\"s6\"><span class=\"bumpedFont15\">10<\/span><\/span><span class=\"s6\"><span class=\"bumpedFont15\"> de <\/span><\/span><span class=\"s6\"><span class=\"bumpedFont15\">Outubro<\/span><\/span><span class=\"s6\"><span class=\"bumpedFont15\"> de 202<\/span><\/span><span class=\"s6\"><span class=\"bumpedFont15\">4<\/span><\/span><span class=\"s6\"><span class=\"bumpedFont15\">, na Prefeitura Municipal na sala da comiss\u00e3o de licita\u00e7\u00e3o, localizada na rua CAPIT\u00c3O BAS\u00cdLIO, n\u00b0 39, bairro CENTRO, munic\u00edpio de DESCOBERTO, ser\u00e1 realizada licita\u00e7\u00e3o <\/span><\/span><span class=\"s6\"><span class=\"bumpedFont15\">na modalidade <\/span><\/span><span class=\"s6\"><span class=\"bumpedFont15\">PREG\u00c3O PRESENCIAL, ob<\/span><\/span><span class=\"s6\"><span class=\"bumpedFont15\">jetivando o <\/span><\/span><span class=\"s6\"><span class=\"bumpedFont15\">R<\/span><\/span><span class=\"s6\"><span class=\"bumpedFont15\">EGISTRO DE PRE\u00c7OS <\/span><\/span><span class=\"s6\"><span class=\"bumpedFont15\">PARA <\/span><\/span><span class=\"s6\"><span class=\"bumpedFont15\">A C<\/span><\/span><span class=\"s6\"><span class=\"bumpedFont15\">ONTRATA\u00c7\u00c3O DE <\/span><\/span><span class=\"s6\"><span class=\"bumpedFont15\">EMPRESA <\/span><\/span><span class=\"s6\"><span class=\"bumpedFont15\">PARA<\/span><\/span><span class=\"s6\"><span class=\"bumpedFont15\"> FORNECER EQUIPAMENTOS DE USO HOSPITALAR E DE CUIDADOS DOMICILIARES, ATRAV\u00c9S DE LOCA\u00c7\u00c3O<\/span><\/span><span class=\"s6\"><span class=\"bumpedFont15\">, ATENDENDO A SECRETARIA MUNICIPAL DE SA\u00daDE<\/span><\/span> <span class=\"s6\"><span class=\"bumpedFont15\">D<\/span><\/span><span class=\"s6\"><span class=\"bumpedFont15\">A PREFEITURA DE DESCOBERTO \u2013 MG<\/span><\/span><span class=\"s6\"><span class=\"bumpedFont15\">,<\/span><\/span> <span class=\"s6\"><span class=\"bumpedFont15\">tipo Menor Pre\u00e7o por Item<\/span><\/span><span class=\"s6\"><span class=\"bumpedFont15\">, <\/span><\/span><span class=\"s6\"><span class=\"bumpedFont15\">conforme consta no edital que se encontra \u00a0a disposi\u00e7\u00e3o de todos \u00a0os interessados na Prefeitura <\/span><\/span><span class=\"s6\"><span class=\"bumpedFont15\">Municipal, onde poder\u00e3o obt\u00ea-lo<\/span><\/span> <span class=\"s6\"><span class=\"bumpedFont15\">ou atrav\u00e9s do site<\/span><\/span> <a href=\"http:\/\/www.descoberto.mg.gov.br\/\"><span class=\"s7\"><span class=\"bumpedFont15\">http:\/\/www.descoberto.mg.gov.br<\/span><\/span><\/a> <span class=\"s6\"><span class=\"bumpedFont15\">. Para conhecimento de todo<\/span><\/span><span class=\"s6\"><span class=\"bumpedFont15\">s os interessados, expediu-se o presente que ser\u00e1 afixado no lugar de costume, publicando-se na fo<\/span><\/span><span class=\"s6\"><span class=\"bumpedFont15\">rma da lei. DESCOBERTO, <\/span><\/span><span class=\"s6\"><span class=\"bumpedFont15\">25<\/span><\/span><span class=\"s6\"><span class=\"bumpedFont15\"> de <\/span><\/span><span class=\"s6\"><span class=\"bumpedFont15\">s<\/span><\/span><span class=\"s6\"><span class=\"bumpedFont15\">etembro<\/span><\/span><span class=\"s6\"><span class=\"bumpedFont15\"> de 202<\/span><\/span><span class=\"s6\"><span class=\"bumpedFont15\">4<\/span><\/span><span class=\"s6\"><span class=\"bumpedFont15\">.<\/span><\/span><\/p>\n<p class=\"s8\" style=\"text-align: center;\">\n<p class=\"s8\" style=\"text-align: center;\">\n<p class=\"s4\" style=\"text-align: center;\"><span class=\"s9\"><span class=\"bumpedFont15\">________________<\/span><\/span><span class=\"s9\"><span class=\"bumpedFont15\">________________________________<\/span><\/span><span class=\"s9\"><span class=\"bumpedFont15\">_______________<\/span><\/span><\/p>\n<p class=\"s4\" style=\"text-align: center;\"><span class=\"s9\"><span class=\"bumpedFont15\">Rua: Capit\u00e3o Bas\u00edlio n\u00ba 39 &#8211; Centro &#8211; Descoberto &#8211; MG &#8211; Cep 36690-000<\/span><\/span><\/p>\n<p class=\"s4\" style=\"text-align: center;\"><span class=\"s9\"><span class=\"bumpedFont15\">Tele-fax (32<\/span><\/span><span class=\"s9\"><span class=\"bumpedFont15\">)<\/span><\/span><span class=\"s9\"><span class=\"bumpedFont15\"> 3265-1<\/span><\/span><span class=\"s9\"><span class=\"bumpedFont15\">740 \u2013 e-mail: <\/span><\/span><span class=\"s9\"><span class=\"bumpedFont15\">licitaca<\/span><\/span><span class=\"s9\"><span class=\"bumpedFont15\">o@descoberto.mg.gov.br<\/span><\/span><\/p>\n","protected":false},"excerpt":{"rendered":"<p>PREFEITURA MUNICIPAL DE DESCOBERTO AVISO DE LICITA\u00c7\u00c3O Processo Licitat\u00f3rio n\u00b0 079\/2024 Modalidade de Preg\u00e3o Presencial n\u00b0 031\/2024 O Munic\u00edpio de DESCOBERTO, na forma da lei, faz saber a todos quantos o presente edital virem, ou dele conhecimento tiverem, que a partir das 13:30h do dia 10 de Outubro de 2024, na Prefeitura Municipal na sala [&hellip;]<\/p>\n","protected":false},"author":246,"featured_media":0,"comment_status":"closed","ping_status":"closed","sticky":false,"template":"","format":"standard","meta":{"footnotes":""},"categories":[307],"tags":[],"class_list":["post-224744","post","type-post","status-publish","format-standard","hentry","category-editais"],"_links":{"self":[{"href":"https:\/\/diarioregionaldigital.com.br\/index.php?rest_route=\/wp\/v2\/posts\/224744","targetHints":{"allow":["GET"]}}],"collection":[{"href":"https:\/\/diarioregionaldigital.com.br\/index.php?rest_route=\/wp\/v2\/posts"}],"about":[{"href":"https:\/\/diarioregionaldigital.com.br\/index.php?rest_route=\/wp\/v2\/types\/post"}],"author":[{"embeddable":true,"href":"https:\/\/diarioregionaldigital.com.br\/index.php?rest_route=\/wp\/v2\/users\/246"}],"replies":[{"embeddable":true,"href":"https:\/\/diarioregionaldigital.com.br\/index.php?rest_route=%2Fwp%2Fv2%2Fcomments&post=224744"}],"version-history":[{"count":1,"href":"https:\/\/diarioregionaldigital.com.br\/index.php?rest_route=\/wp\/v2\/posts\/224744\/revisions"}],"predecessor-version":[{"id":224745,"href":"https:\/\/diarioregionaldigital.com.br\/index.php?rest_route=\/wp\/v2\/posts\/224744\/revisions\/224745"}],"wp:attachment":[{"href":"https:\/\/diarioregionaldigital.com.br\/index.php?rest_route=%2Fwp%2Fv2%2Fmedia&parent=224744"}],"wp:term":[{"taxonomy":"category","embeddable":true,"href":"https:\/\/diarioregionaldigital.com.br\/index.php?rest_route=%2Fwp%2Fv2%2Fcategories&post=224744"},{"taxonomy":"post_tag","embeddable":true,"href":"https:\/\/diarioregionaldigital.com.br\/index.php?rest_route=%2Fwp%2Fv2%2Ftags&post=224744"}],"curies":[{"name":"wp","href":"https:\/\/api.w.org\/{rel}","templated":true}]}}