{"id":224736,"date":"2024-09-24T20:52:27","date_gmt":"2024-09-24T23:52:27","guid":{"rendered":"https:\/\/diarioregionaldigital.com.br\/?p=224736"},"modified":"2024-09-24T20:52:27","modified_gmt":"2024-09-24T23:52:27","slug":"brasil-conquista-duas-medalhas-no-mundial-de-paraciclismo-de-estrada","status":"publish","type":"post","link":"https:\/\/diarioregionaldigital.com.br\/?p=224736","title":{"rendered":"Brasil conquista duas medalhas no Mundial de paraciclismo de estrada"},"content":{"rendered":"<p>O Brasil conquistou, nesta ter\u00e7a-feira (24) em Zurique (Su\u00ed\u00e7a), duas medalhas no Mundial de ciclismo paral\u00edmpico de estrada. As conquistas foram alcan\u00e7adas em provas de handbike (bicicletas impulsionadas com as m\u00e3os), pelo mineiro Marcos Melo J\u00fanior e pela paulista Gilmara Sol do Ros\u00e1rio.<img decoding=\"async\" src=\"https:\/\/agenciabrasil.ebc.com.br\/ebc.png?id=1613539&amp;o=node\" \/><img decoding=\"async\" src=\"https:\/\/agenciabrasil.ebc.com.br\/ebc.gif?id=1613539&amp;o=node\" \/><\/p>\n<p>A primeira conquista brasileira veio na classe H1, na qual Marcos Melo J\u00fanior fechou com o tempo de 38min35s40 para ficar com a prata. O ouro ficou com o italiano Fabrizio Cornegliani, com o tempo de 35min59s70. J\u00e1 o bronze foi conquistado pelo belga Maxime Hordies (38min45s19).<\/p>\n<p>J\u00e1 na classe H2 feminina, a paulista Gilmara Sol do Ros\u00e1rio alcan\u00e7ou o tempo de 28min50s16 para ficar com o bronze, enquanto a norte-americana Katie Brim ficou com o ouro (18min54s04) e a italiana Roberta Amadeo a prata (23min00s39).<\/p>\n<p>Desta forma o Brasil chegou ao total de tr\u00eas medalhas na competi\u00e7\u00e3o, pois, na \u00faltima segunda-feira (23), o paulista Lauro Chaman conquistou uma prata na classe C5 (atletas que competem em bicicletas convencionais) da prova de contrarel\u00f3gio.<\/p>\n<p>Fonte: Ag\u00eancia Brasil<\/p>\n","protected":false},"excerpt":{"rendered":"<p>O Brasil conquistou, nesta ter\u00e7a-feira (24) em Zurique (Su\u00ed\u00e7a), duas medalhas no Mundial de ciclismo paral\u00edmpico de estrada. As conquistas foram alcan\u00e7adas em provas de handbike (bicicletas impulsionadas com as m\u00e3os), pelo mineiro Marcos Melo J\u00fanior e pela paulista Gilmara Sol do Ros\u00e1rio. A primeira conquista brasileira veio na classe H1, na qual Marcos Melo [&hellip;]<\/p>\n","protected":false},"author":246,"featured_media":224737,"comment_status":"closed","ping_status":"closed","sticky":false,"template":"","format":"standard","meta":{"footnotes":""},"categories":[436,440,257,439],"tags":[],"class_list":["post-224736","post","type-post","status-publish","format-standard","has-post-thumbnail","hentry","category-destaque-da-semana","category-destaques-do-dia","category-esporte","category-ultima-hora"],"_links":{"self":[{"href":"https:\/\/diarioregionaldigital.com.br\/index.php?rest_route=\/wp\/v2\/posts\/224736","targetHints":{"allow":["GET"]}}],"collection":[{"href":"https:\/\/diarioregionaldigital.com.br\/index.php?rest_route=\/wp\/v2\/posts"}],"about":[{"href":"https:\/\/diarioregionaldigital.com.br\/index.php?rest_route=\/wp\/v2\/types\/post"}],"author":[{"embeddable":true,"href":"https:\/\/diarioregionaldigital.com.br\/index.php?rest_route=\/wp\/v2\/users\/246"}],"replies":[{"embeddable":true,"href":"https:\/\/diarioregionaldigital.com.br\/index.php?rest_route=%2Fwp%2Fv2%2Fcomments&post=224736"}],"version-history":[{"count":1,"href":"https:\/\/diarioregionaldigital.com.br\/index.php?rest_route=\/wp\/v2\/posts\/224736\/revisions"}],"predecessor-version":[{"id":224738,"href":"https:\/\/diarioregionaldigital.com.br\/index.php?rest_route=\/wp\/v2\/posts\/224736\/revisions\/224738"}],"wp:featuredmedia":[{"embeddable":true,"href":"https:\/\/diarioregionaldigital.com.br\/index.php?rest_route=\/wp\/v2\/media\/224737"}],"wp:attachment":[{"href":"https:\/\/diarioregionaldigital.com.br\/index.php?rest_route=%2Fwp%2Fv2%2Fmedia&parent=224736"}],"wp:term":[{"taxonomy":"category","embeddable":true,"href":"https:\/\/diarioregionaldigital.com.br\/index.php?rest_route=%2Fwp%2Fv2%2Fcategories&post=224736"},{"taxonomy":"post_tag","embeddable":true,"href":"https:\/\/diarioregionaldigital.com.br\/index.php?rest_route=%2Fwp%2Fv2%2Ftags&post=224736"}],"curies":[{"name":"wp","href":"https:\/\/api.w.org\/{rel}","templated":true}]}}