{"id":224730,"date":"2024-09-24T20:47:59","date_gmt":"2024-09-24T23:47:59","guid":{"rendered":"https:\/\/diarioregionaldigital.com.br\/?p=224730"},"modified":"2024-09-24T20:47:59","modified_gmt":"2024-09-24T23:47:59","slug":"minas-reforca-compromisso-com-transicao-energetica-e-descarbonizacao-durante-a-semana-do-clima-de-nova-iorque","status":"publish","type":"post","link":"https:\/\/diarioregionaldigital.com.br\/?p=224730","title":{"rendered":"Minas refor\u00e7a compromisso com transi\u00e7\u00e3o energ\u00e9tica e descarboniza\u00e7\u00e3o durante a Semana do Clima de Nova Iorque"},"content":{"rendered":"<p>O\u00a0<a href=\"https:\/\/www.mg.gov.br\/\" target=\"_blank\" rel=\"noopener\">Governo de Minas<\/a>\u00a0participa, at\u00e9 26\/9 (quinta-feira), da\u00a016\u00aa edi\u00e7\u00e3o da Semana do Clima de Nova Iorque, nos Estados Unidos, um dos principais eventos da agenda clim\u00e1tica mundial.<\/p>\n<p>Na segunda-feira (23\/9), a comitiva mineira, formada pelo vice-governador Professor Mateus e pela secret\u00e1ria de Estado de\u00a0<a href=\"http:\/\/www.meioambiente.mg.gov.br\/\" target=\"_blank\" rel=\"noopener\">Meio Ambiente e Desenvolvimento Sustent\u00e1vel<\/a>, Mar\u00edlia Melo, falou sobre transi\u00e7\u00e3o energ\u00e9tica e descarboniza\u00e7\u00e3o.<\/p>\n<p>Professor Mateus come\u00e7ou o dia participando do painel \u201cPromovendo a energia renov\u00e1vel na Am\u00e9rica Latina: o papel das empresas e dos governos subnacionais\u201d. O debate buscou explorar a participa\u00e7\u00e3o da iniciativa privada e dos Estados no avan\u00e7o da transi\u00e7\u00e3o energ\u00e9tica no continente.<\/p>\n<p>O vice-governador enfatizou que \u00e9 importante discutir as pol\u00edticas de cada fonte de energia para que sejam criadas solu\u00e7\u00f5es sustent\u00e1veis. Como exemplo, ele citou o fim da vida \u00fatil dos pain\u00e9is de energia fotovoltaica, assunto que precisa ser aprofundado. Ele tamb\u00e9m defendeu a eletricidade produzida por biomassa e que os governos precisam avan\u00e7ar na parte regulat\u00f3ria da referida matriz energ\u00e9tica.<\/p>\n<p>\u201cH\u00e1 muito preconceito contra a eletricidade produzida por biomassa, mas ela ainda \u00e9 mais verde do que as outras op\u00e7\u00f5es. Portanto, temos de trabalhar na parte regulat\u00f3ria\u201d, defendeu o vice-governador.<\/p>\n<p>Outro ponto defendido por Professor Mateus durante o debate foi o uso do etanol como combust\u00edvel de ve\u00edculos. \u201cCarros el\u00e9tricos ainda n\u00e3o s\u00e3o para todos. N\u00e3o d\u00e1 para ir por este caminho. Temos etanol e n\u00e3o d\u00e1 para acompanhar a Europa em quest\u00e3o de carros el\u00e9tricos\u201d, afirmou.<\/p>\n<p>O discurso vai ao encontro das a\u00e7\u00f5es de descarboniza\u00e7\u00e3o tomadas pelo Governo de Minas. A\u00a0<a href=\"https:\/\/www.cemig.com.br\/\" target=\"_blank\" rel=\"noopener\">Cemig<\/a>, por exemplo, passou a adotar o etanol como principal combust\u00edvel para a frota leve da companhia. Com a medida, mais de 112 toneladas de CO2 deixaram de ser lan\u00e7adas na atmosfera apenas no primeiro m\u00eas, contribuindo, dessa forma, para a redu\u00e7\u00e3o das emiss\u00f5es de gases de efeito estufa.<\/p>\n<p>Minas Gerais tamb\u00e9m est\u00e1 investindo em hidrog\u00eanio verde como uma alternativa para reduzir a depend\u00eancia de combust\u00edveis f\u00f3sseis. A empresa alem\u00e3 Neuman &amp; Esser est\u00e1 construindo uma f\u00e1brica pioneira na Am\u00e9rica Latina, com um investimento de R$ 70 milh\u00f5es. A f\u00e1brica de geradores de hidrog\u00eanio verde ser\u00e1 instalada em Belo Horizonte. A produ\u00e7\u00e3o inicial ser\u00e1 de m\u00f3dulos de 1 a 5 MW.<\/p>\n<p><strong>Descarboniza\u00e7\u00e3o do a\u00e7o<\/strong><\/p>\n<p>A secret\u00e1ria Mar\u00edlia Melo participou do painel \u201cForjando o futuro: como a a\u00e7\u00e3o do setor p\u00fablico pode apoiar a descarboniza\u00e7\u00e3o do a\u00e7o para criar um mercado de a\u00e7o l\u00edquido zero\u201d. O debate mostrou pol\u00edticas p\u00fablicas ao redor do mundo que est\u00e3o apoiando a transforma\u00e7\u00e3o em toda a ind\u00fastria.<\/p>\n<p>Em Minas, o Plano Estadual de A\u00e7\u00e3o Clim\u00e1tica (PLAC-MG) prev\u00ea a inser\u00e7\u00e3o e amplia\u00e7\u00e3o do uso do hidrog\u00eanio em processos industriais para a substitui\u00e7\u00e3o de combust\u00edveis e materiais, em especial na produ\u00e7\u00e3o sider\u00fargica.<\/p>\n<figure class=\"image\"><img decoding=\"async\" src=\"https:\/\/www.agenciaminas.mg.gov.br\/ckeditor_assets\/pictures\/21715\/content_whatsapp_image_2024-09-24_at_10_37_57.jpeg\" alt=\"\" \/><figcaption><sub><em>Imprensa MG \/ Divulga\u00e7\u00e3o<\/em><\/sub><\/figcaption><\/figure>\n<p>O documento tamb\u00e9m prega a amplia\u00e7\u00e3o do uso do carv\u00e3o vegetal e biomassa em processos industriais em substitui\u00e7\u00e3o parcial de agentes redutores f\u00f3sseis e\/ou fonte de combust\u00edvel.<\/p>\n<p>Mar\u00edlia Melo chamou a aten\u00e7\u00e3o para tecnologias que s\u00e3o necess\u00e1rias para fazer a transforma\u00e7\u00e3o de energia que ir\u00e1 garantir a descarboniza\u00e7\u00e3o do mercado do a\u00e7o. A secret\u00e1ria alertou para os custos envolvidos no processo e que este \u00e9 o maior desafio para pa\u00edses como o Brasil, refor\u00e7ando a necessidade de financiamento internacional para que as empresas, sobretudo as pequenas e m\u00e9dias, avancem.<\/p>\n<p>\u201cTemos que pensar em financiamento internacional para ajud\u00e1-las a avan\u00e7ar em tecnologia e produ\u00e7\u00e3o. Isso \u00e9 muito importante. Se n\u00e3o fizermos isso, causaremos um problema social, j\u00e1 que apenas grandes empresas ter\u00e3o condi\u00e7\u00f5es de custear as tecnologias necess\u00e1rias para a transi\u00e7\u00e3o energ\u00e9tica\u201d, disse.<\/p>\n<p>No estado, a ind\u00fastria do a\u00e7o j\u00e1 vem adotando iniciativas para se adaptar \u00e0 descarboniza\u00e7\u00e3o, como a cria\u00e7\u00e3o do Centro de Descarboniza\u00e7\u00e3o Industrial pela ArcelorMittal e a Federa\u00e7\u00e3o das Ind\u00fastrias de Minas Gerais (Fiemg) e iniciativas de pesquisa e desenvolvimento por parte das empresas. Al\u00e9m disso, a Usiminas anunciou um plano para reduzir em 15% as emiss\u00f5es de gases de efeito estufa por tonelada de a\u00e7o at\u00e9 2030.<\/p>\n<p><strong>Semana do Clima de Nova Iorque<\/strong><\/p>\n<p>A comitiva do Governo de Minas tamb\u00e9m esteve em outros pain\u00e9is e seguir\u00e1 participando da Semana do Clima de Nova Iorque ao longo dos pr\u00f3ximos dias.<\/p>\n<p>A Semana do Clima \u00e9 um dos principais eventos da agenda clim\u00e1tica mundial, organizado pelo Climate Group, em parceria com a Organiza\u00e7\u00e3o das Na\u00e7\u00f5es Unidas (ONU). Neste ano, os governos subnacionais est\u00e3o protagonizando os debates ao lado da iniciativa privada para que, juntos, trabalhem no impulsionamento da transi\u00e7\u00e3o energ\u00e9tica.<\/p>\n<p>Anualmente, a Semana do Clima re\u00fane l\u00edderes mundiais e representantes de diversos pa\u00edses e estados nas \u00e1reas de neg\u00f3cios, governo, sociedade civil e setor clim\u00e1tico.<\/p>\n<p>Fonte: Ag\u00eancia Minas<\/p>\n","protected":false},"excerpt":{"rendered":"<p>O\u00a0Governo de Minas\u00a0participa, at\u00e9 26\/9 (quinta-feira), da\u00a016\u00aa edi\u00e7\u00e3o da Semana do Clima de Nova Iorque, nos Estados Unidos, um dos principais eventos da agenda clim\u00e1tica mundial. Na segunda-feira (23\/9), a comitiva mineira, formada pelo vice-governador Professor Mateus e pela secret\u00e1ria de Estado de\u00a0Meio Ambiente e Desenvolvimento Sustent\u00e1vel, Mar\u00edlia Melo, falou sobre transi\u00e7\u00e3o energ\u00e9tica e descarboniza\u00e7\u00e3o. [&hellip;]<\/p>\n","protected":false},"author":246,"featured_media":224731,"comment_status":"closed","ping_status":"closed","sticky":false,"template":"","format":"standard","meta":{"footnotes":""},"categories":[436,261,254,252,439],"tags":[],"class_list":["post-224730","post","type-post","status-publish","format-standard","has-post-thumbnail","hentry","category-destaque-da-semana","category-economia","category-politica","category-regiao","category-ultima-hora"],"_links":{"self":[{"href":"https:\/\/diarioregionaldigital.com.br\/index.php?rest_route=\/wp\/v2\/posts\/224730","targetHints":{"allow":["GET"]}}],"collection":[{"href":"https:\/\/diarioregionaldigital.com.br\/index.php?rest_route=\/wp\/v2\/posts"}],"about":[{"href":"https:\/\/diarioregionaldigital.com.br\/index.php?rest_route=\/wp\/v2\/types\/post"}],"author":[{"embeddable":true,"href":"https:\/\/diarioregionaldigital.com.br\/index.php?rest_route=\/wp\/v2\/users\/246"}],"replies":[{"embeddable":true,"href":"https:\/\/diarioregionaldigital.com.br\/index.php?rest_route=%2Fwp%2Fv2%2Fcomments&post=224730"}],"version-history":[{"count":1,"href":"https:\/\/diarioregionaldigital.com.br\/index.php?rest_route=\/wp\/v2\/posts\/224730\/revisions"}],"predecessor-version":[{"id":224732,"href":"https:\/\/diarioregionaldigital.com.br\/index.php?rest_route=\/wp\/v2\/posts\/224730\/revisions\/224732"}],"wp:featuredmedia":[{"embeddable":true,"href":"https:\/\/diarioregionaldigital.com.br\/index.php?rest_route=\/wp\/v2\/media\/224731"}],"wp:attachment":[{"href":"https:\/\/diarioregionaldigital.com.br\/index.php?rest_route=%2Fwp%2Fv2%2Fmedia&parent=224730"}],"wp:term":[{"taxonomy":"category","embeddable":true,"href":"https:\/\/diarioregionaldigital.com.br\/index.php?rest_route=%2Fwp%2Fv2%2Fcategories&post=224730"},{"taxonomy":"post_tag","embeddable":true,"href":"https:\/\/diarioregionaldigital.com.br\/index.php?rest_route=%2Fwp%2Fv2%2Ftags&post=224730"}],"curies":[{"name":"wp","href":"https:\/\/api.w.org\/{rel}","templated":true}]}}