{"id":224727,"date":"2024-09-24T20:46:56","date_gmt":"2024-09-24T23:46:56","guid":{"rendered":"https:\/\/diarioregionaldigital.com.br\/?p=224727"},"modified":"2024-09-24T20:46:56","modified_gmt":"2024-09-24T23:46:56","slug":"governo-de-minas-impulsiona-sistema-de-controle-interno-no-estado","status":"publish","type":"post","link":"https:\/\/diarioregionaldigital.com.br\/?p=224727","title":{"rendered":"Governo de Minas impulsiona sistema de controle interno no estado"},"content":{"rendered":"<p>O Conselho Estadual de Controle Interno de Minas Gerais (Coneci-MG) acaba de atingir o marco de cem membros. Fundado no final de 2023, o conselho est\u00e1 presente em 89 munic\u00edpios mineiros e re\u00fane integrantes dos poderes Executivo e Legislativo.<\/p>\n<p>Capitaneado pela\u00a0<a href=\"https:\/\/www.cge.mg.gov.br\/\" target=\"_blank\" rel=\"noopener\">Controladoria-Geral do Estado de Minas Gerais (CGE)<\/a>, o Coneci-MG foi institu\u00eddo com o objetivo de fortalecer o sistema de controle interno mineiro, cujas fun\u00e7\u00f5es v\u00e3o desde a auditoria interna governamental, correi\u00e7\u00e3o, transpar\u00eancia, integridade e ouvidoria.<\/p>\n<p>Hoje, o sistema de controle interno dos munic\u00edpios brasileiros apresenta n\u00edvel intermedi\u00e1rio ou inferior de estrutura\u00e7\u00e3o. No Sudeste do pa\u00eds, esse desafio \u00e9 ainda maior, dado ao elevado n\u00famero de munic\u00edpios de pequeno porte que, normalmente, apresentam baixa capacidade financeira e t\u00e9cnica, gerando obst\u00e1culos para exercerem seus papeis de controle de forma aut\u00f4noma e efetiva.<\/p>\n<p>\u201cFazem parte do Coneci-MG os munic\u00edpios mais populosos e com as maiores arrecada\u00e7\u00f5es do estado, como Belo Horizonte, Uberl\u00e2ndia, Contagem e Juiz de Fora, cidades que possuem controles robustos e estruturados. Ao mesmo tempo, recebemos munic\u00edpios menores, como Ara\u00e7a\u00ed, que conta com pouco mais de 2 mil habitantes\u201d, comenta o controlador-geral e atual presidente do Coneci-MG, Rodrigo Fontenelle.<\/p>\n<p>\u201cPor meio da coopera\u00e7\u00e3o, do trabalho articulado e do compartilhamento de informa\u00e7\u00f5es, Estado e Munic\u00edpios se apoiam mutuamente. Essa parceria \u00e9 essencial para que possamos superar disparidades e alavancar o desenvolvimento econ\u00f4mico e social em Minas Gerais\u201d, conclui Fontenelle.<\/p>\n<p><strong>Avan\u00e7os<\/strong><\/p>\n<p>Servidores das cidades de Belo Horizonte, Manhua\u00e7u, Uberl\u00e2ndia, Curvelo e da regi\u00e3o do Vale do L\u00edtio receberam aprimoramento profissional gratuito promovido pelo Coneci-MG e institui\u00e7\u00f5es parceiras.<\/p>\n<p>Com turmas presenciais, a iniciativa teve como objetivo disseminar conhecimento e boas pr\u00e1ticas de governan\u00e7a e gest\u00e3o p\u00fablica.<\/p>\n<p>Nos meses de agosto e setembro o conselho realiza, pela internet, o Ciclo de Capacita\u00e7\u00f5es voltado aos agentes p\u00fablicos estaduais e municipais. At\u00e9 o momento, a CGE j\u00e1 emitiu mais de 3 mil certifica\u00e7\u00f5es em tem\u00e1ticas diversas como emendas parlamentares, gest\u00e3o patrimonial, aplica\u00e7\u00e3o da lei anticorrup\u00e7\u00e3o e outros.<\/p>\n<p>O Ciclo de Capacita\u00e7\u00f5es est\u00e1 com vagas abertas e as inscri\u00e7\u00f5es podem ser realizadas\u00a0<a href=\"https:\/\/cge.mg.gov.br\/noticias-artigos\/1338-coneci-mg-promove-ciclo-de-capacitacoes-nos-meses-de-agosto-e-setembro\" target=\"_blank\" rel=\"noopener\">neste link<\/a>.<\/p>\n<p><strong>Sobre o conselho<\/strong><\/p>\n<p>O Conselho Estadual de Controle Interno de Minas Gerais (Coneci-MG) \u00e9 uma associa\u00e7\u00e3o de direito privado que re\u00fane controles internos do Poder Executivo do Estado de Minas Gerais e dos poderes Executivo e Legislativo dos munic\u00edpios mineiros. Mais informa\u00e7\u00f5es est\u00e3o dispon\u00edveis no\u00a0<a href=\"https:\/\/www.agenciaminas.mg.gov.br\/ckeditor_assets\/attachments\/21720\/portifolio_coneci-mg_2024.pdf\" target=\"_blank\" rel=\"noopener\">portf\u00f3lio do conselho<\/a>.<\/p>\n<p>Fonte: Ag\u00eancia Minas<\/p>\n","protected":false},"excerpt":{"rendered":"<p>O Conselho Estadual de Controle Interno de Minas Gerais (Coneci-MG) acaba de atingir o marco de cem membros. Fundado no final de 2023, o conselho est\u00e1 presente em 89 munic\u00edpios mineiros e re\u00fane integrantes dos poderes Executivo e Legislativo. Capitaneado pela\u00a0Controladoria-Geral do Estado de Minas Gerais (CGE), o Coneci-MG foi institu\u00eddo com o objetivo de [&hellip;]<\/p>\n","protected":false},"author":246,"featured_media":224728,"comment_status":"closed","ping_status":"closed","sticky":false,"template":"","format":"standard","meta":{"footnotes":""},"categories":[436,440,261,254,252,439],"tags":[],"class_list":["post-224727","post","type-post","status-publish","format-standard","has-post-thumbnail","hentry","category-destaque-da-semana","category-destaques-do-dia","category-economia","category-politica","category-regiao","category-ultima-hora"],"_links":{"self":[{"href":"https:\/\/diarioregionaldigital.com.br\/index.php?rest_route=\/wp\/v2\/posts\/224727","targetHints":{"allow":["GET"]}}],"collection":[{"href":"https:\/\/diarioregionaldigital.com.br\/index.php?rest_route=\/wp\/v2\/posts"}],"about":[{"href":"https:\/\/diarioregionaldigital.com.br\/index.php?rest_route=\/wp\/v2\/types\/post"}],"author":[{"embeddable":true,"href":"https:\/\/diarioregionaldigital.com.br\/index.php?rest_route=\/wp\/v2\/users\/246"}],"replies":[{"embeddable":true,"href":"https:\/\/diarioregionaldigital.com.br\/index.php?rest_route=%2Fwp%2Fv2%2Fcomments&post=224727"}],"version-history":[{"count":1,"href":"https:\/\/diarioregionaldigital.com.br\/index.php?rest_route=\/wp\/v2\/posts\/224727\/revisions"}],"predecessor-version":[{"id":224729,"href":"https:\/\/diarioregionaldigital.com.br\/index.php?rest_route=\/wp\/v2\/posts\/224727\/revisions\/224729"}],"wp:featuredmedia":[{"embeddable":true,"href":"https:\/\/diarioregionaldigital.com.br\/index.php?rest_route=\/wp\/v2\/media\/224728"}],"wp:attachment":[{"href":"https:\/\/diarioregionaldigital.com.br\/index.php?rest_route=%2Fwp%2Fv2%2Fmedia&parent=224727"}],"wp:term":[{"taxonomy":"category","embeddable":true,"href":"https:\/\/diarioregionaldigital.com.br\/index.php?rest_route=%2Fwp%2Fv2%2Fcategories&post=224727"},{"taxonomy":"post_tag","embeddable":true,"href":"https:\/\/diarioregionaldigital.com.br\/index.php?rest_route=%2Fwp%2Fv2%2Ftags&post=224727"}],"curies":[{"name":"wp","href":"https:\/\/api.w.org\/{rel}","templated":true}]}}