{"id":224725,"date":"2024-09-24T01:52:42","date_gmt":"2024-09-24T04:52:42","guid":{"rendered":"https:\/\/diarioregionaldigital.com.br\/?p=224725"},"modified":"2024-09-24T01:52:42","modified_gmt":"2024-09-24T04:52:42","slug":"termo-de-adesao-076-24-09-2024","status":"publish","type":"post","link":"https:\/\/diarioregionaldigital.com.br\/?p=224725","title":{"rendered":"TERMO DE ADES\u00c3O 076 &#8211; 24\/09\/2024"},"content":{"rendered":"<div>\n<div class=\"s4\" style=\"text-align: center;\"><span class=\"s3\"><span class=\"bumpedFont15\">PREFEITURA MUNICIPAL DE DESCOBERTO<\/span><\/span><\/div>\n<\/div>\n<p class=\"s4\" style=\"text-align: center;\"><span class=\"s5\"><span class=\"bumpedFont17\">EXTRATO<\/span><\/span><span class=\"s5\"><span class=\"bumpedFont17\"> DE ADES\u00c3O A LICITA\u00c7\u00c2O &#8211; &#8220;CARONA&#8221;<\/span><\/span><\/p>\n<p class=\"s4\" style=\"text-align: center;\">\n<p class=\"s4\" style=\"text-align: center;\"><span class=\"s6\">Licita\u00e7\u00e3o n\u00b0 0<\/span><span class=\"s6\">7<\/span><span class=\"s6\">6<\/span><span class=\"s6\">\/202<\/span><span class=\"s6\">4<\/span><\/p>\n<p class=\"s4\" style=\"text-align: center;\"><span class=\"s6\">Termo de Ades\u00e3o a Licita\u00e7\u00e3o<\/span><\/p>\n<p class=\"s7\" style=\"text-align: center;\">O Munic\u00edpio de DESCOBERTO, na forma da lei, faz saber a todos quantos o presente virem, ou dele conhecimento tiverem, que aderiu \u00e0 licita\u00e7\u00e3o n\u00ba 046\/2023, promovida pelo CIMPAR- CONS\u00d3RCIO INTERMUNICIPAL MULTIFINALIT\u00c1RIO DO VALE PARAIBUNA desenvolvida sob a modalidade de Preg\u00e3o Presencial n\u00ba 027\/2023, desenvolvida sob o sistema de registro de pre\u00e7os. Por conta da referida ades\u00e3o, foi firmado o contrato n\u00b0 ATA 215\/2024 tendo como partes o munic\u00edpio DESCOBERTO e a empresa NUTRI CORPFARAMAC\u00caUTICA LTA, no valor de R$ 3.438,00, cuja \u00edntegra se encontra arquivada e a disposi\u00e7\u00e3o para consulta. Para conhecimento de todos os interessados, expediu-se o presente que ser\u00e1 afixado no lugar de costume, publicando-se na forma da lei. DESCOBERTO, dia 20 de setembro de 2024.<\/p>\n","protected":false},"excerpt":{"rendered":"<p>PREFEITURA MUNICIPAL DE DESCOBERTO EXTRATO DE ADES\u00c3O A LICITA\u00c7\u00c2O &#8211; &#8220;CARONA&#8221; Licita\u00e7\u00e3o n\u00b0 076\/2024 Termo de Ades\u00e3o a Licita\u00e7\u00e3o O Munic\u00edpio de DESCOBERTO, na forma da lei, faz saber a todos quantos o presente virem, ou dele conhecimento tiverem, que aderiu \u00e0 licita\u00e7\u00e3o n\u00ba 046\/2023, promovida pelo CIMPAR- CONS\u00d3RCIO INTERMUNICIPAL MULTIFINALIT\u00c1RIO DO VALE PARAIBUNA desenvolvida [&hellip;]<\/p>\n","protected":false},"author":246,"featured_media":0,"comment_status":"closed","ping_status":"closed","sticky":false,"template":"","format":"standard","meta":{"footnotes":""},"categories":[307],"tags":[],"class_list":["post-224725","post","type-post","status-publish","format-standard","hentry","category-editais"],"_links":{"self":[{"href":"https:\/\/diarioregionaldigital.com.br\/index.php?rest_route=\/wp\/v2\/posts\/224725","targetHints":{"allow":["GET"]}}],"collection":[{"href":"https:\/\/diarioregionaldigital.com.br\/index.php?rest_route=\/wp\/v2\/posts"}],"about":[{"href":"https:\/\/diarioregionaldigital.com.br\/index.php?rest_route=\/wp\/v2\/types\/post"}],"author":[{"embeddable":true,"href":"https:\/\/diarioregionaldigital.com.br\/index.php?rest_route=\/wp\/v2\/users\/246"}],"replies":[{"embeddable":true,"href":"https:\/\/diarioregionaldigital.com.br\/index.php?rest_route=%2Fwp%2Fv2%2Fcomments&post=224725"}],"version-history":[{"count":1,"href":"https:\/\/diarioregionaldigital.com.br\/index.php?rest_route=\/wp\/v2\/posts\/224725\/revisions"}],"predecessor-version":[{"id":224726,"href":"https:\/\/diarioregionaldigital.com.br\/index.php?rest_route=\/wp\/v2\/posts\/224725\/revisions\/224726"}],"wp:attachment":[{"href":"https:\/\/diarioregionaldigital.com.br\/index.php?rest_route=%2Fwp%2Fv2%2Fmedia&parent=224725"}],"wp:term":[{"taxonomy":"category","embeddable":true,"href":"https:\/\/diarioregionaldigital.com.br\/index.php?rest_route=%2Fwp%2Fv2%2Fcategories&post=224725"},{"taxonomy":"post_tag","embeddable":true,"href":"https:\/\/diarioregionaldigital.com.br\/index.php?rest_route=%2Fwp%2Fv2%2Ftags&post=224725"}],"curies":[{"name":"wp","href":"https:\/\/api.w.org\/{rel}","templated":true}]}}