{"id":224722,"date":"2024-09-23T21:19:23","date_gmt":"2024-09-24T00:19:23","guid":{"rendered":"https:\/\/diarioregionaldigital.com.br\/?p=224722"},"modified":"2024-09-23T21:19:23","modified_gmt":"2024-09-24T00:19:23","slug":"nova-linha-milho-branco-647-atende-duas-ruas-ineditas-a-partir-desta-quarta-feira-25","status":"publish","type":"post","link":"https:\/\/diarioregionaldigital.com.br\/?p=224722","title":{"rendered":"Nova linha Milho Branco \u2013 647 atende duas ruas in\u00e9ditas a partir desta quarta-feira, 25"},"content":{"rendered":"<p>Segundo informa\u00e7\u00f5es do site da Prefeitura de Juiz de Fora (PJF), as ruas Daniele Lamarca Pereira Esquina e Rua Jos\u00e9 Barbosa de Almeida, localizadas no bairro Milho Branco, passam a receber atendimento do transporte coletivo urbana pela primeira vez com a nova linha 647 que come\u00e7a a circular a partir desta quarta-feira, 25. Confira abaixo o itiner\u00e1rio da linha e em anexo o quadro de hor\u00e1rios.<\/p>\n<div id=\"box_texto_noticia\">\n<p>&nbsp;<\/p>\n<p><strong>Linha Milho Branco \u2013 647:<\/strong><\/p>\n<p>&nbsp;<\/p>\n<p>Itiner\u00e1rio sentido Milho Branco\/Centro:<\/p>\n<p>&nbsp;<\/p>\n<p>Rua Daniele Lamarca Pereira Esquina com Rua Jos\u00e9 Barbosa de Almeida &#8211; Ponto final, Rua Ivan Batista de Oliveira, Rua Azul, Rua Ab\u00edlio Gomes, Rua Tom\u00e1s Gonzaga, Av. Juscelino Kubitschek, Av. Olavo Bilac, Rua Bernardo Mascarenhas, Rua Tereza Cristina, Av. Cel. Vidal, Av. dos Andradas, Av. Rio Branco, Rua Chanceler Oswaldo Aranha, Rua S\u00e3o Mateus n\u00b0 251 &#8211; Ponto final.<\/p>\n<p>&nbsp;<\/p>\n<p>Itiner\u00e1rio sentido Centro\/Milho Branco:<\/p>\n<p>&nbsp;<\/p>\n<p>Rua S\u00e3o Mateus n\u00b0 251 &#8211; Ponto final, Rua Dr. Romualdo, Av. Rio Branco, Rua Silva Jardim, Av. Francisco Bernardino, Av. Rio Branco, Ponte \u00c9lson Duarte, Av. Brasil (margem esquerda), Ponte Domingos Alves Pereira, Av. Brasil (margem direita), Av. Juscelino Kubitschek, Rua Berta Halfeld Paleta, Rua Manoel Diniz da Silva, Rua Prof. Meton de Alencar, Rua Ab\u00edlio Gomes, Rua Jos\u00e9 Raimundo de Freitas, Rua Dona Maria Fortine, Rua Eng. Marcus Alves, Rua Eng. Giacomo Polito, Rua Paulo Rodrigues, Rua Ivan Batista de Oliveira, Rua Omar Baptista de Oliveira, Rua Jo\u00e3o Batista de Paula, Rua Ivan Batista de Oliveira, Rua Daniele Lamarca Pereira Esquina com Rua Jos\u00e9 Barbosa de Almeida \u2013 Ponto final.<\/p>\n<\/div>\n<p>&nbsp;<\/p>\n<div class=\"texto_anexo\"><img loading=\"lazy\" decoding=\"async\" src=\"https:\/\/www.pjf.mg.gov.br\/imagens\/clips.jpg\" width=\"22\" height=\"20\" \/>\u00a0<a href=\"https:\/\/www.pjf.mg.gov.br\/noticias\/anexo\/ilovepdf_merged(5).pdf\" target=\"_blank\" rel=\"noopener\">Veja o anexo<\/a><\/div>\n<p>&nbsp;<\/p>\n","protected":false},"excerpt":{"rendered":"<p>Segundo informa\u00e7\u00f5es do site da Prefeitura de Juiz de Fora (PJF), as ruas Daniele Lamarca Pereira Esquina e Rua Jos\u00e9 Barbosa de Almeida, localizadas no bairro Milho Branco, passam a receber atendimento do transporte coletivo urbana pela primeira vez com a nova linha 647 que come\u00e7a a circular a partir desta quarta-feira, 25. Confira abaixo [&hellip;]<\/p>\n","protected":false},"author":246,"featured_media":224723,"comment_status":"closed","ping_status":"closed","sticky":false,"template":"","format":"standard","meta":{"footnotes":""},"categories":[253,436,440,439],"tags":[],"class_list":["post-224722","post","type-post","status-publish","format-standard","has-post-thumbnail","hentry","category-cidade","category-destaque-da-semana","category-destaques-do-dia","category-ultima-hora"],"_links":{"self":[{"href":"https:\/\/diarioregionaldigital.com.br\/index.php?rest_route=\/wp\/v2\/posts\/224722","targetHints":{"allow":["GET"]}}],"collection":[{"href":"https:\/\/diarioregionaldigital.com.br\/index.php?rest_route=\/wp\/v2\/posts"}],"about":[{"href":"https:\/\/diarioregionaldigital.com.br\/index.php?rest_route=\/wp\/v2\/types\/post"}],"author":[{"embeddable":true,"href":"https:\/\/diarioregionaldigital.com.br\/index.php?rest_route=\/wp\/v2\/users\/246"}],"replies":[{"embeddable":true,"href":"https:\/\/diarioregionaldigital.com.br\/index.php?rest_route=%2Fwp%2Fv2%2Fcomments&post=224722"}],"version-history":[{"count":1,"href":"https:\/\/diarioregionaldigital.com.br\/index.php?rest_route=\/wp\/v2\/posts\/224722\/revisions"}],"predecessor-version":[{"id":224724,"href":"https:\/\/diarioregionaldigital.com.br\/index.php?rest_route=\/wp\/v2\/posts\/224722\/revisions\/224724"}],"wp:featuredmedia":[{"embeddable":true,"href":"https:\/\/diarioregionaldigital.com.br\/index.php?rest_route=\/wp\/v2\/media\/224723"}],"wp:attachment":[{"href":"https:\/\/diarioregionaldigital.com.br\/index.php?rest_route=%2Fwp%2Fv2%2Fmedia&parent=224722"}],"wp:term":[{"taxonomy":"category","embeddable":true,"href":"https:\/\/diarioregionaldigital.com.br\/index.php?rest_route=%2Fwp%2Fv2%2Fcategories&post=224722"},{"taxonomy":"post_tag","embeddable":true,"href":"https:\/\/diarioregionaldigital.com.br\/index.php?rest_route=%2Fwp%2Fv2%2Ftags&post=224722"}],"curies":[{"name":"wp","href":"https:\/\/api.w.org\/{rel}","templated":true}]}}