{"id":224716,"date":"2024-09-23T21:11:45","date_gmt":"2024-09-24T00:11:45","guid":{"rendered":"https:\/\/diarioregionaldigital.com.br\/?p=224716"},"modified":"2024-09-23T21:11:45","modified_gmt":"2024-09-24T00:11:45","slug":"governo-de-minas-abre-a-semana-florestal-2024-com-acoes-de-plantio-em-todos-os-municipios","status":"publish","type":"post","link":"https:\/\/diarioregionaldigital.com.br\/?p=224716","title":{"rendered":"Governo de Minas abre a Semana Florestal 2024 com a\u00e7\u00f5es de plantio em todos os munic\u00edpios"},"content":{"rendered":"<p>O lan\u00e7amento da Semana Florestal 2024 ocorreu neste fim de semana e em uma data significativa. No s\u00e1bado (21\/9), quando \u00e9 celebrado o Dia da \u00c1rvore, o\u00a0<a href=\"https:\/\/www.ief.mg.gov.br\/\" target=\"_blank\" rel=\"noopener\">Instituto Estadual de Florestas (IEF)<\/a>\u00a0promoveu o plantio de mudas de esp\u00e9cies nativas do Cerrado e Mata Atl\u00e2ntica no Parque Estadual Serra Verde, em Belo Horizonte.<\/p>\n<p>Por meio de parceria com a\u00a0<a href=\"https:\/\/www.emater.mg.gov.br\/\" target=\"_blank\" rel=\"noopener noreferrer\">Empresa de Assist\u00eancia T\u00e9cnica e Extens\u00e3o Rural do Estado de Minas Gerais (Emater-MG)<\/a>, a\u00a0<a href=\"https:\/\/www.policiamilitar.mg.gov.br\/\" target=\"_blank\" rel=\"noopener\">Pol\u00edcia Militar de Minas Gerais (PMMG)<\/a>\u00a0e a Funda\u00e7\u00e3o Pit\u00e1goras, a a\u00e7\u00e3o ser\u00e1 replicada em todos os 853 munic\u00edpios mineiros.<\/p>\n<p>Neste ano, a Semana Florestal traz o tema &#8220;Urg\u00eancia verde: construindo um futuro sustent\u00e1vel&#8221;. Nesse momento, com mais de 150 dias consecutivos sem chuvas significativas, altas temperaturas e baixa umidade relativa do ar, a preserva\u00e7\u00e3o dessas \u00e1reas representa um f\u00f4lego, e as a\u00e7\u00f5es de plantio desenvolvidas pelo \u00f3rg\u00e3o ambiental s\u00e3o essenciais na reposi\u00e7\u00e3o da vegeta\u00e7\u00e3o, t\u00e3o importante para a captura de carbono e a melhoria do clima.<\/p>\n<p>O evento de lan\u00e7amento come\u00e7ou com a realiza\u00e7\u00e3o da chamada &#8220;Trilha da \u00c1rvore&#8221;, com participa\u00e7\u00e3o de autoridades, institui\u00e7\u00f5es parceiras e alunos do 5\u00b0 ao 8\u00b0 ano do Col\u00e9gio Tiradentes.<\/p>\n<p>Ap\u00f3s percorrerem os caminhos do Parque Estadual Serra Verde, o grupo realizou o plantio de esp\u00e9cies como pau-brasil, copa\u00edba, embiru\u00e7u, jatob\u00e1, ip\u00ea branco e ip\u00ea verde.<\/p>\n<figure class=\"image\"><img decoding=\"async\" src=\"https:\/\/www.agenciaminas.mg.gov.br\/ckeditor_assets\/pictures\/21703\/content_15.jpeg\" alt=\"\" \/><figcaption><sub><em>Robson Santos \/ Sisema<\/em><\/sub><\/figcaption><\/figure>\n<p>O secret\u00e1rio de Estado Adjunto de\u00a0<a href=\"http:\/\/www.meioambiente.mg.gov.br\/\" target=\"_blank\" rel=\"noopener\">Meio Ambiente e Desenvolvimento Sustent\u00e1vel de Minas Gerais<\/a>, Leonardo Rodrigues, falou da import\u00e2ncia da a\u00e7\u00e3o educativa.<\/p>\n<p>&#8220;A conscientiza\u00e7\u00e3o \u00e9 o caminho mais importante para que a gente prolongue a nossa a\u00e7\u00e3o de preserva\u00e7\u00e3o ambiental e da biodiversidade em Minas. \u00c9 uma semana que tamb\u00e9m precisamos lembrar da import\u00e2ncia da preven\u00e7\u00e3o a inc\u00eandios, que t\u00eam gerado danos muito graves no estado. A gente precisa do apoio de toda a sociedade nessa a\u00e7\u00e3o&#8221;, avaliou.<\/p>\n<p>O estudante Gabriel Santana, do 7\u00ba ano do Col\u00e9gio Tiradentes, comemorou a experi\u00eancia de ter realizado seu primeiro plantio de \u00e1rvore.<\/p>\n<p>&#8220;Gostei muito desse projeto. Foi a minha primeira vez plantando. Ajudei o meio ambiente e tenho certeza que ele tamb\u00e9m vai nos retribuir&#8221;, disse.<\/p>\n<p><strong>Parcerias<\/strong><\/p>\n<p>O diretor-geral do IEF, Breno Lasmar, celebrou as parcerias e o envolvimento das comunidades na Semana Florestal.<\/p>\n<p>&#8220;Enxergamos esta abertura como um momento para trazer representantes de diferentes institui\u00e7\u00f5es e tamb\u00e9m membros das comunidades para essa reflex\u00e3o com rela\u00e7\u00e3o \u00e0s mudan\u00e7as clim\u00e1ticas. Tudo come\u00e7a pelo contato com a natureza, passando por aqui, pelos parques e Unidades de Conserva\u00e7\u00e3o que o IEF administra no Estado&#8221;, afirmou.<\/p>\n<p>O diretor-presidente da Emater, Ot\u00e1vio Martins Maia, disse que o envolvimento do setor produtivo \u00e9 essencial para o sucesso das a\u00e7\u00f5es.<\/p>\n<p>&#8220;N\u00f3s do setor produtivo e agropecu\u00e1rio temos essa consci\u00eancia di\u00e1ria que precisamos conservar nosso meio ambiente. Levar esse movimento para todos os munic\u00edpios do estado \u00e9 fundamental para unir o desenvolvimento do pa\u00eds com a preserva\u00e7\u00e3o da natureza para as pr\u00f3ximas gera\u00e7\u00f5es&#8221;, pontuou.<\/p>\n<p><strong>Programa\u00e7\u00e3o em todo o estado<\/strong><\/p>\n<p>Por meio das 95 Unidades de Conserva\u00e7\u00e3o (UCs) administradas pelo IEF, Minas Gerais preserva uma \u00e1rea total de 2,38 milh\u00f5es de hectares.<\/p>\n<p>Ao longo da semana, diversas atividades comp\u00f5em a programa\u00e7\u00e3o da Semana Florestal 2024 em Belo Horizonte e nessas UCs. A agenda inclui capacita\u00e7\u00f5es, webinares, atividades educativas, passeios ecol\u00f3gicos, entre outros.<\/p>\n<p>Tamb\u00e9m neste primeiro dia de celebra\u00e7\u00e3o, o Parque Estadual Lapa Grande, em Montes Claros, convidou as comunidades de Olhos d&#8217;\u00e1gua e Buriti do Campo Santo para participar de um Dia de Campo.<\/p>\n<p>O evento teve como objetivo principal a preven\u00e7\u00e3o a inc\u00eandios florestais, oferecendo informa\u00e7\u00f5es essenciais para a prote\u00e7\u00e3o do meio ambiente e a seguran\u00e7a dos moradores.<\/p>\n<p><a href=\"https:\/\/drive.google.com\/file\/d\/17L0862aMGIEzFzGpv0jSBUSMGkIgFF8V\/view\" target=\"_blank\" rel=\"noopener\">Clique aqui<\/a>\u00a0e veja a programa\u00e7\u00e3o completa.<\/p>\n<p>Fonte: Ag\u00eancia Minas<\/p>\n","protected":false},"excerpt":{"rendered":"<p>O lan\u00e7amento da Semana Florestal 2024 ocorreu neste fim de semana e em uma data significativa. No s\u00e1bado (21\/9), quando \u00e9 celebrado o Dia da \u00c1rvore, o\u00a0Instituto Estadual de Florestas (IEF)\u00a0promoveu o plantio de mudas de esp\u00e9cies nativas do Cerrado e Mata Atl\u00e2ntica no Parque Estadual Serra Verde, em Belo Horizonte. Por meio de parceria [&hellip;]<\/p>\n","protected":false},"author":246,"featured_media":224717,"comment_status":"closed","ping_status":"closed","sticky":false,"template":"","format":"standard","meta":{"footnotes":""},"categories":[436,254,252,439],"tags":[],"class_list":["post-224716","post","type-post","status-publish","format-standard","has-post-thumbnail","hentry","category-destaque-da-semana","category-politica","category-regiao","category-ultima-hora"],"_links":{"self":[{"href":"https:\/\/diarioregionaldigital.com.br\/index.php?rest_route=\/wp\/v2\/posts\/224716","targetHints":{"allow":["GET"]}}],"collection":[{"href":"https:\/\/diarioregionaldigital.com.br\/index.php?rest_route=\/wp\/v2\/posts"}],"about":[{"href":"https:\/\/diarioregionaldigital.com.br\/index.php?rest_route=\/wp\/v2\/types\/post"}],"author":[{"embeddable":true,"href":"https:\/\/diarioregionaldigital.com.br\/index.php?rest_route=\/wp\/v2\/users\/246"}],"replies":[{"embeddable":true,"href":"https:\/\/diarioregionaldigital.com.br\/index.php?rest_route=%2Fwp%2Fv2%2Fcomments&post=224716"}],"version-history":[{"count":1,"href":"https:\/\/diarioregionaldigital.com.br\/index.php?rest_route=\/wp\/v2\/posts\/224716\/revisions"}],"predecessor-version":[{"id":224718,"href":"https:\/\/diarioregionaldigital.com.br\/index.php?rest_route=\/wp\/v2\/posts\/224716\/revisions\/224718"}],"wp:featuredmedia":[{"embeddable":true,"href":"https:\/\/diarioregionaldigital.com.br\/index.php?rest_route=\/wp\/v2\/media\/224717"}],"wp:attachment":[{"href":"https:\/\/diarioregionaldigital.com.br\/index.php?rest_route=%2Fwp%2Fv2%2Fmedia&parent=224716"}],"wp:term":[{"taxonomy":"category","embeddable":true,"href":"https:\/\/diarioregionaldigital.com.br\/index.php?rest_route=%2Fwp%2Fv2%2Fcategories&post=224716"},{"taxonomy":"post_tag","embeddable":true,"href":"https:\/\/diarioregionaldigital.com.br\/index.php?rest_route=%2Fwp%2Fv2%2Ftags&post=224716"}],"curies":[{"name":"wp","href":"https:\/\/api.w.org\/{rel}","templated":true}]}}