{"id":224668,"date":"2024-09-18T20:54:19","date_gmt":"2024-09-18T23:54:19","guid":{"rendered":"https:\/\/diarioregionaldigital.com.br\/?p=224668"},"modified":"2024-09-18T20:54:19","modified_gmt":"2024-09-18T23:54:19","slug":"governo-de-minas-promove-acao-educativa-com-simulacao-de-resgate-na-semana-nacional-de-transito","status":"publish","type":"post","link":"https:\/\/diarioregionaldigital.com.br\/?p=224668","title":{"rendered":"Governo de Minas promove a\u00e7\u00e3o educativa com simula\u00e7\u00e3o de resgate na Semana Nacional de Tr\u00e2nsito"},"content":{"rendered":"<p><main class=\"clear margin-md-bottom-3\"><\/p>\n<div class=\"clear \">\n<p>A\u00a0<a href=\"https:\/\/www.mg.gov.br\/planejamento\" target=\"_blank\" rel=\"noopener\">Secretaria de Estado de Planejamento e Gest\u00e3o (Seplag-MG)<\/a>, por meio da\u00a0<a href=\"https:\/\/www.transito.mg.gov.br\/\" target=\"_blank\" rel=\"noopener\">Coordenadoria Estadual de Gest\u00e3o de Tr\u00e2nsito (CET-MG)<\/a>, realizou, nesta quarta-feira (18\/9), uma a\u00e7\u00e3o educativa na Pra\u00e7a Tiradentes, em Belo Horizonte, como parte da programa\u00e7\u00e3o da Semana Nacional de Tr\u00e2nsito.<\/p>\n<p>Foi preparado um ambiente com simula\u00e7\u00e3o de resgate a feridos, em conjunto com as for\u00e7as de seguran\u00e7a de Minas Gerais e institui\u00e7\u00f5es integradas, em uma encena\u00e7\u00e3o de acidente com motocicleta, al\u00e9m da distribui\u00e7\u00e3o de materiais educativos.<\/p>\n<p>O resgate contou com a participa\u00e7\u00e3o do\u00a0<a href=\"https:\/\/www.bombeiros.mg.gov.br\/\" target=\"_blank\" rel=\"noopener\">Corpo de Bombeiros de Minas Gerais (CBMMG)<\/a>\u00a0e do Servi\u00e7o de Atendimento M\u00f3vel de Urg\u00eancia (Samu), com o objetivo de conscientizar sobre a import\u00e2ncia do uso de equipamentos de prote\u00e7\u00e3o individual e a necessidade de ado\u00e7\u00e3o de comportamentos seguros ao pilotar uma motocicleta.<\/p>\n<p>Com o tema \u201cPaz no tr\u00e2nsito come\u00e7a por voc\u00ea\u201d, as a\u00e7\u00f5es desta semana alcan\u00e7am motoristas, motociclistas, ciclistas e pedestres, que s\u00e3o convidados a observar seus comportamentos e refletir sobre suas a\u00e7\u00f5es no dia a dia no tr\u00e2nsito.<\/p>\n<figure class=\"image\"><img decoding=\"async\" src=\"https:\/\/www.agenciaminas.mg.gov.br\/ckeditor_assets\/pictures\/21690\/content_simulacao_3.jpeg\" alt=\"\" \/><figcaption><sub><em>Seplag-MG \/ Divulga\u00e7\u00e3o<\/em><\/sub><\/figcaption><\/figure>\n<p>\u201c\u00c9 fundamental refor\u00e7ar que o comportamento adequado nas vias p\u00fablicas n\u00e3o s\u00f3 preserva a vida, mas tamb\u00e9m promove uma conviv\u00eancia mais segura e harm\u00f4nica entre motoristas, pedestres e ciclistas. O respeito \u00e0s leis, a aten\u00e7\u00e3o redobrada e o senso de coletividade s\u00e3o essenciais para reduzir acidentes e garantir um tr\u00e2nsito mais humano\u201d, pontuou o chefe de Tr\u00e2nsito de Minas Gerais, Lucas Vilas Boas.<\/p>\n<p>Durante o evento, a equipe da Assessoria de Educa\u00e7\u00e3o para o Tr\u00e2nsito da CET-MG tamb\u00e9m realizou a distribui\u00e7\u00e3o de materiais educativos ao conversar com motoristas e pedestres, refor\u00e7ando que atitudes respons\u00e1veis e manter a tranquilidade no tr\u00e2nsito s\u00e3o fatores essenciais para a forma\u00e7\u00e3o de um ambiente mais seguro para todos os usu\u00e1rios das vias.<\/p>\n<p>A CET-MG atua na Semana Nacional de Tr\u00e2nsito em parceria com diversos \u00f3rg\u00e3os e entidades:\u00a0<a href=\"https:\/\/www.seguranca.mg.gov.br\/\" target=\"_blank\" rel=\"noopener\">Secretaria de Estado de Justi\u00e7a e Seguran\u00e7a P\u00fablica (Sejusp)<\/a>,\u00a0<a href=\"https:\/\/www.policiacivil.mg.gov.br\/\" target=\"_blank\" rel=\"noopener\">Pol\u00edcia Civil de Minas Gerais (PCMG)<\/a>,\u00a0<a href=\"https:\/\/www.policiamilitar.mg.gov.br\/\" target=\"_blank\" rel=\"noopener\">Pol\u00edcia Militar de Minas Gerais\u00a0 (PMMG)<\/a>, Corpo de Bombeiros Militar de Minas Gerais,\u00a0<a href=\"https:\/\/depen.seguranca.mg.gov.br\/\" target=\"_blank\" rel=\"noopener\">Departamento Penitenci\u00e1rio de Minas Gerais (Depen)<\/a>, Pol\u00edcia Rodovi\u00e1ria Federal (PRF), Guarda Civil Municipal de Belo Horizonte, Funda\u00e7\u00e3o Educacional Lucas Machado (Feluma), Faculdade Ci\u00eancias M\u00e9dicas de Minas Gerais, estudantes de enfermagem da UNA, Universidade Federal de Minas Gerais (UFMG), Observat\u00f3rio Nacional de Seguran\u00e7a Vi\u00e1ria, BHTrans, Sest Senat unidade Belo Horizonte &#8211; Serra Verde e Samu.<\/p>\n<p><strong>\u201cSaia dessa bolha\u201d<\/strong><\/p>\n<p>Outra a\u00e7\u00e3o que est\u00e1 sendo realizada na Pra\u00e7a Sete, Centro de Belo Horizonte, \u00e9 a exposi\u00e7\u00e3o Saia Dessa Bolha. De 17 a 27\/9, com o objetivo de chamar aten\u00e7\u00e3o de motoristas e pessoas que passam pela regi\u00e3o, um ve\u00edculo foi totalmente coberto por pl\u00e1stico bolha e exposto.<\/p>\n<p>Como o material \u00e9 comumente utilizado para proteger objetos, o ve\u00edculo pode trazer uma falsa imagem de seguran\u00e7a e prote\u00e7\u00e3o, mesmo se for conduzido sem respeitar as regras de tr\u00e2nsito.<\/p>\n<p>O impacto visual traz o conceito de que os motoristas n\u00e3o devem se enganar com a sensa\u00e7\u00e3o de que dentro de um ve\u00edculo t\u00eam mais prote\u00e7\u00e3o. A condu\u00e7\u00e3o deve sempre ser feita com muita aten\u00e7\u00e3o, sem distra\u00e7\u00f5es com celulares ou outros fatores.<\/p>\n<p><strong>Semana Nacional de Tr\u00e2nsito<\/strong><\/p>\n<p>A Semana Nacional de Tr\u00e2nsito \u00e9 realizada anualmente de 18 a 25\/9. Nesse per\u00edodo, \u00f3rg\u00e3os ligados ao tr\u00e2nsito, seguran\u00e7a p\u00fablica e membros da sociedade se unem para promover um tr\u00e2nsito mais seguro e pacifico. A Coordenadoria Estadual de Tr\u00e2nsito tamb\u00e9m participou da abertura nacional em Bras\u00edlia.<\/p>\n<p>Durante essa semana, diversas atividades educativas s\u00e3o realizadas por escolas, \u00f3rg\u00e3os de tr\u00e2nsito e organiza\u00e7\u00f5es n\u00e3o governamentais. Palestras, campanhas publicit\u00e1rias e a\u00e7\u00f5es interativas visam informar sobre os direitos e deveres de cada cidad\u00e3o nas vias, bem como os impactos das infra\u00e7\u00f5es no cotidiano da sociedade.<\/p>\n<p>Fonte: Ag\u00eancia Minas<\/p>\n<\/div>\n<p><\/main><\/p>\n","protected":false},"excerpt":{"rendered":"<p>A\u00a0Secretaria de Estado de Planejamento e Gest\u00e3o (Seplag-MG), por meio da\u00a0Coordenadoria Estadual de Gest\u00e3o de Tr\u00e2nsito (CET-MG), realizou, nesta quarta-feira (18\/9), uma a\u00e7\u00e3o educativa na Pra\u00e7a Tiradentes, em Belo Horizonte, como parte da programa\u00e7\u00e3o da Semana Nacional de Tr\u00e2nsito. Foi preparado um ambiente com simula\u00e7\u00e3o de resgate a feridos, em conjunto com as for\u00e7as de [&hellip;]<\/p>\n","protected":false},"author":246,"featured_media":224669,"comment_status":"closed","ping_status":"closed","sticky":false,"template":"","format":"standard","meta":{"footnotes":""},"categories":[436,261,254,252,439],"tags":[],"class_list":["post-224668","post","type-post","status-publish","format-standard","has-post-thumbnail","hentry","category-destaque-da-semana","category-economia","category-politica","category-regiao","category-ultima-hora"],"_links":{"self":[{"href":"https:\/\/diarioregionaldigital.com.br\/index.php?rest_route=\/wp\/v2\/posts\/224668","targetHints":{"allow":["GET"]}}],"collection":[{"href":"https:\/\/diarioregionaldigital.com.br\/index.php?rest_route=\/wp\/v2\/posts"}],"about":[{"href":"https:\/\/diarioregionaldigital.com.br\/index.php?rest_route=\/wp\/v2\/types\/post"}],"author":[{"embeddable":true,"href":"https:\/\/diarioregionaldigital.com.br\/index.php?rest_route=\/wp\/v2\/users\/246"}],"replies":[{"embeddable":true,"href":"https:\/\/diarioregionaldigital.com.br\/index.php?rest_route=%2Fwp%2Fv2%2Fcomments&post=224668"}],"version-history":[{"count":1,"href":"https:\/\/diarioregionaldigital.com.br\/index.php?rest_route=\/wp\/v2\/posts\/224668\/revisions"}],"predecessor-version":[{"id":224670,"href":"https:\/\/diarioregionaldigital.com.br\/index.php?rest_route=\/wp\/v2\/posts\/224668\/revisions\/224670"}],"wp:featuredmedia":[{"embeddable":true,"href":"https:\/\/diarioregionaldigital.com.br\/index.php?rest_route=\/wp\/v2\/media\/224669"}],"wp:attachment":[{"href":"https:\/\/diarioregionaldigital.com.br\/index.php?rest_route=%2Fwp%2Fv2%2Fmedia&parent=224668"}],"wp:term":[{"taxonomy":"category","embeddable":true,"href":"https:\/\/diarioregionaldigital.com.br\/index.php?rest_route=%2Fwp%2Fv2%2Fcategories&post=224668"},{"taxonomy":"post_tag","embeddable":true,"href":"https:\/\/diarioregionaldigital.com.br\/index.php?rest_route=%2Fwp%2Fv2%2Ftags&post=224668"}],"curies":[{"name":"wp","href":"https:\/\/api.w.org\/{rel}","templated":true}]}}