{"id":224665,"date":"2024-09-18T20:53:00","date_gmt":"2024-09-18T23:53:00","guid":{"rendered":"https:\/\/diarioregionaldigital.com.br\/?p=224665"},"modified":"2024-09-18T20:53:00","modified_gmt":"2024-09-18T23:53:00","slug":"reparacao-brumadinho-obra-na-rodovia-amg-930-entre-a-br-040-e-sao-jose-do-buriti-e-iniciada-em-felixlandia","status":"publish","type":"post","link":"https:\/\/diarioregionaldigital.com.br\/?p=224665","title":{"rendered":"Repara\u00e7\u00e3o Brumadinho: obra na rodovia AMG-930, entre a BR-040 e S\u00e3o Jos\u00e9 do Buriti, \u00e9 iniciada em Felixl\u00e2ndia"},"content":{"rendered":"<p>Foi emitida, nessa ter\u00e7a-feira (17\/9), a ordem de in\u00edcio para as obras de pavimenta\u00e7\u00e3o da rodovia AMG-930, que liga a BR-040 ao distrito de S\u00e3o Jos\u00e9 do Buriti, em Felixl\u00e2ndia.<\/p>\n<p>A iniciativa est\u00e1 sendo viabilizada com recursos do\u00a0<a href=\"https:\/\/www.mg.gov.br\/pro-brumadinho\/pagina\/entenda-o-acordo-judicial-de-reparacao-ao-rompimento-em-brumadinho\" target=\"_blank\" rel=\"noopener\">Acordo de Repara\u00e7\u00e3o<\/a>\u00a0ao rompimento das barragens da Vale em Brumadinho e foi definida a partir da Consulta Popular realizada nos 26 munic\u00edpios da regi\u00e3o atingida.<\/p>\n<p>Como resultado, a pavimenta\u00e7\u00e3o da rodovia estadual foi priorizada por 80,9% dos cidad\u00e3os, tendo sido o primeiro subtema mais votado no munic\u00edpio.<\/p>\n<p>A obra vai ser executada pela Prefeitura de Felixl\u00e2ndia e foi autorizada pelos compromitentes do Acordo Judicial: Governo de Minas, Minist\u00e9rio P\u00fablico de Minas Gerais (MPMG), Minist\u00e9rio P\u00fablico Federal (MPF) e Defensoria P\u00fablica de Minas Gerais (DPMG).<\/p>\n<p>O investimento previsto \u00e9 de R$ 69.994.460,59 e o valor est\u00e1 sendo repassado ao munic\u00edpio via conv\u00eanio celebrado em julho deste ano entre Estado e Munic\u00edpio.<\/p>\n<p>\u201cOs compromitentes de Brumadinho se re\u00fanem regularmente, pelo menos uma vez por semana, em agendas peri\u00f3dicas, com o objetivo de tirar o acordo do papel. N\u00f3s temos que estar aqui junto da popula\u00e7\u00e3o efetivamente trazendo mudan\u00e7a para a vida da popula\u00e7\u00e3o\u201d, afirmou o procurador da Rep\u00fablica da For\u00e7a Tarefa de Brumadinho, Carlos Bruno Ferreira da Silva.<\/p>\n<p>Al\u00e9m de fazer a liga\u00e7\u00e3o do munic\u00edpio com o distrito, que possui cerca de 800 habitantes, a AMG-930 possui um tr\u00e1fego intenso de ve\u00edculos de carga. A obra vai favorecer uma mobilidade mais segura e facilitar o acesso aos servi\u00e7os pela popula\u00e7\u00e3o. Al\u00e9m disso, ir\u00e1 fomentar a economia local.<\/p>\n<p><strong>Obras rodovi\u00e1rias da Bacia do Paraopeba<\/strong><\/p>\n<p>A obra na AMG-930 faz parte de um conjunto de seis iniciativas rodovi\u00e1rias para a Bacia do Paraopeba definidas na Consulta Popular.<\/p>\n<p>\u201cAcompanho os projetos das obras rodovi\u00e1rias da Bacia do Paraopeba quase que diariamente. Tive a felicidade de participar desde o in\u00edcio da licita\u00e7\u00e3o de todos. Parte da miss\u00e3o est\u00e1 cumprida: de ver todos estes empreendimentos andando. Do nosso lado, ainda vai ter muito empenho para a gente poder ver cada real deste recurso sendo bem aplicado e retornado para a popula\u00e7\u00e3o\u201d, disse o diretor-geral do Departamento de Estradas de Rodagem do Estado de Minas Gerais (DER-MG), Rodrigo Tavares.<\/p>\n<p>Veja abaixo quais s\u00e3o seis iniciativas e os respectivos status.<\/p>\n<p>1.\u00a0\u00a0\u00a0\u00a0\u00a0\u00a0\u00a0\u00a0 Melhoramento e pavimenta\u00e7\u00e3o do trecho Esmeraldas \u2013 S\u00e3o Jos\u00e9 da Varginha, na Rodovia MG-060 &#8211; iniciado em agosto de 2022; obra em conclus\u00e3o.<\/p>\n<p>2.\u00a0\u00a0\u00a0\u00a0\u00a0\u00a0\u00a0\u00a0 Melhoramento e pavimenta\u00e7\u00e3o do trecho Papagaios \u2013 Pomp\u00e9u na Rodovia MG-060 &#8211; iniciado em fevereiro de 2023; em execu\u00e7\u00e3o.<\/p>\n<p>3.\u00a0\u00a0\u00a0\u00a0\u00a0\u00a0\u00a0\u00a0 Asfaltamento da MG 415 at\u00e9 a 040 (Morada Nova de Minas): &#8211; in\u00edcio das obras em 23\/10\/2023; em execu\u00e7\u00e3o.<\/p>\n<p>4.\u00a0\u00a0\u00a0\u00a0\u00a0\u00a0\u00a0\u00a0 Trecho Abaet\u00e9 &#8211; Porto S\u00e3o Vicente (LMG-762): Licita\u00e7\u00e3o da prefeitura ocorrer\u00e1 em 31\/01\/2024, para contrata\u00e7\u00e3o de empresa de engenharia para execu\u00e7\u00e3o de obra e servi\u00e7os de melhoramento e pavimenta\u00e7\u00e3o da rodovia LMG-762. Ordem de in\u00edcio expedida em 4\/7\/2024.<\/p>\n<p>5.\u00a0\u00a0\u00a0\u00a0\u00a0\u00a0\u00a0\u00a0 Ponte sobre o Rio Paraopeba em Papagaios &#8211; Projeto executivo em elabora\u00e7\u00e3o.<\/p>\n<p>6.\u00a0\u00a0\u00a0\u00a0\u00a0\u00a0\u00a0\u00a0 Entroncamento na BR-040 at\u00e9 Distrito de S\u00e3o Jos\u00e9 do Buriti, em Felixl\u00e2ndia (AMG-930) \u2013 Ordem de in\u00edcio expedida em 17\/9<\/p>\n<p><strong>Repara\u00e7\u00e3o socioecon\u00f4mica<\/strong><\/p>\n<p>A Bacia do Rio Paraopeba conta com seis obras rodovi\u00e1rias cujo valor de investimento pode alcan\u00e7ar at\u00e9 R$ 580 milh\u00f5es.<\/p>\n<p>Estas iniciativas comp\u00f5em a repara\u00e7\u00e3o socioecon\u00f4mica, uma das frentes do Acordo Judicial, que visa reparar os danos decorrentes do rompimento das barragens da Vale em Brumadinho, que vitimou 272 pessoas e gerou uma s\u00e9rie de impactos sociais, ambientais e econ\u00f4micos na Bacia do Rio Paraopeba e em todo o estado.<\/p>\n<p>Na repara\u00e7\u00e3o socioecon\u00f4mica est\u00e3o previstos projetos em diversas \u00e1reas como agricultura, infraestrutura, mobilidade, educa\u00e7\u00e3o e sa\u00fade. O objetivo \u00e9 fortalecer os servi\u00e7os p\u00fablicos nestes munic\u00edpios, que foram duramente afetados pela trag\u00e9dia.<\/p>\n<p><strong>Outras iniciativas em Felixl\u00e2ndia<\/strong><\/p>\n<p>Felixl\u00e2ndia conta com diversas a\u00e7\u00f5es para o fortalecimento do servi\u00e7o p\u00fablico (Anexo I.3 do Acordo de Repara\u00e7\u00e3o) sendo realizadas. Entre elas a pavimenta\u00e7\u00e3o de vias urbanas e rurais no Centro, no bairro Pioneiros e no pr\u00f3prio distrito de S\u00e3o Jos\u00e9 do Buriti; a constru\u00e7\u00e3o de Centro de Fisioterapia, que vai ser refer\u00eancia para a regi\u00e3o.<\/p>\n<p>O munic\u00edpio ainda recebeu m\u00e1quinas para a recupera\u00e7\u00e3o de estradas rurais, a estrutura\u00e7\u00e3o de uma sala de urg\u00eancia e uma iniciativa para estrutura\u00e7\u00e3o de feiras livres que distribuiu kits-kits feira e capacitou os feirantes. Al\u00e9m disso, foi contemplado com repasses para o fortalecimento das equipes de sa\u00fade e assist\u00eancia social.<\/p>\n<p>Fonte: Ag\u00eancia Minas<\/p>\n","protected":false},"excerpt":{"rendered":"<p>Foi emitida, nessa ter\u00e7a-feira (17\/9), a ordem de in\u00edcio para as obras de pavimenta\u00e7\u00e3o da rodovia AMG-930, que liga a BR-040 ao distrito de S\u00e3o Jos\u00e9 do Buriti, em Felixl\u00e2ndia. A iniciativa est\u00e1 sendo viabilizada com recursos do\u00a0Acordo de Repara\u00e7\u00e3o\u00a0ao rompimento das barragens da Vale em Brumadinho e foi definida a partir da Consulta Popular [&hellip;]<\/p>\n","protected":false},"author":246,"featured_media":224666,"comment_status":"closed","ping_status":"closed","sticky":false,"template":"","format":"standard","meta":{"footnotes":""},"categories":[436,440,254,252,439],"tags":[],"class_list":["post-224665","post","type-post","status-publish","format-standard","has-post-thumbnail","hentry","category-destaque-da-semana","category-destaques-do-dia","category-politica","category-regiao","category-ultima-hora"],"_links":{"self":[{"href":"https:\/\/diarioregionaldigital.com.br\/index.php?rest_route=\/wp\/v2\/posts\/224665","targetHints":{"allow":["GET"]}}],"collection":[{"href":"https:\/\/diarioregionaldigital.com.br\/index.php?rest_route=\/wp\/v2\/posts"}],"about":[{"href":"https:\/\/diarioregionaldigital.com.br\/index.php?rest_route=\/wp\/v2\/types\/post"}],"author":[{"embeddable":true,"href":"https:\/\/diarioregionaldigital.com.br\/index.php?rest_route=\/wp\/v2\/users\/246"}],"replies":[{"embeddable":true,"href":"https:\/\/diarioregionaldigital.com.br\/index.php?rest_route=%2Fwp%2Fv2%2Fcomments&post=224665"}],"version-history":[{"count":1,"href":"https:\/\/diarioregionaldigital.com.br\/index.php?rest_route=\/wp\/v2\/posts\/224665\/revisions"}],"predecessor-version":[{"id":224667,"href":"https:\/\/diarioregionaldigital.com.br\/index.php?rest_route=\/wp\/v2\/posts\/224665\/revisions\/224667"}],"wp:featuredmedia":[{"embeddable":true,"href":"https:\/\/diarioregionaldigital.com.br\/index.php?rest_route=\/wp\/v2\/media\/224666"}],"wp:attachment":[{"href":"https:\/\/diarioregionaldigital.com.br\/index.php?rest_route=%2Fwp%2Fv2%2Fmedia&parent=224665"}],"wp:term":[{"taxonomy":"category","embeddable":true,"href":"https:\/\/diarioregionaldigital.com.br\/index.php?rest_route=%2Fwp%2Fv2%2Fcategories&post=224665"},{"taxonomy":"post_tag","embeddable":true,"href":"https:\/\/diarioregionaldigital.com.br\/index.php?rest_route=%2Fwp%2Fv2%2Ftags&post=224665"}],"curies":[{"name":"wp","href":"https:\/\/api.w.org\/{rel}","templated":true}]}}