{"id":224662,"date":"2024-09-18T20:51:52","date_gmt":"2024-09-18T23:51:52","guid":{"rendered":"https:\/\/diarioregionaldigital.com.br\/?p=224662"},"modified":"2024-09-18T20:51:52","modified_gmt":"2024-09-18T23:51:52","slug":"governo-de-minas-apoia-artesanato-mineiro-em-eventos-nacionais-e-impulsiona-geracao-de-renda","status":"publish","type":"post","link":"https:\/\/diarioregionaldigital.com.br\/?p=224662","title":{"rendered":"Governo de Minas apoia artesanato mineiro em eventos nacionais e impulsiona gera\u00e7\u00e3o de renda"},"content":{"rendered":"<p>O artesanato mineiro ganha cada vez mais espa\u00e7o e reconhecimento em todo o Brasil. Isso fica evidente nos recentes resultados com a participa\u00e7\u00e3o do setor em tr\u00eas grandes eventos de express\u00e3o nacional.<\/p>\n<p>Com o apoio do\u00a0<a href=\"https:\/\/www.mg.gov.br\/\" target=\"_blank\" rel=\"noopener\">Governo de Minas<\/a>, por meio da\u00a0<a href=\"https:\/\/desenvolvimento.mg.gov.br\/\" target=\"_blank\" rel=\"noopener\">Secretaria de Estado de Desenvolvimento Econ\u00f4mico<\/a>, junto ao Sebrae Minas, cerca de 500 artes\u00e3os mineiros participaram da Abup Decor Show, do 18\u00ba Sal\u00e3o do Artesanato e da exposi\u00e7\u00e3o-feira Arte dos Mestres, todos em S\u00e3o Paulo.<\/p>\n<p>Para o secret\u00e1rio de Estado de Desenvolvimento Econ\u00f4mico, Fernando Passalio, al\u00e9m de destacar a riqueza cultural e a diversidade do artesanato mineiro, a participa\u00e7\u00e3o nesses eventos \u00e9 fundamental para valorizar o artesanato como um trabalho que \u00e9 fonte de renda para milhares de fam\u00edlias no estado.<\/p>\n<p>&#8220;Uma pessoa que se dedica, aprende e desenvolve t\u00e9cnicas merece ser reconhecida como profissional. \u00c9 essa a valoriza\u00e7\u00e3o que o Governo de Minas proporciona para os artes\u00e3os mineiros&#8221;, destaca.<\/p>\n<p>Passalio avalia dois resultados em especial: mais de R$ 730 mil em vendas e expans\u00e3o de mercados, que abre um horizonte de possibilidades para esses trabalhadores.<\/p>\n<p><strong>Minas \u00e9 destaque no Brasil<\/strong><\/p>\n<p>A expedi\u00e7\u00e3o mineira esteve na feira promovida pela Associa\u00e7\u00e3o Brasileira das Empresas de Utilidades e Presentes &#8211; Abup Decor Show. O evento realizado na capital paulista, com foco em produtos para decora\u00e7\u00e3o e utilidades dom\u00e9sticas, promoveu a conex\u00e3o entre artes\u00e3os, compradores e lojistas do Brasil e at\u00e9 estrangeiros.<\/p>\n<p>Destaque na feira, os produtos mineiros feitos em madeira, cer\u00e2mica, tecelagem, bordado e buriti atra\u00edram tamb\u00e9m a aten\u00e7\u00e3o de arquitetos, paisagistas e designers que buscam novos conceitos no segmento.<\/p>\n<p>Na sequ\u00eancia, a participa\u00e7\u00e3o mineira em um dos mais importantes eventos nacionais, o 18\u00ba Sal\u00e3o do Artesanato em S\u00e3o Paulo. A Associa\u00e7\u00e3o Andradense Tem de Tudo Artesanal (Aatta) foi uma das entidades selecionadas, via edital da Sede-MG, para participar do evento.<br \/>\nJuraci das Neves Vieira, l\u00edder da associa\u00e7\u00e3o, conta que o resultado superou as expectativas.<\/p>\n<p>\u201cForam muito boas vendas, e a procura pelo artesanato mineiro muito grande. A gente percebe, em todas as feiras do Brasil, que Minas sempre se destaca pela diversidade e originalidade\u201d, afirma a artes\u00e3 de Andradas.<\/p>\n<p>O 18\u00ba Sal\u00e3o do Artesanato reuniu mestres artes\u00e3os, ceramistas, rendeiras, bordadeiras, artistas populares e ind\u00edgenas, e a presen\u00e7a mineira foi garantida nas \u00e1reas do Programa do Artesanato Brasileiro (PAB) do Governo Federal e do Sebrae Nacional. Essa \u00faltima, em parceria com o Sebrae Minas, destinada aos vencedores da 5\u00aa edi\u00e7\u00e3o do Pr\u00eamio Sebrae TOP 100 do Artesanato Brasileiro.<\/p>\n<p>Ao todo, nos dois eventos, participaram 26 unidades produtivas do estado, beneficiando diretamente 532 profissionais mineiros. Somando todos os produtos vendidos, as feiras geraram mais de R$ 700 mil ao artesanato mineiro.<\/p>\n<p><strong>Valorizando tradi\u00e7\u00f5es<\/strong><\/p>\n<p>Com o apoio do Governo de Minas, a cer\u00e2mica tamb\u00e9m ganhou um espa\u00e7o especial na exposi\u00e7\u00e3o-feira \u201cArte dos Mestres\u201d, promovida pela ONG Artesol.<\/p>\n<p>A participa\u00e7\u00e3o mineira celebrou o legado de Ulisses Pereira Chaves, representado por duas gera\u00e7\u00f5es de sua fam\u00edlia: Z\u00e9 Maria, Margarida (seus filhos) e Rosana (neta).<\/p>\n<p>Durante o evento, todas as obras selecionadas para a exposi\u00e7\u00e3o foram comercializadas, resultando em cerca de R$ 40 mil em neg\u00f3cios. Al\u00e9m da valoriza\u00e7\u00e3o art\u00edstica, a participa\u00e7\u00e3o no evento permite que, atrav\u00e9s da gera\u00e7\u00e3o de renda, a fam\u00edlia d\u00ea continuidade \u00e0 tradi\u00e7\u00e3o de Ulisses.<\/p>\n<p><strong>Compromisso com o artesanato mineiro<\/strong><\/p>\n<p>Ao abrir espa\u00e7os para que artes\u00e3os mineiros possam apresentar e comercializar suas obras em eventos de grande visibilidade, o Governo de Minas fortalece a economia criativa do estado, promovendo o desenvolvimento regional e contribuindo para a expans\u00e3o do artesanato mineiro em \u00e2mbito nacional.<\/p>\n<p>At\u00e9 agosto, por meio de a\u00e7\u00f5es da Sede-MG, artes\u00e3os mineiros estiveram em 22 eventos, entre feiras, exposi\u00e7\u00f5es, oficinas e expedi\u00e7\u00f5es com lojistas, gerando uma comercializa\u00e7\u00e3o de R$ 2,1 milh\u00f5es. Mais de 2 mil artes\u00e3os foram beneficiados, entre eles, Juraci, que \u00e9 aposentada e complementa a renda com a venda dos produtos.<\/p>\n<p>Neste per\u00edodo, tamb\u00e9m foram emitidas 702 Carteiras Nacional do Artes\u00e3o, que, para a artes\u00e3, \u00e9 fundamental para o reconhecimento do trabalho. \u201cEssa oportunidade que o Governo de Minas nos proporciona \u00e9 de grande valia, porque nos coloca numa posi\u00e7\u00e3o de profissionais oficializados. A Carteira do Artes\u00e3o proporciona a visibilidade da nossa profiss\u00e3o\u201d, destaca Juraci.<\/p>\n<p>Com uma abordagem democr\u00e1tica e inclusiva, Minas segue investindo na qualifica\u00e7\u00e3o e promo\u00e7\u00e3o dos seus artes\u00e3os, garantindo que tradi\u00e7\u00f5es centen\u00e1rias e t\u00e9cnicas inovadoras tenham espa\u00e7o para brilhar nos principais palcos culturais do Brasil.<\/p>\n<p><strong>Pr\u00f3xima parada<\/strong><\/p>\n<p>O Governo de Minas estar\u00e1 presente na 35\u00aa Feira Nacional de Artesanato 2024, um dos eventos mais esperados do ano e que ser\u00e1 no Expominas, em Belo Horizonte, entre 4 e 8\/12.<\/p>\n<p>Haver\u00e1 um espa\u00e7o coletivo, cedido pelo Governo de Minas, destinado \u00e0 comercializa\u00e7\u00e3o e divulga\u00e7\u00e3o de produtos. A previs\u00e3o \u00e9 a de que o edital de sele\u00e7\u00e3o de entidades e artes\u00e3os individuais seja divulgado em outubro no site da Sede-MG.<\/p>\n<p>Fonte: Ag\u00eancia Minas<\/p>\n","protected":false},"excerpt":{"rendered":"<p>O artesanato mineiro ganha cada vez mais espa\u00e7o e reconhecimento em todo o Brasil. Isso fica evidente nos recentes resultados com a participa\u00e7\u00e3o do setor em tr\u00eas grandes eventos de express\u00e3o nacional. Com o apoio do\u00a0Governo de Minas, por meio da\u00a0Secretaria de Estado de Desenvolvimento Econ\u00f4mico, junto ao Sebrae Minas, cerca de 500 artes\u00e3os mineiros [&hellip;]<\/p>\n","protected":false},"author":246,"featured_media":224663,"comment_status":"closed","ping_status":"closed","sticky":false,"template":"","format":"standard","meta":{"footnotes":""},"categories":[436,440,261,254,252,439],"tags":[],"class_list":["post-224662","post","type-post","status-publish","format-standard","has-post-thumbnail","hentry","category-destaque-da-semana","category-destaques-do-dia","category-economia","category-politica","category-regiao","category-ultima-hora"],"_links":{"self":[{"href":"https:\/\/diarioregionaldigital.com.br\/index.php?rest_route=\/wp\/v2\/posts\/224662","targetHints":{"allow":["GET"]}}],"collection":[{"href":"https:\/\/diarioregionaldigital.com.br\/index.php?rest_route=\/wp\/v2\/posts"}],"about":[{"href":"https:\/\/diarioregionaldigital.com.br\/index.php?rest_route=\/wp\/v2\/types\/post"}],"author":[{"embeddable":true,"href":"https:\/\/diarioregionaldigital.com.br\/index.php?rest_route=\/wp\/v2\/users\/246"}],"replies":[{"embeddable":true,"href":"https:\/\/diarioregionaldigital.com.br\/index.php?rest_route=%2Fwp%2Fv2%2Fcomments&post=224662"}],"version-history":[{"count":1,"href":"https:\/\/diarioregionaldigital.com.br\/index.php?rest_route=\/wp\/v2\/posts\/224662\/revisions"}],"predecessor-version":[{"id":224664,"href":"https:\/\/diarioregionaldigital.com.br\/index.php?rest_route=\/wp\/v2\/posts\/224662\/revisions\/224664"}],"wp:featuredmedia":[{"embeddable":true,"href":"https:\/\/diarioregionaldigital.com.br\/index.php?rest_route=\/wp\/v2\/media\/224663"}],"wp:attachment":[{"href":"https:\/\/diarioregionaldigital.com.br\/index.php?rest_route=%2Fwp%2Fv2%2Fmedia&parent=224662"}],"wp:term":[{"taxonomy":"category","embeddable":true,"href":"https:\/\/diarioregionaldigital.com.br\/index.php?rest_route=%2Fwp%2Fv2%2Fcategories&post=224662"},{"taxonomy":"post_tag","embeddable":true,"href":"https:\/\/diarioregionaldigital.com.br\/index.php?rest_route=%2Fwp%2Fv2%2Ftags&post=224662"}],"curies":[{"name":"wp","href":"https:\/\/api.w.org\/{rel}","templated":true}]}}