{"id":224656,"date":"2024-09-17T20:04:11","date_gmt":"2024-09-17T23:04:11","guid":{"rendered":"https:\/\/diarioregionaldigital.com.br\/?p=224656"},"modified":"2024-09-17T20:04:11","modified_gmt":"2024-09-17T23:04:11","slug":"endrick-estreia-na-liga-dos-campeoes-com-gol-pelo-real-madrid","status":"publish","type":"post","link":"https:\/\/diarioregionaldigital.com.br\/?p=224656","title":{"rendered":"Endrick estreia na Liga dos Campe\u00f5es com gol pelo Real Madrid"},"content":{"rendered":"<p>O atacante brasileiro Endrick mostrou mais uma vez que tem estrela, pois, em sua primeira partida pela Liga dos Campe\u00f5es da Europa, marcou um dos gols da vit\u00f3ria de 3 a 1 do Real Madrid (Espanha) sobre o Stuttgart (Alemanha) no est\u00e1dio Santiago Bernab\u00e9u.<img decoding=\"async\" src=\"https:\/\/agenciabrasil.ebc.com.br\/ebc.png?id=1612616&amp;o=node\" \/><img decoding=\"async\" src=\"https:\/\/agenciabrasil.ebc.com.br\/ebc.gif?id=1612616&amp;o=node\" \/><\/p>\n<p>Com este feito, Endrick, que tem 18 anos, 1 m\u00eas e 27 dias, se tornou o brasileiro mais jovem a marcar pela principal competi\u00e7\u00e3o de clubes da Europa. Antes o detentor da marca era outro jogador do Real Madrid, o meia-atacante Rodrygo, que, em 2019, alcan\u00e7ou seu primeiro tento na Liga dos Campe\u00f5es com 18 anos, 9 meses e 28 dias.<\/p>\n<p>O brasileiro entrou no gramado apenas aos 34 minutos do segundo tempo, quando o placar estava empatado em 1 a 1, com o franc\u00eas Mbapp\u00e9 abrindo o placar no primeiro minuto do segundo tempo e Undav deixando tudo igual 20 minutos depois.<\/p>\n<p>Aos 37 minutos o croata Modric cobrou escanteio com perfei\u00e7\u00e3o e o alem\u00e3o R\u00fcdiger colocou o Real em vantagem. Em desvantagem no marcador o Stuttgart saiu para o ataque e passou a oferecer espa\u00e7os para a equipe da casa contra-atacar. E foi desta forma que Endrick deixou o seu, j\u00e1 aos 49 minutos. O brasileiro avan\u00e7ou em velocidade com muita liberdade e bateu de fora da \u00e1rea para superar o goleiro N\u00fcbel.<\/p>\n<p>Fonte: Ag\u00eancia Brasil<\/p>\n","protected":false},"excerpt":{"rendered":"<p>O atacante brasileiro Endrick mostrou mais uma vez que tem estrela, pois, em sua primeira partida pela Liga dos Campe\u00f5es da Europa, marcou um dos gols da vit\u00f3ria de 3 a 1 do Real Madrid (Espanha) sobre o Stuttgart (Alemanha) no est\u00e1dio Santiago Bernab\u00e9u. Com este feito, Endrick, que tem 18 anos, 1 m\u00eas e [&hellip;]<\/p>\n","protected":false},"author":246,"featured_media":224657,"comment_status":"closed","ping_status":"closed","sticky":false,"template":"","format":"standard","meta":{"footnotes":""},"categories":[253,436,440,257,439],"tags":[],"class_list":["post-224656","post","type-post","status-publish","format-standard","has-post-thumbnail","hentry","category-cidade","category-destaque-da-semana","category-destaques-do-dia","category-esporte","category-ultima-hora"],"_links":{"self":[{"href":"https:\/\/diarioregionaldigital.com.br\/index.php?rest_route=\/wp\/v2\/posts\/224656","targetHints":{"allow":["GET"]}}],"collection":[{"href":"https:\/\/diarioregionaldigital.com.br\/index.php?rest_route=\/wp\/v2\/posts"}],"about":[{"href":"https:\/\/diarioregionaldigital.com.br\/index.php?rest_route=\/wp\/v2\/types\/post"}],"author":[{"embeddable":true,"href":"https:\/\/diarioregionaldigital.com.br\/index.php?rest_route=\/wp\/v2\/users\/246"}],"replies":[{"embeddable":true,"href":"https:\/\/diarioregionaldigital.com.br\/index.php?rest_route=%2Fwp%2Fv2%2Fcomments&post=224656"}],"version-history":[{"count":1,"href":"https:\/\/diarioregionaldigital.com.br\/index.php?rest_route=\/wp\/v2\/posts\/224656\/revisions"}],"predecessor-version":[{"id":224658,"href":"https:\/\/diarioregionaldigital.com.br\/index.php?rest_route=\/wp\/v2\/posts\/224656\/revisions\/224658"}],"wp:featuredmedia":[{"embeddable":true,"href":"https:\/\/diarioregionaldigital.com.br\/index.php?rest_route=\/wp\/v2\/media\/224657"}],"wp:attachment":[{"href":"https:\/\/diarioregionaldigital.com.br\/index.php?rest_route=%2Fwp%2Fv2%2Fmedia&parent=224656"}],"wp:term":[{"taxonomy":"category","embeddable":true,"href":"https:\/\/diarioregionaldigital.com.br\/index.php?rest_route=%2Fwp%2Fv2%2Fcategories&post=224656"},{"taxonomy":"post_tag","embeddable":true,"href":"https:\/\/diarioregionaldigital.com.br\/index.php?rest_route=%2Fwp%2Fv2%2Ftags&post=224656"}],"curies":[{"name":"wp","href":"https:\/\/api.w.org\/{rel}","templated":true}]}}