{"id":224650,"date":"2024-09-17T20:00:15","date_gmt":"2024-09-17T23:00:15","guid":{"rendered":"https:\/\/diarioregionaldigital.com.br\/?p=224650"},"modified":"2024-09-17T20:00:15","modified_gmt":"2024-09-17T23:00:15","slug":"governo-de-minas-sanciona-lei-para-combate-a-golpes-financeiros-contra-idosos","status":"publish","type":"post","link":"https:\/\/diarioregionaldigital.com.br\/?p=224650","title":{"rendered":"Governo de Minas sanciona lei para combate a golpes financeiros contra idosos"},"content":{"rendered":"<p>O\u00a0<a href=\"http:\/\/www.mg.gov.br\/\" target=\"_blank\" rel=\"noopener\">Governo de Minas Gerais<\/a>\u00a0acaba de sancionar o projeto de lei que incentiva institui\u00e7\u00f5es banc\u00e1rias e financeiras a realizar campanhas permanentes de conscientiza\u00e7\u00e3o e combate aos golpes financeiros praticados contra idosos.<\/p>\n<p>A san\u00e7\u00e3o do Projeto de Lei 176\/2023 foi publicada nesta ter\u00e7a-feira (17\/9), no\u00a0<a href=\"https:\/\/www.jornalminasgerais.mg.gov.br\/index.php?dataJornal=2024-09-17\" target=\"_blank\" rel=\"noopener\">Di\u00e1rio Oficial do Estado de Minas Gerais<\/a>.<\/p>\n<p>Proposta\u00a0pela ent\u00e3o deputada estadual, hoje licenciada, e atual secret\u00e1ria de Estado de\u00a0<a href=\"http:\/\/www.social.mg.gov.br\/\" target=\"_blank\" rel=\"noopener\">Desenvolvimento Social (Sedese)<\/a>, Al\u00ea Portela, a nova legisla\u00e7\u00e3o determina que as campanhas educativas devem incluir orienta\u00e7\u00f5es claras sobre como proceder em caso de tentativas ou ocorr\u00eancias de golpes.<\/p>\n<table border=\"0\" cellspacing=\"1\" cellpadding=\"1\" align=\"center\">\n<tbody>\n<tr>\n<td colspan=\"5\"><img decoding=\"async\" src=\"https:\/\/www.agenciaminas.mg.gov.br\/ckeditor_assets\/pictures\/20949\/content_2_olho_topo.jpg\" alt=\"\" \/><\/td>\n<\/tr>\n<tr>\n<td><\/td>\n<td colspan=\"3\" rowspan=\"3\">\n<h1><strong>&#8220;Essa \u00e9 uma conquista importante para Minas Gerais e, juntos, vamos continuar avan\u00e7ando na prote\u00e7\u00e3o dos nossos idosos, garantindo sempre um estado mais seguro para todos<\/strong><strong>&#8220;, afirma o governador Romeu Zema.<\/strong><\/h1>\n<\/td>\n<td><\/td>\n<\/tr>\n<tr>\n<td><\/td>\n<td><\/td>\n<\/tr>\n<tr>\n<td><\/td>\n<td><\/td>\n<\/tr>\n<tr>\n<td colspan=\"5\"><img decoding=\"async\" src=\"https:\/\/www.agenciaminas.mg.gov.br\/ckeditor_assets\/pictures\/20950\/content_2_olho_inferior.jpg\" alt=\"\" \/><\/td>\n<\/tr>\n<\/tbody>\n<\/table>\n<p>Segundo a secret\u00e1ria de Estado de Desenvolvimento Social, Al\u00ea Portela, agora, com a lei sancionada, o\u00a0<a href=\"http:\/\/www.mg.gov.br\/\" target=\"_blank\" rel=\"noopener\">Governo de Minas<\/a>\u00a0passa a dialogar diretamente com bancos e institui\u00e7\u00f5es financeiras de todo o estado, incentivando a promo\u00e7\u00e3o de campanhas cont\u00ednuas de conscientiza\u00e7\u00e3o.<\/p>\n<p>O objetivo \u00e9\u00a0alertar sobre os riscos de fraudes e informar os meios de prote\u00e7\u00e3o dispon\u00edveis para esse p\u00fablico.<\/p>\n<table border=\"0\" cellspacing=\"1\" cellpadding=\"1\" align=\"center\">\n<tbody>\n<tr>\n<td colspan=\"5\"><img decoding=\"async\" src=\"https:\/\/www.agenciaminas.mg.gov.br\/ckeditor_assets\/pictures\/20949\/content_2_olho_topo.jpg\" alt=\"\" \/><\/td>\n<\/tr>\n<tr>\n<td><\/td>\n<td colspan=\"3\" rowspan=\"3\">\n<h1><strong>&#8220;A nova lei \u00e9 um avan\u00e7o para proteger nossos idosos, que representam uma parcela da popula\u00e7\u00e3o mais sens\u00edvel aos golpes financeiros&#8221;, avalia Al\u00ea Portela.<\/strong><\/h1>\n<\/td>\n<td><\/td>\n<\/tr>\n<tr>\n<td><\/td>\n<td><\/td>\n<\/tr>\n<tr>\n<td><\/td>\n<td><\/td>\n<\/tr>\n<tr>\n<td colspan=\"5\"><img decoding=\"async\" src=\"https:\/\/www.agenciaminas.mg.gov.br\/ckeditor_assets\/pictures\/20950\/content_2_olho_inferior.jpg\" alt=\"\" \/><\/td>\n<\/tr>\n<\/tbody>\n<\/table>\n<p>Ao promover essa articula\u00e7\u00e3o com as institui\u00e7\u00f5es financeiras, a lei refor\u00e7a o compromisso conjunto de governo, bancos, institui\u00e7\u00f5es financeiras e sociedade na prote\u00e7\u00e3o dos idosos. A meta \u00e9 garantir que essas pessoas\u00a0possam viver com mais tranquilidade e seguran\u00e7a em Minas Gerais.<\/p>\n<p><strong>Idosos em MG<\/strong><\/p>\n<p>De acordo com o Censo de 2022, realizado pelo Instituto Brasileiro de Geografia e Estat\u00edstica (IBGE), Minas Gerais \u00e9 o terceiro estado do Brasil com maior n\u00famero de idosos.<\/p>\n<p>Atualmente, as pessoas com 65 anos ou mais representam 12,4%, da\u00a0popula\u00e7\u00e3o mineira (valor\u00a0aproximado). Diante desse cen\u00e1rio, a nova lei busca oferecer maior prote\u00e7\u00e3o a essa faixa et\u00e1ria, especialmente em rela\u00e7\u00e3o aos crimes financeiros.<\/p>\n<p>&#8220;E\u00a0essa popula\u00e7\u00e3o vai continuar crescendo pelos pr\u00f3ximos anos.\u00a0Por isso, nosso governo segue trabalhando para garantir a seguran\u00e7a f\u00edsica e financeira daqueles que j\u00e1 cuidaram tanto da gente e que contribu\u00edram muito para o nosso estado&#8221;, conclui\u00a0o governador.<\/p>\n<p>Fonte: Ag\u00eancia Minas<\/p>\n","protected":false},"excerpt":{"rendered":"<p>O\u00a0Governo de Minas Gerais\u00a0acaba de sancionar o projeto de lei que incentiva institui\u00e7\u00f5es banc\u00e1rias e financeiras a realizar campanhas permanentes de conscientiza\u00e7\u00e3o e combate aos golpes financeiros praticados contra idosos. A san\u00e7\u00e3o do Projeto de Lei 176\/2023 foi publicada nesta ter\u00e7a-feira (17\/9), no\u00a0Di\u00e1rio Oficial do Estado de Minas Gerais. Proposta\u00a0pela ent\u00e3o deputada estadual, hoje licenciada, [&hellip;]<\/p>\n","protected":false},"author":246,"featured_media":224651,"comment_status":"closed","ping_status":"closed","sticky":false,"template":"","format":"standard","meta":{"footnotes":""},"categories":[436,440,261,252,439],"tags":[],"class_list":["post-224650","post","type-post","status-publish","format-standard","has-post-thumbnail","hentry","category-destaque-da-semana","category-destaques-do-dia","category-economia","category-regiao","category-ultima-hora"],"_links":{"self":[{"href":"https:\/\/diarioregionaldigital.com.br\/index.php?rest_route=\/wp\/v2\/posts\/224650","targetHints":{"allow":["GET"]}}],"collection":[{"href":"https:\/\/diarioregionaldigital.com.br\/index.php?rest_route=\/wp\/v2\/posts"}],"about":[{"href":"https:\/\/diarioregionaldigital.com.br\/index.php?rest_route=\/wp\/v2\/types\/post"}],"author":[{"embeddable":true,"href":"https:\/\/diarioregionaldigital.com.br\/index.php?rest_route=\/wp\/v2\/users\/246"}],"replies":[{"embeddable":true,"href":"https:\/\/diarioregionaldigital.com.br\/index.php?rest_route=%2Fwp%2Fv2%2Fcomments&post=224650"}],"version-history":[{"count":1,"href":"https:\/\/diarioregionaldigital.com.br\/index.php?rest_route=\/wp\/v2\/posts\/224650\/revisions"}],"predecessor-version":[{"id":224652,"href":"https:\/\/diarioregionaldigital.com.br\/index.php?rest_route=\/wp\/v2\/posts\/224650\/revisions\/224652"}],"wp:featuredmedia":[{"embeddable":true,"href":"https:\/\/diarioregionaldigital.com.br\/index.php?rest_route=\/wp\/v2\/media\/224651"}],"wp:attachment":[{"href":"https:\/\/diarioregionaldigital.com.br\/index.php?rest_route=%2Fwp%2Fv2%2Fmedia&parent=224650"}],"wp:term":[{"taxonomy":"category","embeddable":true,"href":"https:\/\/diarioregionaldigital.com.br\/index.php?rest_route=%2Fwp%2Fv2%2Fcategories&post=224650"},{"taxonomy":"post_tag","embeddable":true,"href":"https:\/\/diarioregionaldigital.com.br\/index.php?rest_route=%2Fwp%2Fv2%2Ftags&post=224650"}],"curies":[{"name":"wp","href":"https:\/\/api.w.org\/{rel}","templated":true}]}}