{"id":224639,"date":"2024-09-16T20:32:46","date_gmt":"2024-09-16T23:32:46","guid":{"rendered":"https:\/\/diarioregionaldigital.com.br\/?p=224639"},"modified":"2024-09-16T20:32:46","modified_gmt":"2024-09-16T23:32:46","slug":"policia-militar-de-minas-gerais-reforca-acoes-preventivas-e-de-fiscalizacao-na-semana-nacional-de-transito","status":"publish","type":"post","link":"https:\/\/diarioregionaldigital.com.br\/?p=224639","title":{"rendered":"Pol\u00edcia Militar de Minas Gerais refor\u00e7a a\u00e7\u00f5es preventivas e de fiscaliza\u00e7\u00e3o na Semana Nacional de Tr\u00e2nsito"},"content":{"rendered":"<p><main class=\"clear margin-md-bottom-3\"><\/p>\n<div class=\"clear \">\n<p>Com o objetivo de promover a\u00e7\u00f5es educativas para reduzir acidentes de tr\u00e2nsito e melhorar o comportamento dos condutores, pedestres e ciclistas, a\u00a0<a href=\"https:\/\/www.policiamilitar.mg.gov.br\/\" target=\"_blank\" rel=\"noopener\">Pol\u00edcia Militar de Minas Gerais (PMMG)<\/a>, por meio do Batalh\u00e3o de Pol\u00edcia de Tr\u00e2nsito (BPTran) e do Batalh\u00e3o de Pol\u00edcia Militar Rodovi\u00e1ria (BPMRv), lan\u00e7ou nesta segunda-feira (16\/9), a Semana Nacional de Tr\u00e2nsito 2024, que neste ano tem como tema \u201cPaz no tr\u00e2nsito come\u00e7a por voc\u00ea\u201d.<\/p>\n<p>A a\u00e7\u00e3o ocorrer\u00e1 nas vias urbanas dos 853 munic\u00edpios do estado e em mais de cem pontos nos cerca de 30 mil quil\u00f4metros de rodovias sob a responsabilidade da Pol\u00edcia Militar.<\/p>\n<p>Ser\u00e3o realizadas blitzen preventivas e repressivas, distribui\u00e7\u00e3o de dicas de seguran\u00e7a aos condutores, al\u00e9m de palestras voltadas \u00e0s crian\u00e7as para que possam orientar familiares e amigos sobre a educa\u00e7\u00e3o e respeito no tr\u00e2nsito.<\/p>\n<p>De acordo com o comandante do Batalh\u00e3o de Pol\u00edcia Militar Rodovi\u00e1ria, major Renato Quirino, neste ano, cerca de 600 pessoas perderam a vida em acidentes de tr\u00e2nsito nas rodovias estudais mineiras. No ano de 2023, foram aproximadamente mil.<\/p>\n<p>Segundo o major, a principal causa dos acidentes \u00e9 a imprud\u00eancia do condutor.<\/p>\n<p>\u201cA orienta\u00e7\u00e3o da PMMG \u00e9 que o condutor planeje sua rotina e as viagens, obede\u00e7a a sinaliza\u00e7\u00e3o das vias, principalmente em rela\u00e7\u00e3o \u00e0 velocidade dos ve\u00edculos. A conscientiza\u00e7\u00e3o de todos \u00e9 fundamental para que Minas possa reduzir o n\u00famero de acidentes de tr\u00e2nsito\u201d, destacou.<\/p>\n<p>Conforme o comandante do BPTran, major Wagner Valad\u00e3o da Silva, as opera\u00e7\u00f5es tamb\u00e9m contar\u00e3o com o apoio dos \u00f3rg\u00e3os de seguran\u00e7a estaduais e municipais. Segundo ele, em Belo Horizonte, um dos focos das a\u00e7\u00f5es ser\u00e1 a Lei Seca.<\/p>\n<p>\u201cA embriaguez ao volante \u00e9 um tema que nos preocupa muito porque, al\u00e9m dos riscos inerentes ao tr\u00e2nsito, a pessoa dirigindo sob a influ\u00eancia de \u00e1lcool potencializa a possibilidade do sinistro\u201d, afirmou.<\/p>\n<p>A solenidade de lan\u00e7amento da Semana Nacional de Tr\u00e2nsito aconteceu no Pal\u00e1cio da Liberdade, na regi\u00e3o Centro-Sul de Belo Horizonte, e contou com as presen\u00e7as do chefe do Estado-Maior da PMMG, coronel Marcelo Ramos de Oliveira, do comandante do Policiamento da Capital, Gibran Maciel da Silva, do comandante do Policiamento Especializado, coronel F\u00e1bio Almeida, al\u00e9m de autoridades e convidados.<\/p>\n<p>Fonte: Ag\u00eancia Minas<\/p>\n<\/div>\n<p><\/main><\/p>\n","protected":false},"excerpt":{"rendered":"<p>Com o objetivo de promover a\u00e7\u00f5es educativas para reduzir acidentes de tr\u00e2nsito e melhorar o comportamento dos condutores, pedestres e ciclistas, a\u00a0Pol\u00edcia Militar de Minas Gerais (PMMG), por meio do Batalh\u00e3o de Pol\u00edcia de Tr\u00e2nsito (BPTran) e do Batalh\u00e3o de Pol\u00edcia Militar Rodovi\u00e1ria (BPMRv), lan\u00e7ou nesta segunda-feira (16\/9), a Semana Nacional de Tr\u00e2nsito 2024, que [&hellip;]<\/p>\n","protected":false},"author":246,"featured_media":224640,"comment_status":"closed","ping_status":"closed","sticky":false,"template":"","format":"standard","meta":{"footnotes":""},"categories":[301,436,439],"tags":[],"class_list":["post-224639","post","type-post","status-publish","format-standard","has-post-thumbnail","hentry","category-artigos-policiais","category-destaque-da-semana","category-ultima-hora"],"_links":{"self":[{"href":"https:\/\/diarioregionaldigital.com.br\/index.php?rest_route=\/wp\/v2\/posts\/224639","targetHints":{"allow":["GET"]}}],"collection":[{"href":"https:\/\/diarioregionaldigital.com.br\/index.php?rest_route=\/wp\/v2\/posts"}],"about":[{"href":"https:\/\/diarioregionaldigital.com.br\/index.php?rest_route=\/wp\/v2\/types\/post"}],"author":[{"embeddable":true,"href":"https:\/\/diarioregionaldigital.com.br\/index.php?rest_route=\/wp\/v2\/users\/246"}],"replies":[{"embeddable":true,"href":"https:\/\/diarioregionaldigital.com.br\/index.php?rest_route=%2Fwp%2Fv2%2Fcomments&post=224639"}],"version-history":[{"count":1,"href":"https:\/\/diarioregionaldigital.com.br\/index.php?rest_route=\/wp\/v2\/posts\/224639\/revisions"}],"predecessor-version":[{"id":224641,"href":"https:\/\/diarioregionaldigital.com.br\/index.php?rest_route=\/wp\/v2\/posts\/224639\/revisions\/224641"}],"wp:featuredmedia":[{"embeddable":true,"href":"https:\/\/diarioregionaldigital.com.br\/index.php?rest_route=\/wp\/v2\/media\/224640"}],"wp:attachment":[{"href":"https:\/\/diarioregionaldigital.com.br\/index.php?rest_route=%2Fwp%2Fv2%2Fmedia&parent=224639"}],"wp:term":[{"taxonomy":"category","embeddable":true,"href":"https:\/\/diarioregionaldigital.com.br\/index.php?rest_route=%2Fwp%2Fv2%2Fcategories&post=224639"},{"taxonomy":"post_tag","embeddable":true,"href":"https:\/\/diarioregionaldigital.com.br\/index.php?rest_route=%2Fwp%2Fv2%2Ftags&post=224639"}],"curies":[{"name":"wp","href":"https:\/\/api.w.org\/{rel}","templated":true}]}}