{"id":224636,"date":"2024-09-16T20:31:51","date_gmt":"2024-09-16T23:31:51","guid":{"rendered":"https:\/\/diarioregionaldigital.com.br\/?p=224636"},"modified":"2024-09-16T20:31:51","modified_gmt":"2024-09-16T23:31:51","slug":"governo-de-minas-publica-novos-atos-de-progressao-e-promocao-da-carreira-de-servidores-2","status":"publish","type":"post","link":"https:\/\/diarioregionaldigital.com.br\/?p=224636","title":{"rendered":"Governo de Minas publica novos atos de progress\u00e3o e promo\u00e7\u00e3o da carreira de servidores"},"content":{"rendered":"<p dir=\"ltr\">O\u00a0<a href=\"https:\/\/www.mg.gov.br\/\" target=\"_blank\" rel=\"noopener\">Governo de Minas<\/a>\u00a0publicou novos atos de benef\u00edcios de progress\u00e3o e promo\u00e7\u00e3o para os servidores efetivos que cumpriram os requisitos exigidos na carreira. A medida d\u00e1 continuidade \u00e0s a\u00e7\u00f5es do Governo, por meio da\u00a0<a href=\"https:\/\/www.educacao.mg.gov.br\/\" target=\"_blank\" rel=\"noopener\">Secretaria de Estado de Educa\u00e7\u00e3o de Minas Gerais (SEE\/MG)<\/a>, com a finalidade de valorizar os servidores da rede estadual de ensino.<\/p>\n<p>Os atos foram publicados no Di\u00e1rio Oficial do Estado, na \u00faltima sexta-feira (13\/9), sendo 1.633 concess\u00f5es de progress\u00e3o e 741 concess\u00f5es de promo\u00e7\u00e3o, dispon\u00edveis a partir da p\u00e1gina 31 do Di\u00e1rio. No total s\u00e3o 2.374 novos atos de evolu\u00e7\u00e3o na carreira dos servidores da Educa\u00e7\u00e3o. Acesse a lista\u00a0<a href=\"https:\/\/www.jornalminasgerais.mg.gov.br\/index.php?dataJornal=2024-09-13\" target=\"_blank\" rel=\"noopener noreferrer\" data-auth=\"NotApplicable\" data-linkindex=\"0\">neste link<\/a>.<\/p>\n<p>S\u00f3 em 2024 somam-se um total de 57.922 benef\u00edcios concedidos de promo\u00e7\u00e3o e progress\u00e3o para atender aos servidores efetivos.<\/p>\n<p><strong>Plano de carreira<\/strong><\/p>\n<p>O Plano de Carreira dos Profissionais da Educa\u00e7\u00e3o B\u00e1sica foi estabelecido pela Lei n\u00b0 15.293\/2004. A diretriz define a evolu\u00e7\u00e3o nas carreiras dos servidores efetivos da SEE\/MG, por meio de progress\u00f5es e promo\u00e7\u00f5es.<\/p>\n<p>As progress\u00f5es s\u00e3o horizontais, com mudan\u00e7as de grau na carreira, e os crit\u00e9rios para concess\u00e3o s\u00e3o: estar em efetivo exerc\u00edcio, ter cumprido o interst\u00edcio de dois anos de efetivo exerc\u00edcio no mesmo grau e ter recebido duas avalia\u00e7\u00f5es de desempenho individual satisfat\u00f3rias desde a sua progress\u00e3o anterior (70% ou mais).<\/p>\n<p>J\u00e1 as promo\u00e7\u00f5es s\u00e3o verticais, com mudan\u00e7as de n\u00edvel na carreira. Os crit\u00e9rios para concess\u00e3o s\u00e3o: estar em efetivo exerc\u00edcio, ter cumprido o interst\u00edcio de cinco anos de efetivo exerc\u00edcio no mesmo n\u00edvel, ter recebido cinco avalia\u00e7\u00f5es de desempenho individual satisfat\u00f3rias, desde a sua promo\u00e7\u00e3o anterior (70% ou mais) e possuir a escolaridade m\u00ednima exigida para o n\u00edvel imediatamente superior.<\/p>\n<p>Para que a evolu\u00e7\u00e3o na carreira ocorra, os dados do servidor no Sistema de Administra\u00e7\u00e3o de Pessoal (Sisap) devem estar sempre atualizados. Essa atualiza\u00e7\u00e3o compete \u00e0s Superintend\u00eancias Regionais de Ensino (SREs) e \u00e0 Unidade Central.<\/p>\n<p>Fonte: Ag\u00eancia Minas<\/p>\n","protected":false},"excerpt":{"rendered":"<p>O\u00a0Governo de Minas\u00a0publicou novos atos de benef\u00edcios de progress\u00e3o e promo\u00e7\u00e3o para os servidores efetivos que cumpriram os requisitos exigidos na carreira. A medida d\u00e1 continuidade \u00e0s a\u00e7\u00f5es do Governo, por meio da\u00a0Secretaria de Estado de Educa\u00e7\u00e3o de Minas Gerais (SEE\/MG), com a finalidade de valorizar os servidores da rede estadual de ensino. Os atos [&hellip;]<\/p>\n","protected":false},"author":246,"featured_media":224637,"comment_status":"closed","ping_status":"closed","sticky":false,"template":"","format":"standard","meta":{"footnotes":""},"categories":[436,261,254,252,439],"tags":[],"class_list":["post-224636","post","type-post","status-publish","format-standard","has-post-thumbnail","hentry","category-destaque-da-semana","category-economia","category-politica","category-regiao","category-ultima-hora"],"_links":{"self":[{"href":"https:\/\/diarioregionaldigital.com.br\/index.php?rest_route=\/wp\/v2\/posts\/224636","targetHints":{"allow":["GET"]}}],"collection":[{"href":"https:\/\/diarioregionaldigital.com.br\/index.php?rest_route=\/wp\/v2\/posts"}],"about":[{"href":"https:\/\/diarioregionaldigital.com.br\/index.php?rest_route=\/wp\/v2\/types\/post"}],"author":[{"embeddable":true,"href":"https:\/\/diarioregionaldigital.com.br\/index.php?rest_route=\/wp\/v2\/users\/246"}],"replies":[{"embeddable":true,"href":"https:\/\/diarioregionaldigital.com.br\/index.php?rest_route=%2Fwp%2Fv2%2Fcomments&post=224636"}],"version-history":[{"count":1,"href":"https:\/\/diarioregionaldigital.com.br\/index.php?rest_route=\/wp\/v2\/posts\/224636\/revisions"}],"predecessor-version":[{"id":224638,"href":"https:\/\/diarioregionaldigital.com.br\/index.php?rest_route=\/wp\/v2\/posts\/224636\/revisions\/224638"}],"wp:featuredmedia":[{"embeddable":true,"href":"https:\/\/diarioregionaldigital.com.br\/index.php?rest_route=\/wp\/v2\/media\/224637"}],"wp:attachment":[{"href":"https:\/\/diarioregionaldigital.com.br\/index.php?rest_route=%2Fwp%2Fv2%2Fmedia&parent=224636"}],"wp:term":[{"taxonomy":"category","embeddable":true,"href":"https:\/\/diarioregionaldigital.com.br\/index.php?rest_route=%2Fwp%2Fv2%2Fcategories&post=224636"},{"taxonomy":"post_tag","embeddable":true,"href":"https:\/\/diarioregionaldigital.com.br\/index.php?rest_route=%2Fwp%2Fv2%2Ftags&post=224636"}],"curies":[{"name":"wp","href":"https:\/\/api.w.org\/{rel}","templated":true}]}}