{"id":224633,"date":"2024-09-16T20:30:54","date_gmt":"2024-09-16T23:30:54","guid":{"rendered":"https:\/\/diarioregionaldigital.com.br\/?p=224633"},"modified":"2024-09-16T20:30:54","modified_gmt":"2024-09-16T23:30:54","slug":"governo-de-minas-coloca-fim-a-espera-dos-mineiros-pela-realizacao-das-obras-da-linha-2-do-metro-da-rmbh","status":"publish","type":"post","link":"https:\/\/diarioregionaldigital.com.br\/?p=224633","title":{"rendered":"Governo de Minas coloca fim \u00e0 espera dos mineiros pela realiza\u00e7\u00e3o das obras da linha 2 do metr\u00f4 da RMBH"},"content":{"rendered":"<p><main class=\"clear margin-md-bottom-3\"><\/p>\n<div class=\"clear \">\n<p>O governador Romeu Zema e o vice-governador Professor Mateus acompanharam, nesta segunda-feira (16\/9), o in\u00edcio das obras de constru\u00e7\u00e3o da linha 2 do metr\u00f4 da Regi\u00e3o Metropolitana de Belo Horizonte (RMBH), prevista no contrato firmado pelo\u00a0<a href=\"https:\/\/www.mg.gov.br\/\" target=\"_blank\" rel=\"noopener\">Governo de Minas<\/a>, por meio da\u00a0<a href=\"http:\/\/www.infraestrutura.mg.gov.br\/\" target=\"_blank\" rel=\"noopener\">Secretaria de Estado de Infraestrutura, Mobilidade e Parcerias (Seinfra)<\/a>\u00a0e a concession\u00e1ria Metr\u00f4 BH.<\/p>\n<p>O novo tra\u00e7ado, que vai interligar a atual linha 1 at\u00e9 o Barreiro, ter\u00e1 10,5 quil\u00f4metros e vai contar com sete esta\u00e7\u00f5es: Nova Su\u00ed\u00e7a, Amazonas, Nova Gameleira, Nova Cintra, Vista Alegre, Ferrugem e Barreiro.<\/p>\n<p>\u201c\u00c9 uma felicidade muito grande estar aqui dando a ordem de in\u00edcio para essa obra t\u00e3o importante para Belo Horizonte e regi\u00e3o. Ela ser\u00e1 conhecida como a maior obra em d\u00e9cadas na RMBH\u201d, comemorou o governador.<\/p>\n<table border=\"0\" cellspacing=\"1\" cellpadding=\"1\" align=\"center\">\n<tbody>\n<tr>\n<td colspan=\"5\"><img decoding=\"async\" src=\"https:\/\/www.agenciaminas.mg.gov.br\/ckeditor_assets\/pictures\/20949\/content_2_olho_topo.jpg\" alt=\"\" \/><\/td>\n<\/tr>\n<tr>\n<td><\/td>\n<td colspan=\"3\" rowspan=\"3\">\n<h1><strong>&#8220;N\u00f3s estamos falando aqui de dez quil\u00f4metros e meio, mais de R$3 bilh\u00f5es de investimentos, sete esta\u00e7\u00f5es, mais 24\u00a0composi\u00e7\u00f5es que j\u00e1 foram adquiridas. \u00c9 uma conquista na linha do nosso governo, que \u00e9\u00a0realizar\u00a0entregas&#8221;, concluiu\u00a0Romeu Zema.<\/strong><\/h1>\n<\/td>\n<td><\/td>\n<\/tr>\n<tr>\n<td><\/td>\n<td><\/td>\n<\/tr>\n<tr>\n<td><\/td>\n<td><\/td>\n<\/tr>\n<tr>\n<td colspan=\"5\"><img decoding=\"async\" src=\"https:\/\/www.agenciaminas.mg.gov.br\/ckeditor_assets\/pictures\/20950\/content_2_olho_inferior.jpg\" alt=\"\" \/><\/td>\n<\/tr>\n<\/tbody>\n<\/table>\n<p>A expectativa \u00e9 a de que as esta\u00e7\u00f5es sejam conclu\u00eddas por etapas, de acordo com cronograma previamente estabelecido, come\u00e7ando por Nova Su\u00ed\u00e7a e Amazonas, que devem ficar prontas em 2026.<\/p>\n<figure class=\"image\"><img decoding=\"async\" src=\"https:\/\/www.agenciaminas.mg.gov.br\/ckeditor_assets\/pictures\/21675\/content_z_img_6137.jpg\" alt=\"\" \/><figcaption><sub><em>Dirceu Aur\u00e9lio \/ Imprensa MG<\/em><\/sub><\/figcaption><\/figure>\n<p><strong>Cronograma<\/strong><\/p>\n<p>A opera\u00e7\u00e3o comercial da linha 2, em pleno funcionamento, est\u00e1 prevista para 2028, colocando fim a uma espera de cerca de 20 anos.<\/p>\n<p>A partir da conclus\u00e3o da nova linha, a expectativa \u00e9 a de que o metr\u00f4 passe a transportar uma m\u00e9dia di\u00e1ria de 213 mil passageiros, sendo 157 mil na linha 1 e 56 mil na linha 2.<\/p>\n<p>O vice-governador Professor Mateus enalteceu a relev\u00e2ncia que a amplia\u00e7\u00e3o do metro de BH e a moderniza\u00e7\u00e3o das esta\u00e7\u00f5es traz para a vida das pessoas que utilizam o transporte p\u00fablico.<\/p>\n<p>\u201cA amplia\u00e7\u00e3o do metr\u00f4 vai proporcionar que a pessoa economize no tr\u00e2nsito 30 minutos na ida e 30 minutos na volta, tempo que muda a vida do trabalhador que vai estar menos cansado, muda a vida de pessoas que ter\u00e3o mais condi\u00e7\u00e3o para o trabalho e o estudo&#8221;.<\/p>\n<p>&nbsp;<\/p>\n<table border=\"0\" cellspacing=\"1\" cellpadding=\"1\" align=\"center\">\n<tbody>\n<tr>\n<td colspan=\"5\"><img decoding=\"async\" src=\"https:\/\/www.agenciaminas.mg.gov.br\/ckeditor_assets\/pictures\/20949\/content_2_olho_topo.jpg\" alt=\"\" \/><\/td>\n<\/tr>\n<tr>\n<td><\/td>\n<td colspan=\"3\" rowspan=\"3\">\n<h1><strong>&#8220;Sobretudo, muda a realidade das fam\u00edlias que ter\u00e3o mais momentos juntos, tempo que hoje \u00e9 sacrificado pelo tr\u00e2nsito ca\u00f3tico da Regi\u00e3o Metropolitana\u201d destacou\u00a0Professor Mateus.<\/strong><\/h1>\n<\/td>\n<td><\/td>\n<\/tr>\n<tr>\n<td><\/td>\n<td><\/td>\n<\/tr>\n<tr>\n<td><\/td>\n<td><\/td>\n<\/tr>\n<tr>\n<td colspan=\"5\"><img decoding=\"async\" src=\"https:\/\/www.agenciaminas.mg.gov.br\/ckeditor_assets\/pictures\/20950\/content_2_olho_inferior.jpg\" alt=\"\" \/><\/td>\n<\/tr>\n<\/tbody>\n<\/table>\n<p><strong>Outras obras<\/strong><\/p>\n<p>Paralelamente, a concession\u00e1ria Metr\u00f4 BH continuar\u00e1 realizando as melhorias na linha 1, como, por exemplo, as reformas das 19 esta\u00e7\u00f5es e a conclus\u00e3o da expans\u00e3o at\u00e9 Novo Eldorado, em Contagem, ambas previstas para serem entregues at\u00e9 2026.<\/p>\n<p>Tamb\u00e9m est\u00e3o programadas a conclus\u00e3o da reforma no P\u00e1tio S\u00e3o Gabriel, com amplia\u00e7\u00e3o da oficina de manuten\u00e7\u00e3o que atender\u00e1 as linhas 1 e 2, e a recupera\u00e7\u00e3o da via, da rede a\u00e9rea e dos sistemas de energia, sinaliza\u00e7\u00e3o e comunica\u00e7\u00e3o.<\/p>\n<figure class=\"image\"><img decoding=\"async\" src=\"https:\/\/www.agenciaminas.mg.gov.br\/ckeditor_assets\/pictures\/21676\/content_img_6841.jpg\" alt=\"\" \/><figcaption><sub><em>Dirceu Aur\u00e9lio \/ Imprensa MG<\/em><\/sub><\/figcaption><\/figure>\n<p><strong>Melhorias\u00a0<\/strong><\/p>\n<p>A concess\u00e3o do Metr\u00f4 da RMBH permitiu a implanta\u00e7\u00e3o de melhorias em servi\u00e7os prestados aos mais de 90 mil passageiros transportados todos os dias.<\/p>\n<p>Desde junho de 2023, os usu\u00e1rios podem utilizar, gratuitamente, o sistema de internet Wi-fi nos trens e esta\u00e7\u00f5es.<\/p>\n<p>Al\u00e9m disso, \u00e9 poss\u00edvel acompanhar a previs\u00e3o de chegada dos trens nos 96 pain\u00e9is de LED espalhados pelas 19 esta\u00e7\u00f5es do sistema.<\/p>\n<p>Outro benef\u00edcio do processo de inova\u00e7\u00e3o, moderniza\u00e7\u00e3o e melhorias do modal metrovi\u00e1rio da RMBH foi a implanta\u00e7\u00e3o do sistema de bilhetagem digital, acabando definitivamente com os tickets em papel.<\/p>\n<p>A valida\u00e7\u00e3o da passagem pode ser feita por aproxima\u00e7\u00e3o, diretamente nas catracas, utilizando cart\u00f5es de cr\u00e9dito ou d\u00e9bito, ou ainda por carteiras digitais de smartwatches, celulares ou tablets. Isso reduz a necessidade dos passageiros de pegarem fila para compra dos bilhetes e d\u00e1 mais agilidade no processo de acesso \u00e0s plataformas de embarque.<\/p>\n<p>Tamb\u00e9m houve redu\u00e7\u00e3o de aproximadamente 10% do tempo de viagem entre Vilarinho e Eldorado, que era de, em m\u00e9dia, 55 minutos, com base, apenas, em mudan\u00e7as de processos.<\/p>\n<p>\u201cN\u00f3s estamos hoje aqui na esta\u00e7\u00e3o Amazonas, onde ser\u00e3o iniciadas as obras da linha 2, para colocar fim a uma espera de anos para a popula\u00e7\u00e3o de BH e que vai trazer qualidade de vida para milhares e milhares de mineiros que v\u00e3o passar a usar a linha 2 do metr\u00f4 como seu principal meio de locomo\u00e7\u00e3o\u201d destacou o secret\u00e1rio de Estado de Infraestrutura, Mobilidade e Parcerias (Seinfra), Pedro Bruno.<\/p>\n<p><strong>Novos trens<\/strong><\/p>\n<p>No m\u00eas de maio, o Governo de Minas anunciou a compra de 24 novos trens pela concession\u00e1ria Metr\u00f4 BH.<\/p>\n<p>As novas composi\u00e7\u00f5es ser\u00e3o fabricadas pela empresa chinesa Changchun Railway Vehicles, subsidi\u00e1ria l\u00edder da maior fabricante de material rodante do mundo, CRRC Corporation Limited.<\/p>\n<figure class=\"image\"><img decoding=\"async\" src=\"https:\/\/www.agenciaminas.mg.gov.br\/ckeditor_assets\/pictures\/21677\/content_img_6453.jpg\" alt=\"\" \/><figcaption><sub><em>Dirceu Aur\u00e9lio \/ Imprensa MG<\/em><\/sub><\/figcaption><\/figure>\n<p>A empresa j\u00e1 iniciou o projeto de fabrica\u00e7\u00e3o e a expectativa \u00e9 a de que o primeiro trem chegue ao Brasil e entre em opera\u00e7\u00e3o no primeiro semestre de 2026. As novas composi\u00e7\u00f5es, t\u00e3o logo entregues, v\u00e3o operar tanto na linha 1 como na linha 2 do metr\u00f4.<\/p>\n<p>Os 24 novos trens possuir\u00e3o, cada um, quatro carros, e ser\u00e3o equipados com Opera\u00e7\u00e3o Autom\u00e1tica do Trem (OTA, na sigla em ingl\u00eas), sistema que possibilita mais regularidade, conforto e suavidade nas viagens, al\u00e9m de economia no consumo de energia.<\/p>\n<p>Atualmente, a frota \u00e9 composta por 35 trens, sendo 25 da s\u00e9rie 900, da d\u00e9cada de 1980, e dez trens da s\u00e9rie 1000, que come\u00e7aram a operar em 2015 e j\u00e1 possuem ar-condicionado e sistemas modernos.<\/p>\n<p><strong>Recursos<\/strong><\/p>\n<p>A concess\u00e3o do Metr\u00f4 da Regi\u00e3o Metropolitana de Belo Horizonte completou, em mar\u00e7o, um ano de opera\u00e7\u00e3o. O contrato ter\u00e1 dura\u00e7\u00e3o de 30 anos, com a estimativa de que sejam investidos R$ 3,7 bilh\u00f5es para melhorias e amplia\u00e7\u00f5es ao longo do per\u00edodo.<\/p>\n<p>Desse total, R$ 2,8 bilh\u00f5es s\u00e3o aportes do Governo Federal e cerca de R$ 440 milh\u00f5es s\u00e3o provenientes do Termo de Repara\u00e7\u00e3o assinado pelo Governo de Minas, Minist\u00e9rio P\u00fablico de Minas Gerais (MPMG), Minist\u00e9rio P\u00fablico Federal (MPF) e Defensoria P\u00fablica de Minas Gerais (DPMG) com a Vale, em decorr\u00eancia do rompimento da barragem de Brumadinho. A trag\u00e9dia tirou a vida de 272 pessoas e provocou uma s\u00e9rie de danos sociais, econ\u00f4micos e ambientais em Minas Gerais.<\/p>\n<p>Fonte: Ag\u00eancia Minas<\/p>\n<\/div>\n<p><\/main><\/p>\n","protected":false},"excerpt":{"rendered":"<p>O governador Romeu Zema e o vice-governador Professor Mateus acompanharam, nesta segunda-feira (16\/9), o in\u00edcio das obras de constru\u00e7\u00e3o da linha 2 do metr\u00f4 da Regi\u00e3o Metropolitana de Belo Horizonte (RMBH), prevista no contrato firmado pelo\u00a0Governo de Minas, por meio da\u00a0Secretaria de Estado de Infraestrutura, Mobilidade e Parcerias (Seinfra)\u00a0e a concession\u00e1ria Metr\u00f4 BH. O novo [&hellip;]<\/p>\n","protected":false},"author":246,"featured_media":224634,"comment_status":"closed","ping_status":"closed","sticky":false,"template":"","format":"standard","meta":{"footnotes":""},"categories":[436,440,261,254,252,439],"tags":[],"class_list":["post-224633","post","type-post","status-publish","format-standard","has-post-thumbnail","hentry","category-destaque-da-semana","category-destaques-do-dia","category-economia","category-politica","category-regiao","category-ultima-hora"],"_links":{"self":[{"href":"https:\/\/diarioregionaldigital.com.br\/index.php?rest_route=\/wp\/v2\/posts\/224633","targetHints":{"allow":["GET"]}}],"collection":[{"href":"https:\/\/diarioregionaldigital.com.br\/index.php?rest_route=\/wp\/v2\/posts"}],"about":[{"href":"https:\/\/diarioregionaldigital.com.br\/index.php?rest_route=\/wp\/v2\/types\/post"}],"author":[{"embeddable":true,"href":"https:\/\/diarioregionaldigital.com.br\/index.php?rest_route=\/wp\/v2\/users\/246"}],"replies":[{"embeddable":true,"href":"https:\/\/diarioregionaldigital.com.br\/index.php?rest_route=%2Fwp%2Fv2%2Fcomments&post=224633"}],"version-history":[{"count":1,"href":"https:\/\/diarioregionaldigital.com.br\/index.php?rest_route=\/wp\/v2\/posts\/224633\/revisions"}],"predecessor-version":[{"id":224635,"href":"https:\/\/diarioregionaldigital.com.br\/index.php?rest_route=\/wp\/v2\/posts\/224633\/revisions\/224635"}],"wp:featuredmedia":[{"embeddable":true,"href":"https:\/\/diarioregionaldigital.com.br\/index.php?rest_route=\/wp\/v2\/media\/224634"}],"wp:attachment":[{"href":"https:\/\/diarioregionaldigital.com.br\/index.php?rest_route=%2Fwp%2Fv2%2Fmedia&parent=224633"}],"wp:term":[{"taxonomy":"category","embeddable":true,"href":"https:\/\/diarioregionaldigital.com.br\/index.php?rest_route=%2Fwp%2Fv2%2Fcategories&post=224633"},{"taxonomy":"post_tag","embeddable":true,"href":"https:\/\/diarioregionaldigital.com.br\/index.php?rest_route=%2Fwp%2Fv2%2Ftags&post=224633"}],"curies":[{"name":"wp","href":"https:\/\/api.w.org\/{rel}","templated":true}]}}