{"id":224630,"date":"2024-09-16T20:29:46","date_gmt":"2024-09-16T23:29:46","guid":{"rendered":"https:\/\/diarioregionaldigital.com.br\/?p=224630"},"modified":"2024-09-16T20:29:46","modified_gmt":"2024-09-16T23:29:46","slug":"governo-de-minas-dispensa-25-mil-empresas-da-entrega-da-declaracao-de-apuracao-e-informacoes-do-icms","status":"publish","type":"post","link":"https:\/\/diarioregionaldigital.com.br\/?p=224630","title":{"rendered":"Governo de Minas dispensa 25 mil empresas da entrega da Declara\u00e7\u00e3o de Apura\u00e7\u00e3o e Informa\u00e7\u00f5es do ICMS"},"content":{"rendered":"<p>O\u00a0<a href=\"https:\/\/www.mg.gov.br\/\" target=\"_blank\" rel=\"noopener\">Governo de Minas<\/a>\u00a0atingiu a marca de 25 mil empresas dispensadas da entrega da Declara\u00e7\u00e3o de Apura\u00e7\u00e3o e Informa\u00e7\u00f5es do ICMS (Dapi).<\/p>\n<p>A iniciativa representa uma significativa redu\u00e7\u00e3o da burocracia, permitindo que as empresas destinem mais tempo e recursos financeiros para as suas atividades fim.<\/p>\n<p>Em m\u00e9dio prazo, a expectativa da\u00a0<a href=\"https:\/\/www.fazenda.mg.gov.br\/\" target=\"_blank\" rel=\"noopener\">Secretaria de Estado de Fazenda (SEF)<\/a>\u00a0\u00e9 que todos os cerca de 100 mil contribuintes dos regimes de apura\u00e7\u00e3o normal do ICMS (d\u00e9bito\/cr\u00e9dito) e aqueles isentos ou imunes deixem de elaborar e transmitir a Dapi.<\/p>\n<p>Para as empresas dispensadas, o Conta Corrente Fiscal \u00e9 gerado pela pr\u00f3pria SEF, com base nos dados da Escritura\u00e7\u00e3o Fiscal Digital (EFD).<\/p>\n<p>Para aderir \u00e0 simplifica\u00e7\u00e3o, os contribuintes devem fazer a op\u00e7\u00e3o por meio de m\u00f3dulo pr\u00f3prio do Sistema de Administra\u00e7\u00e3o da Receita Estadual (Siare), que validar\u00e1 Dapis e EFDs dos \u00faltimos tr\u00eas per\u00edodos de apura\u00e7\u00e3o, a fim de verificar se est\u00e3o escriturando corretamente.<\/p>\n<p>A SEF criou, ainda, uma ferramenta para facilitar duplamente o trabalho do contribuinte desobrigado de Dapi: o &#8220;Gera DAE&#8221;, cujas funcionalidades s\u00e3o:<\/p>\n<p>1 \u2013 At\u00e9 a data de vencimento do imposto, \u00e9 poss\u00edvel gerar o Documento de Arrecada\u00e7\u00e3o Estadual (DAE) por meio do aplicativo;<\/p>\n<p>2 \u2013 Valida antecipadamente a EFD de qualquer per\u00edodo de apura\u00e7\u00e3o, de modo a saber se h\u00e1 alguma corre\u00e7\u00e3o a ser feita. Assim, o contribuinte evita fazer substitui\u00e7\u00f5es de arquivos.<\/p>\n<p>O Gera DAE est\u00e1 dispon\u00edvel para download\u00a0<a href=\"https:\/\/portalsped.fazenda.mg.gov.br\/spedmg\/efd\/desobrigar-dapi\/\" target=\"_blank\" rel=\"noopener\">neste link<\/a>.<\/p>\n<p>No mesmo sentido de simplificar as obriga\u00e7\u00f5es acess\u00f3rias, a SEF est\u00e1 gerando a Declara\u00e7\u00e3o Anual do Movimento Econ\u00f4mico Fiscal (Damef), tamb\u00e9m com dados da EFD.<\/p>\n<p>Essa facilidade permitiu maior agilidade e qualidade na apura\u00e7\u00e3o do Valor Adicionado Fiscal (VAF), base para distribui\u00e7\u00e3o dos repasses constitucionais da quota do ICMS aos munic\u00edpios.<\/p>\n<p>A partir da Damef gerada pela SEF, os contribuintes fazem a complementa\u00e7\u00e3o de informa\u00e7\u00f5es no Siare.<\/p>\n<p>A Secretaria de Fazenda, com essa iniciativa, confere transpar\u00eancia e seguran\u00e7a aos contribuintes mineiros.<\/p>\n<p>Eventuais d\u00favidas devem ser encaminhadas ao Fale Conosco da SEF, no assunto \u201cDesobrigar Dapi \u2013 gera\u00e7\u00e3o pela EFD\u201d.<\/p>\n<p>Fonte: Ag\u00eancia Minas<\/p>\n","protected":false},"excerpt":{"rendered":"<p>O\u00a0Governo de Minas\u00a0atingiu a marca de 25 mil empresas dispensadas da entrega da Declara\u00e7\u00e3o de Apura\u00e7\u00e3o e Informa\u00e7\u00f5es do ICMS (Dapi). A iniciativa representa uma significativa redu\u00e7\u00e3o da burocracia, permitindo que as empresas destinem mais tempo e recursos financeiros para as suas atividades fim. Em m\u00e9dio prazo, a expectativa da\u00a0Secretaria de Estado de Fazenda (SEF)\u00a0\u00e9 [&hellip;]<\/p>\n","protected":false},"author":246,"featured_media":224631,"comment_status":"closed","ping_status":"closed","sticky":false,"template":"","format":"standard","meta":{"footnotes":""},"categories":[436,440,261,439],"tags":[],"class_list":["post-224630","post","type-post","status-publish","format-standard","has-post-thumbnail","hentry","category-destaque-da-semana","category-destaques-do-dia","category-economia","category-ultima-hora"],"_links":{"self":[{"href":"https:\/\/diarioregionaldigital.com.br\/index.php?rest_route=\/wp\/v2\/posts\/224630","targetHints":{"allow":["GET"]}}],"collection":[{"href":"https:\/\/diarioregionaldigital.com.br\/index.php?rest_route=\/wp\/v2\/posts"}],"about":[{"href":"https:\/\/diarioregionaldigital.com.br\/index.php?rest_route=\/wp\/v2\/types\/post"}],"author":[{"embeddable":true,"href":"https:\/\/diarioregionaldigital.com.br\/index.php?rest_route=\/wp\/v2\/users\/246"}],"replies":[{"embeddable":true,"href":"https:\/\/diarioregionaldigital.com.br\/index.php?rest_route=%2Fwp%2Fv2%2Fcomments&post=224630"}],"version-history":[{"count":1,"href":"https:\/\/diarioregionaldigital.com.br\/index.php?rest_route=\/wp\/v2\/posts\/224630\/revisions"}],"predecessor-version":[{"id":224632,"href":"https:\/\/diarioregionaldigital.com.br\/index.php?rest_route=\/wp\/v2\/posts\/224630\/revisions\/224632"}],"wp:featuredmedia":[{"embeddable":true,"href":"https:\/\/diarioregionaldigital.com.br\/index.php?rest_route=\/wp\/v2\/media\/224631"}],"wp:attachment":[{"href":"https:\/\/diarioregionaldigital.com.br\/index.php?rest_route=%2Fwp%2Fv2%2Fmedia&parent=224630"}],"wp:term":[{"taxonomy":"category","embeddable":true,"href":"https:\/\/diarioregionaldigital.com.br\/index.php?rest_route=%2Fwp%2Fv2%2Fcategories&post=224630"},{"taxonomy":"post_tag","embeddable":true,"href":"https:\/\/diarioregionaldigital.com.br\/index.php?rest_route=%2Fwp%2Fv2%2Ftags&post=224630"}],"curies":[{"name":"wp","href":"https:\/\/api.w.org\/{rel}","templated":true}]}}