{"id":224627,"date":"2024-09-13T13:35:19","date_gmt":"2024-09-13T16:35:19","guid":{"rendered":"https:\/\/diarioregionaldigital.com.br\/?p=224627"},"modified":"2024-09-13T13:35:19","modified_gmt":"2024-09-13T16:35:19","slug":"campanha-de-vacinacao-antirrabica-animal-tera-91-postos-de-aplicacao","status":"publish","type":"post","link":"https:\/\/diarioregionaldigital.com.br\/?p=224627","title":{"rendered":"Campanha de Vacina\u00e7\u00e3o Antirr\u00e1bica Animal ter\u00e1 91 postos de aplica\u00e7\u00e3o"},"content":{"rendered":"<p>Segundo informa\u00e7\u00f5es do site da Prefeitura de Juiz de Fora (PJF), a PJF informa a inclus\u00e3o de novos locais de aplica\u00e7\u00e3o dos imunizantes contra a raiva na Campanha de Vacina\u00e7\u00e3o Antirr\u00e1bica Animal na Zona Urbana. A a\u00e7\u00e3o ser\u00e1 neste s\u00e1bado, 14, em 91 postos espalhados pelo munic\u00edpio.<\/p>\n<div id=\"box_texto_noticia\">\n<p>As Pra\u00e7as da Baleia, no Bairu, Armando Toschi Ministrinho, no Jardim Gl\u00f3ria, assim como a Pra\u00e7a do bairro Manoel Hon\u00f3rio est\u00e3o entre os locais adicionados \u00e0 programa\u00e7\u00e3o da Campanha.<\/p>\n<p>A a\u00e7\u00e3o ocorre das 8h \u00e0s 17h nas Unidades B\u00e1sicas de Sa\u00fade (UBS) e demais postos fixos. J\u00e1 nos postos volantes, a vacina\u00e7\u00e3o ocorre em hor\u00e1rio diferenciado. Os locais e hor\u00e1rios de aplica\u00e7\u00e3o da vacina antirr\u00e1bica animal na Zona Urbana podem ser conferidos no documento anexo no fim deste texto.<\/p>\n<p>&nbsp;<\/p>\n<p>A vacina antirr\u00e1bica \u00e9 indicada para c\u00e3es e gatos, a partir de tr\u00eas meses de idade, sendo recomendada uma dose ao ano.<\/p>\n<p>&nbsp;<\/p>\n<p><strong>Confira a programa\u00e7\u00e3o da Zona Urbana em anexo.<\/strong><\/p>\n<\/div>\n<p>&nbsp;<\/p>\n<div class=\"texto_anexo\"><img loading=\"lazy\" decoding=\"async\" src=\"http:\/\/www.pjf.mg.gov.br\/imagens\/clips.jpg\" width=\"22\" height=\"20\" \/> <a href=\"http:\/\/www.pjf.mg.gov.br\/noticias\/anexo\/antirabica.pdf\" target=\"_blank\" rel=\"noopener\">Veja o anexo<\/a><\/div>\n","protected":false},"excerpt":{"rendered":"<p>Segundo informa\u00e7\u00f5es do site da Prefeitura de Juiz de Fora (PJF), a PJF informa a inclus\u00e3o de novos locais de aplica\u00e7\u00e3o dos imunizantes contra a raiva na Campanha de Vacina\u00e7\u00e3o Antirr\u00e1bica Animal na Zona Urbana. A a\u00e7\u00e3o ser\u00e1 neste s\u00e1bado, 14, em 91 postos espalhados pelo munic\u00edpio. As Pra\u00e7as da Baleia, no Bairu, Armando Toschi [&hellip;]<\/p>\n","protected":false},"author":246,"featured_media":224628,"comment_status":"closed","ping_status":"closed","sticky":false,"template":"","format":"standard","meta":{"footnotes":""},"categories":[253,436,440,439],"tags":[],"class_list":["post-224627","post","type-post","status-publish","format-standard","has-post-thumbnail","hentry","category-cidade","category-destaque-da-semana","category-destaques-do-dia","category-ultima-hora"],"_links":{"self":[{"href":"https:\/\/diarioregionaldigital.com.br\/index.php?rest_route=\/wp\/v2\/posts\/224627","targetHints":{"allow":["GET"]}}],"collection":[{"href":"https:\/\/diarioregionaldigital.com.br\/index.php?rest_route=\/wp\/v2\/posts"}],"about":[{"href":"https:\/\/diarioregionaldigital.com.br\/index.php?rest_route=\/wp\/v2\/types\/post"}],"author":[{"embeddable":true,"href":"https:\/\/diarioregionaldigital.com.br\/index.php?rest_route=\/wp\/v2\/users\/246"}],"replies":[{"embeddable":true,"href":"https:\/\/diarioregionaldigital.com.br\/index.php?rest_route=%2Fwp%2Fv2%2Fcomments&post=224627"}],"version-history":[{"count":1,"href":"https:\/\/diarioregionaldigital.com.br\/index.php?rest_route=\/wp\/v2\/posts\/224627\/revisions"}],"predecessor-version":[{"id":224629,"href":"https:\/\/diarioregionaldigital.com.br\/index.php?rest_route=\/wp\/v2\/posts\/224627\/revisions\/224629"}],"wp:featuredmedia":[{"embeddable":true,"href":"https:\/\/diarioregionaldigital.com.br\/index.php?rest_route=\/wp\/v2\/media\/224628"}],"wp:attachment":[{"href":"https:\/\/diarioregionaldigital.com.br\/index.php?rest_route=%2Fwp%2Fv2%2Fmedia&parent=224627"}],"wp:term":[{"taxonomy":"category","embeddable":true,"href":"https:\/\/diarioregionaldigital.com.br\/index.php?rest_route=%2Fwp%2Fv2%2Fcategories&post=224627"},{"taxonomy":"post_tag","embeddable":true,"href":"https:\/\/diarioregionaldigital.com.br\/index.php?rest_route=%2Fwp%2Fv2%2Ftags&post=224627"}],"curies":[{"name":"wp","href":"https:\/\/api.w.org\/{rel}","templated":true}]}}