{"id":224603,"date":"2024-09-12T09:11:12","date_gmt":"2024-09-12T12:11:12","guid":{"rendered":"https:\/\/diarioregionaldigital.com.br\/?p=224603"},"modified":"2024-09-12T09:11:12","modified_gmt":"2024-09-12T12:11:12","slug":"extrato-de-primeiro-termo-aditivo-de-contrato-12-09-2024","status":"publish","type":"post","link":"https:\/\/diarioregionaldigital.com.br\/?p=224603","title":{"rendered":"EXTRATO DE PRIMEIRO TERMO ADITIVO DE CONTRATO &#8211; 12\/09\/2024"},"content":{"rendered":"<p class=\"s3\"><span class=\"s2\"><span class=\"bumpedFont17\">EXTRATO <\/span><\/span><span class=\"s2\"><span class=\"bumpedFont17\">DE <\/span><\/span><span class=\"s2\"><span class=\"bumpedFont17\">PRIMEIRO<\/span><\/span> <span class=\"s2\"><span class=\"bumpedFont17\">TERMO ADITIVO <\/span><\/span><span class=\"s2\"><span class=\"bumpedFont17\">DE CONTRATO<\/span><\/span><\/p>\n<p class=\"s4\"><span class=\"s2\"><span class=\"bumpedFont17\">1<\/span><\/span><span class=\"s2\"><span class=\"bumpedFont17\">\u00ba Termo Aditivo. <\/span><\/span><span class=\"s2\"><span class=\"bumpedFont17\">Pre<\/span><\/span><span class=\"s2\"><span class=\"bumpedFont17\">f. Mu<\/span><\/span><span class=\"s2\"><span class=\"bumpedFont17\">nicip<\/span><\/span><span class=\"s2\"><span class=\"bumpedFont17\">al de Descoberto <\/span><\/span><span class=\"s2\"><span class=\"bumpedFont17\">x Uni\u00e3o Recicl\u00e1veis Rio Novo Ltda <\/span><\/span><span class=\"s2\"><span class=\"bumpedFont17\">&#8211; Objeto: <\/span><\/span><span class=\"s2\"><span class=\"bumpedFont17\">Modifica\u00e7\u00e3o do objeto do contrato para deferir o reajuste \u2013 Lei 8.666\/93, art.40, <\/span><\/span><span class=\"s2\"><span class=\"bumpedFont17\">inc.XI<\/span><\/span><span class=\"s2\"><span class=\"bumpedFont17\"> e <\/span><\/span><span class=\"s2\"><span class=\"bumpedFont17\">art<\/span><\/span><span class=\"s2\"><span class=\"bumpedFont17\"> 55, inc. \u00a0III- Lei 10.192\/2001, <\/span><\/span><span class=\"s2\"><span class=\"bumpedFont17\">arts<\/span><\/span><span class=\"s2\"><span class=\"bumpedFont17\">. 2\u00ba e 3\u00ba &#8211; Precedente do TCE-MG- Previs\u00e3o em contrato que corresponde a 4,498250% <\/span><\/span><span class=\"s2\"><span class=\"bumpedFont17\">&#8211; <\/span><\/span><span class=\"s2\"><span class=\"bumpedFont17\">Fundamento:<\/span><\/span> <span class=\"s2\"><span class=\"bumpedFont17\">Concorr\u00eancia <\/span><\/span><span class=\"s2\"><span class=\"bumpedFont17\">n\u00ba<\/span><\/span> <span class=\"s2\"><span class=\"bumpedFont17\">0<\/span><\/span><span class=\"s2\"><span class=\"bumpedFont17\">0<\/span><\/span><span class=\"s2\"><span class=\"bumpedFont17\">1<\/span><\/span><span class=\"s2\"><span class=\"bumpedFont17\">\/202<\/span><\/span><span class=\"s2\"><span class=\"bumpedFont17\">3<\/span><\/span> <span class=\"s2\"><span class=\"bumpedFont17\">\u2013<\/span><\/span> <span class=\"s2\"><span class=\"bumpedFont17\">Valor Global<\/span><\/span><span class=\"s2\"><span class=\"bumpedFont17\">:<\/span><\/span> <span class=\"s2\"><span class=\"bumpedFont17\">1.178.740,32 \u2013 Valor Mensal: 24.557,09<\/span><\/span> <span class=\"s2\"><span class=\"bumpedFont17\">\u2013 Vig\u00eancia:<\/span><\/span> <span class=\"s2\"><span class=\"bumpedFont17\">04\/08\/2028<\/span><\/span> <span class=\"s2\"><span class=\"bumpedFont17\">\u2013 <\/span><\/span><span class=\"s2\"><span class=\"bumpedFont17\">Dot<\/span><\/span> <span class=\"s2\"><span class=\"bumpedFont17\">or\u00e7<\/span><\/span><span class=\"s2\"><span class=\"bumpedFont17\">:<\/span><\/span> <span class=\"s2\"><span class=\"bumpedFont17\">02.02009.18.541.0013.243-339039\/150 <\/span><\/span><span class=\"s2\"><span class=\"bumpedFont17\">&#8211; <\/span><\/span><span class=\"s2\"><span class=\"bumpedFont17\">Ass<\/span><\/span><span class=\"s2\"><span class=\"bumpedFont17\">: <\/span><\/span><span class=\"s2\"><span class=\"bumpedFont17\">15\/08\/2024<\/span><\/span> <span class=\"s2\"><span class=\"bumpedFont17\">&#8211; Foro: S\u00e3o Jo\u00e3o Nepomuceno\/MG<\/span><\/span><span class=\"s2\"><span class=\"bumpedFont17\">.<\/span><\/span><\/p>\n<p class=\"s4\">\n<p class=\"s4\">\n<p class=\"s4\">\n<p class=\"s4\">\n<p class=\"s4\">\n<p class=\"s5\"><span class=\"s2\"><span class=\"bumpedFont17\">Marcos de Ara\u00fajo Lima<\/span><\/span><\/p>\n<p class=\"s5\"><span class=\"s2\"><span class=\"bumpedFont17\">Prefeito <\/span><\/span><span class=\"s2\"><span class=\"bumpedFont17\">Municipal <\/span><\/span><\/p>\n<p>&nbsp;<\/p>\n<p>\u200b<\/p>\n","protected":false},"excerpt":{"rendered":"<p>EXTRATO DE PRIMEIRO TERMO ADITIVO DE CONTRATO 1\u00ba Termo Aditivo. Pref. Municipal de Descoberto x Uni\u00e3o Recicl\u00e1veis Rio Novo Ltda &#8211; Objeto: Modifica\u00e7\u00e3o do objeto do contrato para deferir o reajuste \u2013 Lei 8.666\/93, art.40, inc.XI e art 55, inc. \u00a0III- Lei 10.192\/2001, arts. 2\u00ba e 3\u00ba &#8211; Precedente do TCE-MG- Previs\u00e3o em contrato que [&hellip;]<\/p>\n","protected":false},"author":246,"featured_media":0,"comment_status":"closed","ping_status":"closed","sticky":false,"template":"","format":"standard","meta":{"footnotes":""},"categories":[307],"tags":[],"class_list":["post-224603","post","type-post","status-publish","format-standard","hentry","category-editais"],"_links":{"self":[{"href":"https:\/\/diarioregionaldigital.com.br\/index.php?rest_route=\/wp\/v2\/posts\/224603","targetHints":{"allow":["GET"]}}],"collection":[{"href":"https:\/\/diarioregionaldigital.com.br\/index.php?rest_route=\/wp\/v2\/posts"}],"about":[{"href":"https:\/\/diarioregionaldigital.com.br\/index.php?rest_route=\/wp\/v2\/types\/post"}],"author":[{"embeddable":true,"href":"https:\/\/diarioregionaldigital.com.br\/index.php?rest_route=\/wp\/v2\/users\/246"}],"replies":[{"embeddable":true,"href":"https:\/\/diarioregionaldigital.com.br\/index.php?rest_route=%2Fwp%2Fv2%2Fcomments&post=224603"}],"version-history":[{"count":1,"href":"https:\/\/diarioregionaldigital.com.br\/index.php?rest_route=\/wp\/v2\/posts\/224603\/revisions"}],"predecessor-version":[{"id":224604,"href":"https:\/\/diarioregionaldigital.com.br\/index.php?rest_route=\/wp\/v2\/posts\/224603\/revisions\/224604"}],"wp:attachment":[{"href":"https:\/\/diarioregionaldigital.com.br\/index.php?rest_route=%2Fwp%2Fv2%2Fmedia&parent=224603"}],"wp:term":[{"taxonomy":"category","embeddable":true,"href":"https:\/\/diarioregionaldigital.com.br\/index.php?rest_route=%2Fwp%2Fv2%2Fcategories&post=224603"},{"taxonomy":"post_tag","embeddable":true,"href":"https:\/\/diarioregionaldigital.com.br\/index.php?rest_route=%2Fwp%2Fv2%2Ftags&post=224603"}],"curies":[{"name":"wp","href":"https:\/\/api.w.org\/{rel}","templated":true}]}}