{"id":224597,"date":"2024-09-11T21:07:07","date_gmt":"2024-09-12T00:07:07","guid":{"rendered":"https:\/\/diarioregionaldigital.com.br\/?p=224597"},"modified":"2024-09-11T21:07:07","modified_gmt":"2024-09-12T00:07:07","slug":"pjf-realiza-cerimonia-de-encerramento-da-copa-prefeitura-de-futsal-2024-2","status":"publish","type":"post","link":"https:\/\/diarioregionaldigital.com.br\/?p=224597","title":{"rendered":"PJF realiza cerim\u00f4nia de encerramento da Copa Prefeitura de Futsal 2024"},"content":{"rendered":"<p>Segundo informa\u00e7\u00f5es do site da Prefeitura de Juiz de Fora (PJF), na ter\u00e7a-feira, dia 10, a Secretaria de Esporte e Lazer (SEL) da Prefeitura de Juiz de Fora (PJF) realizou a cerim\u00f4nia de encerramento da Copa Prefeitura de Futsal 2024, no Teatro Paschoal Carlos Magno. A Cerim\u00f4nia premiou os artilheiros da competi\u00e7\u00e3o, as defesas menos vazadas, os destaques da arbitragem e a ta\u00e7a \u201cFair Play&#8221;. Confira em anexo todos os dados da copa este ano.<\/p>\n<p>A competi\u00e7\u00e3o foi disputada em 11 categorias, composta por, 187 equipes. Foram realizados 324 jogos e marcados 1.814 gols. A copa oportunizou a participa\u00e7\u00e3o de mais de 2.800 pessoas diretamente envolvidos e mais de 20 mil espectadores, entre os meses de abril e agosto.<\/p>\n<p><strong>Artilheiros:<\/strong><\/p>\n<p>Sub-11: Arthur Barbosa Carneiro Alves &#8211; Zico 10 Jf; Com 15 Gols<\/p>\n<p>Sub-13: Bernardo Da Silva Arruda &#8211; Independente Mar De Espanha; Com 11 Gols<\/p>\n<p>Sub-15 Masculina: Kaique Alves De Carvalho &#8211; Col\u00e9gio Cnx; Com 8 Gols<\/p>\n<p>Sub-15 Feminina: Maria Clara Saenz Matioli &#8211; Centro De Futebol Zico \/ Jf; Com 11 Gols<\/p>\n<p>Sub-17 Masculina: Guilber De Paula Silva &#8211;\u00a0 Prefeitura De Piau; Com 11 Gols<\/p>\n<p>Sub-17 Feminina: Ana Clara Barbosa Da Silva Domingos &#8211; Clube Bom Pastor; Com 5 Gols<\/p>\n<p>Sub-20 Masculina: Nicolas Vieira Dos Santos- A.E.C. S\u00e3o Bernardo; Com 12 Gols<\/p>\n<p>Adulta Masculina: Vin\u00edcius Gabriel Canedo De Souza &#8211; A.E.C. S\u00e3o Bernardo Jf; Com\u00a0 13 Gols<\/p>\n<p>Veterana: Eduardo Augusto Ferraz Zanella &#8211; Equipe 2010 Apogeu; Com 06 Gols.<\/p>\n<p>Adulta Feminina:\u00a0 Kelly Cristina Reginaldo Pereira &#8211; Biquense Futsal Feminino; Com 6 Gols<\/p>\n<p><strong>Defesa Menos Vazada:<\/strong><\/p>\n<p>Sub-11: Centro De Futebol Zico \/ Jf<\/p>\n<p>Sub-13: Centro De Futebol Zico \/ Jf<\/p>\n<p>Sub-15 Masculina: Centro De Futebol Zico \/ Jf<\/p>\n<p>Sub-15 Feminina: Col\u00e9gio Cnx \/S.C. Jf<\/p>\n<p>Sub-17 Masculina: Afc Richmond<\/p>\n<p>Sub-17 Feminina: Clube Bom Pastor<\/p>\n<p>Sub-20: A.E.C. S\u00e3o Bernardo Jf<\/p>\n<p>Adulta Mas: A.E.C. S\u00e3o Bernardo Jf<\/p>\n<p>Veterana: Artsul<\/p>\n<p>Adulta Fem: A.E.C. S\u00e3o Bernardo Jf<\/p>\n<p><strong>Ta\u00e7a Disciplina:<\/strong><\/p>\n<p>Sub-11: Centro De Futebol Zico \/ Jf<\/p>\n<p>Sub-13: Jc Cirico<\/p>\n<p>Sub-15 Masc: Centro De Futebol Zico<\/p>\n<p>Sub-15 Fem: Col\u00e9gio Cnx \/S.C. Jf<\/p>\n<p>Sub-17 Masc: Prefeitura De Goian\u00e1<\/p>\n<p>Sub-17 Fem: Clube Bom Pastor<\/p>\n<p>Sub-20: Necc \/ Tupi F.C.<\/p>\n<p>Adulta Masculina: Arsenal Cool F.C.<\/p>\n<p>Veterana: 2010 \/ Apogeu<\/p>\n<p>Adulta Fem: Biquense Futsal Feminino<\/p>\n<p><strong>\u00c1rbitros Em Destaque:<\/strong><\/p>\n<p>Pedro Rios<br \/>\nF\u00e1bio Barbosa<br \/>\nLeandro Andrade<\/p>\n<div class=\"texto_anexo\"><img loading=\"lazy\" decoding=\"async\" src=\"https:\/\/www.pjf.mg.gov.br\/imagens\/clips.jpg\" width=\"22\" height=\"20\" \/>\u00a0<a href=\"https:\/\/www.pjf.mg.gov.br\/noticias\/anexo\/BALAN%C3%87OFINAL-2024(2).pdf\" target=\"_blank\" rel=\"noopener\">Veja o anexo<\/a><\/div>\n","protected":false},"excerpt":{"rendered":"<p>Segundo informa\u00e7\u00f5es do site da Prefeitura de Juiz de Fora (PJF), na ter\u00e7a-feira, dia 10, a Secretaria de Esporte e Lazer (SEL) da Prefeitura de Juiz de Fora (PJF) realizou a cerim\u00f4nia de encerramento da Copa Prefeitura de Futsal 2024, no Teatro Paschoal Carlos Magno. A Cerim\u00f4nia premiou os artilheiros da competi\u00e7\u00e3o, as defesas menos [&hellip;]<\/p>\n","protected":false},"author":246,"featured_media":224598,"comment_status":"closed","ping_status":"closed","sticky":false,"template":"","format":"standard","meta":{"footnotes":""},"categories":[253,436,440,439],"tags":[],"class_list":["post-224597","post","type-post","status-publish","format-standard","has-post-thumbnail","hentry","category-cidade","category-destaque-da-semana","category-destaques-do-dia","category-ultima-hora"],"_links":{"self":[{"href":"https:\/\/diarioregionaldigital.com.br\/index.php?rest_route=\/wp\/v2\/posts\/224597","targetHints":{"allow":["GET"]}}],"collection":[{"href":"https:\/\/diarioregionaldigital.com.br\/index.php?rest_route=\/wp\/v2\/posts"}],"about":[{"href":"https:\/\/diarioregionaldigital.com.br\/index.php?rest_route=\/wp\/v2\/types\/post"}],"author":[{"embeddable":true,"href":"https:\/\/diarioregionaldigital.com.br\/index.php?rest_route=\/wp\/v2\/users\/246"}],"replies":[{"embeddable":true,"href":"https:\/\/diarioregionaldigital.com.br\/index.php?rest_route=%2Fwp%2Fv2%2Fcomments&post=224597"}],"version-history":[{"count":1,"href":"https:\/\/diarioregionaldigital.com.br\/index.php?rest_route=\/wp\/v2\/posts\/224597\/revisions"}],"predecessor-version":[{"id":224599,"href":"https:\/\/diarioregionaldigital.com.br\/index.php?rest_route=\/wp\/v2\/posts\/224597\/revisions\/224599"}],"wp:featuredmedia":[{"embeddable":true,"href":"https:\/\/diarioregionaldigital.com.br\/index.php?rest_route=\/wp\/v2\/media\/224598"}],"wp:attachment":[{"href":"https:\/\/diarioregionaldigital.com.br\/index.php?rest_route=%2Fwp%2Fv2%2Fmedia&parent=224597"}],"wp:term":[{"taxonomy":"category","embeddable":true,"href":"https:\/\/diarioregionaldigital.com.br\/index.php?rest_route=%2Fwp%2Fv2%2Fcategories&post=224597"},{"taxonomy":"post_tag","embeddable":true,"href":"https:\/\/diarioregionaldigital.com.br\/index.php?rest_route=%2Fwp%2Fv2%2Ftags&post=224597"}],"curies":[{"name":"wp","href":"https:\/\/api.w.org\/{rel}","templated":true}]}}