{"id":224580,"date":"2024-09-11T20:57:53","date_gmt":"2024-09-11T23:57:53","guid":{"rendered":"https:\/\/diarioregionaldigital.com.br\/?p=224580"},"modified":"2024-09-11T20:57:53","modified_gmt":"2024-09-11T23:57:53","slug":"bens-e-valores-confiscados-por-lavagem-de-dinheiro-em-minas-serao-repassados-a-seguranca-publica","status":"publish","type":"post","link":"https:\/\/diarioregionaldigital.com.br\/?p=224580","title":{"rendered":"Bens e valores confiscados por lavagem de dinheiro em Minas ser\u00e3o repassados \u00e0 Seguran\u00e7a P\u00fablica"},"content":{"rendered":"<p>O\u00a0<a href=\"https:\/\/www.mg.gov.br\/\" target=\"_blank\" rel=\"noopener\">Governo de Minas<\/a>\u00a0definiu que\u00a0bens, direitos e valores relacionados direta ou indiretamente aos crimes de lavagem de dinheiro sejam repassados aos \u00f3rg\u00e3os de Seguran\u00e7a do Estado.<\/p>\n<p>A medida foi formalizada nesta quarta-feira (11\/9), com a publica\u00e7\u00e3o do Decreto 48.892 no\u00a0<a href=\"https:\/\/www.jornalminasgerais.mg.gov.br\/index.php?dataJornal=2024-09-11\" target=\"_blank\" rel=\"noopener\">Di\u00e1rio Oficial do Estado<\/a>.<\/p>\n<p>A incorpora\u00e7\u00e3o ser\u00e1 feita ap\u00f3s o tr\u00e2nsito em julgado da senten\u00e7a penal condenat\u00f3ria, e os bens convertidos em dinheiro para o repasse. A destina\u00e7\u00e3o dos recursos financeiros ser\u00e1 feita ao Fundo Estadual de Seguran\u00e7a P\u00fablica de Minas Gerais.<\/p>\n<p>A decreto prev\u00ea que 90% desses valores, quando incorporados definitivamente ao patrim\u00f4nio do Estado, ser\u00e3o repassados \u00e0\u00a0<a href=\"https:\/\/www.policiacivil.mg.gov.br\/\" target=\"_blank\" rel=\"noopener\">Pol\u00edcia Civil de Minas Gerais (PCMG)<\/a>. Os outros 10% s\u00e3o destinados aos demais \u00f3rg\u00e3os de Seguran\u00e7a P\u00fablica.<\/p>\n<p>De acordo com o chefe do Laborat\u00f3rio de Tecnologia contra Lavagem de Dinheiro da PCMG, delegado Jonas Tomazi, a medida fortalece ainda mais o combate ao crime organizado, permitindo que os recursos recuperados sejam reinvestidos em infraestrutura, tecnologia, equipamentos especializados e na capacita\u00e7\u00e3o cont\u00ednua dos servidores.<\/p>\n<p>\u201cAcreditamos que esse investimento tornar\u00e1 nossas opera\u00e7\u00f5es ainda mais eficientes, ajudando a garantir um estado mais seguro para todos os cidad\u00e3os mineiros\u201d, afirmou o delegado.<\/p>\n<p>Ainda de acordo com o decreto, os recursos financeiros dever\u00e3o ser aplicados em infraestrutura predial e reestrutura\u00e7\u00e3o log\u00edstica, compra de viaturas e materiais b\u00e9licos, tecnologia e equipamentos voltados para o combate \u00e0 lavagem de dinheiro, intelig\u00eancia policial e capacita\u00e7\u00e3o de agentes policiais e autoridades.<\/p>\n<p>Fonte: Ag\u00eancia Minas<\/p>\n","protected":false},"excerpt":{"rendered":"<p>O\u00a0Governo de Minas\u00a0definiu que\u00a0bens, direitos e valores relacionados direta ou indiretamente aos crimes de lavagem de dinheiro sejam repassados aos \u00f3rg\u00e3os de Seguran\u00e7a do Estado. A medida foi formalizada nesta quarta-feira (11\/9), com a publica\u00e7\u00e3o do Decreto 48.892 no\u00a0Di\u00e1rio Oficial do Estado. A incorpora\u00e7\u00e3o ser\u00e1 feita ap\u00f3s o tr\u00e2nsito em julgado da senten\u00e7a penal condenat\u00f3ria, [&hellip;]<\/p>\n","protected":false},"author":246,"featured_media":224581,"comment_status":"closed","ping_status":"closed","sticky":false,"template":"","format":"standard","meta":{"footnotes":""},"categories":[436,261,254,252,439],"tags":[],"class_list":["post-224580","post","type-post","status-publish","format-standard","has-post-thumbnail","hentry","category-destaque-da-semana","category-economia","category-politica","category-regiao","category-ultima-hora"],"_links":{"self":[{"href":"https:\/\/diarioregionaldigital.com.br\/index.php?rest_route=\/wp\/v2\/posts\/224580","targetHints":{"allow":["GET"]}}],"collection":[{"href":"https:\/\/diarioregionaldigital.com.br\/index.php?rest_route=\/wp\/v2\/posts"}],"about":[{"href":"https:\/\/diarioregionaldigital.com.br\/index.php?rest_route=\/wp\/v2\/types\/post"}],"author":[{"embeddable":true,"href":"https:\/\/diarioregionaldigital.com.br\/index.php?rest_route=\/wp\/v2\/users\/246"}],"replies":[{"embeddable":true,"href":"https:\/\/diarioregionaldigital.com.br\/index.php?rest_route=%2Fwp%2Fv2%2Fcomments&post=224580"}],"version-history":[{"count":1,"href":"https:\/\/diarioregionaldigital.com.br\/index.php?rest_route=\/wp\/v2\/posts\/224580\/revisions"}],"predecessor-version":[{"id":224582,"href":"https:\/\/diarioregionaldigital.com.br\/index.php?rest_route=\/wp\/v2\/posts\/224580\/revisions\/224582"}],"wp:featuredmedia":[{"embeddable":true,"href":"https:\/\/diarioregionaldigital.com.br\/index.php?rest_route=\/wp\/v2\/media\/224581"}],"wp:attachment":[{"href":"https:\/\/diarioregionaldigital.com.br\/index.php?rest_route=%2Fwp%2Fv2%2Fmedia&parent=224580"}],"wp:term":[{"taxonomy":"category","embeddable":true,"href":"https:\/\/diarioregionaldigital.com.br\/index.php?rest_route=%2Fwp%2Fv2%2Fcategories&post=224580"},{"taxonomy":"post_tag","embeddable":true,"href":"https:\/\/diarioregionaldigital.com.br\/index.php?rest_route=%2Fwp%2Fv2%2Ftags&post=224580"}],"curies":[{"name":"wp","href":"https:\/\/api.w.org\/{rel}","templated":true}]}}