{"id":224576,"date":"2024-09-11T20:56:20","date_gmt":"2024-09-11T23:56:20","guid":{"rendered":"https:\/\/diarioregionaldigital.com.br\/?p=224576"},"modified":"2024-09-11T20:56:20","modified_gmt":"2024-09-11T23:56:20","slug":"minas-recebeu-mais-de-85-mil-novas-empresas-em-agosto","status":"publish","type":"post","link":"https:\/\/diarioregionaldigital.com.br\/?p=224576","title":{"rendered":"Minas recebeu mais de 8,5 mil novas empresas em agosto"},"content":{"rendered":"<p>Minas Gerais encerrou agosto com 8.547 novas empresas abertas em todas as regi\u00f5es do estado, alta de 4,37% em rela\u00e7\u00e3o ao volume registrado em agosto de 2023, que foi de 8.189 constitui\u00e7\u00f5es empresariais. A m\u00e9dia para o m\u00eas foi de 276 novos neg\u00f3cios por dia.<\/p>\n<p>No acumulado do ano, j\u00e1 s\u00e3o 65.923 novos empreendimentos abertos em Minas, um crescimento de 12,01% frente aos oito primeiros meses do ano passado (58.856).<\/p>\n<p>Os dados fazem parte do relat\u00f3rio de registros mercantis divulgado, nesta quarta-feira (11\/9), pela\u00a0<a href=\"https:\/\/jucemg.mg.gov.br\/\" target=\"_blank\" rel=\"noopener\">Junta Comercial de Minas Gerais (Jucemg)<\/a>, autarquia vinculada \u00e0\u00a0<a href=\"https:\/\/desenvolvimento.mg.gov.br\/\" target=\"_blank\" rel=\"noopener\">Secretaria de Estado de Desenvolvimento Econ\u00f4mico (Sede-MG)<\/a>\u00a0e respons\u00e1vel pelo registro de movimenta\u00e7\u00f5es de empresas no territ\u00f3rio mineiro.<\/p>\n<p>O secret\u00e1rio de Estado de Desenvolvimento Econ\u00f4mico, Fernando Passalio, destacou as a\u00e7\u00f5es do\u00a0<a href=\"https:\/\/www.mg.gov.br\/\" target=\"_blank\" rel=\"noopener\">Governo de Minas<\/a>\u00a0para simplificar o ambiente de neg\u00f3cios no estado e motivar o empreendedorismo.<\/p>\n<p>\u201cAo longo dos \u00faltimos seis anos, o programa Minas Livre Para Crescer tem promovido uma redu\u00e7\u00e3o significativa no tempo de abertura de empresas em nosso estado. Hoje, j\u00e1 s\u00e3o mais de 460 munic\u00edpios que regulamentaram a legisla\u00e7\u00e3o de Liberdade Econ\u00f4mica, onde os empreendedores t\u00eam mais seguran\u00e7a jur\u00eddica e enfrentam menos burocracia para abrir seu pr\u00f3prio neg\u00f3cio\u201d, destaca Passalio.<\/p>\n<p>No mesmo sentido, a presidente da Jucemg, Patricia Vinte Di I\u00f3rio, destacou a rela\u00e7\u00e3o entre a abertura de empresas e outros marcadores do avan\u00e7o da economia mineira.<\/p>\n<p>\u201cO crescente volume de empresas abertas em Minas, por meio da formaliza\u00e7\u00e3o do registro empresarial na Jucemg, reflete bem os avan\u00e7os que temos assistido na economia mineira, como a atra\u00e7\u00e3o de novos investimentos, a gera\u00e7\u00e3o recorde de empregos e o forte crescimento do PIB de Minas\u201d, comenta Patricia.<\/p>\n<p><strong>Alta em todos os setores no ano<\/strong><\/p>\n<p>O destaque de agosto foi o setor de servi\u00e7os, com expans\u00e3o de 7,61% no n\u00famero de novos empreendimentos em rela\u00e7\u00e3o a agosto de 2023. No m\u00eas, ind\u00fastria (-1,24%) e com\u00e9rcio (4,32%) recuaram.<\/p>\n<p>Por outro lado, no acumulado do ano, os n\u00fameros apontam alta nos tr\u00eas setores econ\u00f4micos, no comparativo com o mesmo per\u00edodo do ano passado: servi\u00e7os (14,11%), ind\u00fastria (9,53%) e com\u00e9rcio (6,16%).<\/p>\n<p><strong>Regi\u00e3o Noroeste se destaca<\/strong><\/p>\n<p>De acordo com o relat\u00f3rio da Jucemg, as regi\u00f5es com melhor desempenho em aberturas de empresas, na compara\u00e7\u00e3o entre agosto deste ano e agosto de 2023, foram Noroeste (17,81%), Norte de Minas (15,61%) e Vale do Rio Doce (10,85%).<\/p>\n<p>Em rela\u00e7\u00e3o ao acumulado do ano, a regi\u00e3o Noroeste se mant\u00e9m em destaque com alta de 16,20% em paralelo aos mesmos oito primeiros meses do ano passado. Na sequ\u00eancia v\u00eam Sul de Minas (13,49%), Central (12,44%), Zona da Mata (12,38%).<\/p>\n<p><strong>Ranking municipal<\/strong><\/p>\n<p>Belo Horizonte segue como o munic\u00edpio que mais abre empresas em Minas. Em agosto, a capital do estado recebeu 2.274 novos neg\u00f3cios, alta de 7,98% no comparativo ao oitavo m\u00eas de 2023.<\/p>\n<p>No acumulado do ano, Belo Horizonte j\u00e1 formalizou 17.694 novos neg\u00f3cios, o que representa crescimento de 17,32% diante do mesmo per\u00edodo no ano anterior.<\/p>\n<p>Na sequ\u00eancia, aparecem Uberl\u00e2ndia (490 em agosto 3.964 no ano), Contagem (293 e 2.185); Juiz de Fora (262 e 1.815); Montes Claros (199 e 1.452); Uberaba (160 e 1.331) e Betim (150 e 1027).<\/p>\n<p>O Top 10 completa com Ipatinga (122 e 915); Divin\u00f3polis (120 e 911) e Governador Valadares (127 e 894).<\/p>\n<p><strong>Encerramentos<\/strong><\/p>\n<p>Em rela\u00e7\u00e3o \u00e0s baixas empresariais, agosto encerrou com 4.964 extin\u00e7\u00f5es, varia\u00e7\u00e3o de 12,77% diante dos 4.402 encerramentos verificados em agosto do ano passado. No acumulado do ano, 41.118 empresas fecharam as portas em Minas.<\/p>\n<p><strong>MEIs<\/strong><\/p>\n<p>O relat\u00f3rio da Jucemg considera empresas de todos os portes, com exce\u00e7\u00e3o dos MEIs (microempreendedores individuais), cujas inscri\u00e7\u00f5es s\u00e3o realizadas diretamente no Portal do Empreendedor, sem passar pelas juntas comerciais estaduais.<\/p>\n<p>Fonte: Ag\u00eancia Minas<\/p>\n","protected":false},"excerpt":{"rendered":"<p>Minas Gerais encerrou agosto com 8.547 novas empresas abertas em todas as regi\u00f5es do estado, alta de 4,37% em rela\u00e7\u00e3o ao volume registrado em agosto de 2023, que foi de 8.189 constitui\u00e7\u00f5es empresariais. A m\u00e9dia para o m\u00eas foi de 276 novos neg\u00f3cios por dia. No acumulado do ano, j\u00e1 s\u00e3o 65.923 novos empreendimentos abertos [&hellip;]<\/p>\n","protected":false},"author":246,"featured_media":224577,"comment_status":"closed","ping_status":"closed","sticky":false,"template":"","format":"standard","meta":{"footnotes":""},"categories":[436,440,261,252,439],"tags":[],"class_list":["post-224576","post","type-post","status-publish","format-standard","has-post-thumbnail","hentry","category-destaque-da-semana","category-destaques-do-dia","category-economia","category-regiao","category-ultima-hora"],"_links":{"self":[{"href":"https:\/\/diarioregionaldigital.com.br\/index.php?rest_route=\/wp\/v2\/posts\/224576","targetHints":{"allow":["GET"]}}],"collection":[{"href":"https:\/\/diarioregionaldigital.com.br\/index.php?rest_route=\/wp\/v2\/posts"}],"about":[{"href":"https:\/\/diarioregionaldigital.com.br\/index.php?rest_route=\/wp\/v2\/types\/post"}],"author":[{"embeddable":true,"href":"https:\/\/diarioregionaldigital.com.br\/index.php?rest_route=\/wp\/v2\/users\/246"}],"replies":[{"embeddable":true,"href":"https:\/\/diarioregionaldigital.com.br\/index.php?rest_route=%2Fwp%2Fv2%2Fcomments&post=224576"}],"version-history":[{"count":2,"href":"https:\/\/diarioregionaldigital.com.br\/index.php?rest_route=\/wp\/v2\/posts\/224576\/revisions"}],"predecessor-version":[{"id":224579,"href":"https:\/\/diarioregionaldigital.com.br\/index.php?rest_route=\/wp\/v2\/posts\/224576\/revisions\/224579"}],"wp:featuredmedia":[{"embeddable":true,"href":"https:\/\/diarioregionaldigital.com.br\/index.php?rest_route=\/wp\/v2\/media\/224577"}],"wp:attachment":[{"href":"https:\/\/diarioregionaldigital.com.br\/index.php?rest_route=%2Fwp%2Fv2%2Fmedia&parent=224576"}],"wp:term":[{"taxonomy":"category","embeddable":true,"href":"https:\/\/diarioregionaldigital.com.br\/index.php?rest_route=%2Fwp%2Fv2%2Fcategories&post=224576"},{"taxonomy":"post_tag","embeddable":true,"href":"https:\/\/diarioregionaldigital.com.br\/index.php?rest_route=%2Fwp%2Fv2%2Ftags&post=224576"}],"curies":[{"name":"wp","href":"https:\/\/api.w.org\/{rel}","templated":true}]}}