{"id":224562,"date":"2024-09-10T20:25:34","date_gmt":"2024-09-10T23:25:34","guid":{"rendered":"https:\/\/diarioregionaldigital.com.br\/?p=224562"},"modified":"2024-09-10T20:25:34","modified_gmt":"2024-09-10T23:25:34","slug":"governo-anuncia-investimento-privado-superior-a-r-200-milhoes-na-exposibram-2024","status":"publish","type":"post","link":"https:\/\/diarioregionaldigital.com.br\/?p=224562","title":{"rendered":"Governo anuncia investimento privado superior a R$ 200 milh\u00f5es na Exposibram 2024"},"content":{"rendered":"<p>O\u00a0<a href=\"https:\/\/www.mg.gov.br\/\" target=\"_blank\" rel=\"noopener\">Governo de Minas<\/a>\u00a0anunciou a atra\u00e7\u00e3o de mais um investimento privado que vai gerar centenas de empregos e renda para o povo mineiro, na noite de segunda-feira (9\/9), na abertura da Expo &amp; Congresso Brasileiro de Minera\u00e7\u00e3o (Exposibram) 2024, considerada a maior feira do g\u00eanero da Am\u00e9rica Latina.<\/p>\n<p>Trata-se do aporte de mais de R$ 200 milh\u00f5es, a ser feito at\u00e9 2028, pela Graph+.<\/p>\n<p>A planta da empresa, subsidi\u00e1ria da New Mining, ser\u00e1 voltada para a extra\u00e7\u00e3o de grafite no munic\u00edpio de Santa Maria do Salto, no Vale do Jequitinhonha. Entre 2025 e 2028, ser\u00e3o gerados cerca de 200 empregos tempor\u00e1rios diretos para mineiras e mineiros, n\u00famero que vai subir para 300 permanentes at\u00e9 2030.<\/p>\n<p>A a\u00e7\u00e3o \u00e9 conduzida pela\u00a0<a href=\"https:\/\/desenvolvimento.mg.gov.br\/\" target=\"_blank\" rel=\"noopener\">Secretaria de Estado de Desenvolvimento Econ\u00f4mico (Sede-MG)<\/a>, por meio da ag\u00eancia vinculada\u00a0<a href=\"https:\/\/investminas.mg.gov.br\/pt\/por-que-minas-gerais\/\" target=\"_blank\" rel=\"noopener\">Invest Minas<\/a>.<\/p>\n<p>&#8220;N\u00e3o \u00e9 novidade para ningu\u00e9m o trabalho \u00e1rduo que vem sendo feito pelo Governo de Minas para incentivar a atra\u00e7\u00e3o de investimentos privados e, consequentemente, impulsionar a gera\u00e7\u00e3o de empregos e melhoria na qualidade de vida da popula\u00e7\u00e3o&#8221;, \u00a0destaca o secret\u00e1rio de Estado de Desenvolvimento Econ\u00f4mico, Fernando Passalio.<\/p>\n<p>O secret\u00e1rio refor\u00e7a ainda que o Estado \u00e9 pioneiro em assumir o compromisso com a transi\u00e7\u00e3o energ\u00e9tica, processo que tamb\u00e9m passa pela minera\u00e7\u00e3o, mas uma minera\u00e7\u00e3o respons\u00e1vel e sustent\u00e1vel a longo prazo.<br \/>\n&#8220;Como nas grandes economias, temos a iniciativa privada como nossa grande aliada&#8221;, afirma Passalio.<\/p>\n<p><strong>Fases do investimento<\/strong><\/p>\n<p>O cronograma apresentado pela New Mining j\u00e1 considera a fase de estudos geol\u00f3gicos, metal\u00fargicos, sociais e ambientais realizados entre 2020 e 2024, per\u00edodo no qual foi feito investimento de R$ 4 milh\u00f5es.<\/p>\n<p>Entre 2025 e 2026, ter\u00e1 in\u00edcio a etapa de desenvolvimento e licenciamento, com investimento previsto de R$ 16 milh\u00f5es.<\/p>\n<p>Superada esta fase, ser\u00e1 dado o pontap\u00e9 inicial na constru\u00e7\u00e3o da planta da empresa, o que deve ocorrer entre 2027 e meados de 2028, com investimento estimado de R$ 200 milh\u00f5es. A expectativa \u00e9 a de que as opera\u00e7\u00f5es sejam iniciadas em julho de 2028.<\/p>\n<p>\u201cSer\u00e3o cerca de R$ 200 milh\u00f5es investidos no Vale do Jequitinhonha. A instala\u00e7\u00e3o de mais esta empresa, com certeza, vai ser importante para o desenvolvimento do povo mineiro. \u00c9 nosso trabalho dando resultados\u201d, celebrou o diretor-presidente da Invest Minas, Jo\u00e3o Paulo Braga.<\/p>\n<p><strong>Mais participa\u00e7\u00e3o<\/strong><\/p>\n<p>Nesta ter\u00e7a-feira (10\/9), o diretor-presidente da Invest Minas ministra palestra para representantes de empresas da Coreia do Sul no pa\u00eds, num encontro que vai das 12h \u00e0s 14h.<\/p>\n<p>Na sequ\u00eancia, a partir das 15h, o especialista em Energia de Transi\u00e7\u00e3o da Invest Minas, Miller Gazolla, participa de \u00a0painel organizado pela embaixada do pa\u00eds asi\u00e1tico no Brasil, onde vai falar sobre as pol\u00edticas de investimentos e possibilidades oferecidas por Minas Gerais.<\/p>\n<p>Fonte: Ag\u00eancia Minas<\/p>\n","protected":false},"excerpt":{"rendered":"<p>O\u00a0Governo de Minas\u00a0anunciou a atra\u00e7\u00e3o de mais um investimento privado que vai gerar centenas de empregos e renda para o povo mineiro, na noite de segunda-feira (9\/9), na abertura da Expo &amp; Congresso Brasileiro de Minera\u00e7\u00e3o (Exposibram) 2024, considerada a maior feira do g\u00eanero da Am\u00e9rica Latina. Trata-se do aporte de mais de R$ 200 [&hellip;]<\/p>\n","protected":false},"author":246,"featured_media":224563,"comment_status":"closed","ping_status":"closed","sticky":false,"template":"","format":"standard","meta":{"footnotes":""},"categories":[436,440,261,254,252,439],"tags":[],"class_list":["post-224562","post","type-post","status-publish","format-standard","has-post-thumbnail","hentry","category-destaque-da-semana","category-destaques-do-dia","category-economia","category-politica","category-regiao","category-ultima-hora"],"_links":{"self":[{"href":"https:\/\/diarioregionaldigital.com.br\/index.php?rest_route=\/wp\/v2\/posts\/224562","targetHints":{"allow":["GET"]}}],"collection":[{"href":"https:\/\/diarioregionaldigital.com.br\/index.php?rest_route=\/wp\/v2\/posts"}],"about":[{"href":"https:\/\/diarioregionaldigital.com.br\/index.php?rest_route=\/wp\/v2\/types\/post"}],"author":[{"embeddable":true,"href":"https:\/\/diarioregionaldigital.com.br\/index.php?rest_route=\/wp\/v2\/users\/246"}],"replies":[{"embeddable":true,"href":"https:\/\/diarioregionaldigital.com.br\/index.php?rest_route=%2Fwp%2Fv2%2Fcomments&post=224562"}],"version-history":[{"count":1,"href":"https:\/\/diarioregionaldigital.com.br\/index.php?rest_route=\/wp\/v2\/posts\/224562\/revisions"}],"predecessor-version":[{"id":224564,"href":"https:\/\/diarioregionaldigital.com.br\/index.php?rest_route=\/wp\/v2\/posts\/224562\/revisions\/224564"}],"wp:featuredmedia":[{"embeddable":true,"href":"https:\/\/diarioregionaldigital.com.br\/index.php?rest_route=\/wp\/v2\/media\/224563"}],"wp:attachment":[{"href":"https:\/\/diarioregionaldigital.com.br\/index.php?rest_route=%2Fwp%2Fv2%2Fmedia&parent=224562"}],"wp:term":[{"taxonomy":"category","embeddable":true,"href":"https:\/\/diarioregionaldigital.com.br\/index.php?rest_route=%2Fwp%2Fv2%2Fcategories&post=224562"},{"taxonomy":"post_tag","embeddable":true,"href":"https:\/\/diarioregionaldigital.com.br\/index.php?rest_route=%2Fwp%2Fv2%2Ftags&post=224562"}],"curies":[{"name":"wp","href":"https:\/\/api.w.org\/{rel}","templated":true}]}}