{"id":224546,"date":"2024-09-09T21:35:50","date_gmt":"2024-09-10T00:35:50","guid":{"rendered":"https:\/\/diarioregionaldigital.com.br\/?p=224546"},"modified":"2024-09-09T21:35:50","modified_gmt":"2024-09-10T00:35:50","slug":"governo-de-minas-recebe-homenagem-pelo-trabalho-realizado-em-parceria-com-o-ministerio-publico-estadual","status":"publish","type":"post","link":"https:\/\/diarioregionaldigital.com.br\/?p=224546","title":{"rendered":"Governo de Minas recebe homenagem pelo trabalho realizado em parceria com o Minist\u00e9rio P\u00fablico Estadual"},"content":{"rendered":"<p>O trabalho realizado em prol da popula\u00e7\u00e3o mineira, do bem comum e dos princ\u00edpios democr\u00e1ticos, fruto da parceria do\u00a0<a href=\"https:\/\/www.mg.gov.br\/\" target=\"_blank\" rel=\"noopener\">Governo de Minas<\/a>\u00a0com o Minist\u00e9rio P\u00fablico de Minas Gerais (MPMG), foi reconhecido nesta segunda-feira (9\/9), durante solenidade de abertura da semana do Minist\u00e9rio Publico mineiro, que celebra a publica\u00e7\u00e3o da primeira lei org\u00e2nica da institui\u00e7\u00e3o.<\/p>\n<p>Na oportunidade, o vice-governador Professor Mateus recebeu a homenagem de agradecimento pelos esfor\u00e7os despendidos pelo Estado no desenvolvimento de pol\u00edticas p\u00fablicas em parceria com o MPMG das m\u00e3os do procurador-geral de Justi\u00e7a de Minas Gerais, Jarbas Soares.<\/p>\n<p>\u201c\u00c9 uma alegria para o Governo de Minas Gerais ter recebido a distin\u00e7\u00e3o desta homenagem. Eu acredito efetivamente que a nossa democracia est\u00e1 se aperfei\u00e7oando no momento em que as institui\u00e7\u00f5es percebem que, vaidades de lado, a constru\u00e7\u00e3o conjunta sempre levar\u00e1 a um resultado melhor&#8221;, destacou Professor Mateus.<\/p>\n<p>&nbsp;<\/p>\n<table border=\"0\" cellspacing=\"1\" cellpadding=\"1\" align=\"center\">\n<tbody>\n<tr>\n<td colspan=\"5\"><img decoding=\"async\" src=\"https:\/\/www.agenciaminas.mg.gov.br\/ckeditor_assets\/pictures\/20949\/content_2_olho_topo.jpg\" alt=\"\" \/><\/td>\n<\/tr>\n<tr>\n<td><\/td>\n<td colspan=\"3\" rowspan=\"3\">\n<h1><strong>&#8220;Em\u00a0nome do governador Romeu Zema, fico agradecido e honrado pela homenagem prestada no dia de hoje pelo Minist\u00e9rio P\u00fablico ao Governo de Minas Gerais\u201d agradeceu o vice-governador.<\/strong><\/h1>\n<\/td>\n<td><\/td>\n<\/tr>\n<tr>\n<td><\/td>\n<td><\/td>\n<\/tr>\n<tr>\n<td><\/td>\n<td><\/td>\n<\/tr>\n<tr>\n<td colspan=\"5\"><img decoding=\"async\" src=\"https:\/\/www.agenciaminas.mg.gov.br\/ckeditor_assets\/pictures\/20950\/content_2_olho_inferior.jpg\" alt=\"\" \/><\/td>\n<\/tr>\n<\/tbody>\n<\/table>\n<p><strong>Parceria com o MPMG<\/strong><\/p>\n<p>Nos \u00faltimos anos, o Governo de Minas e o Minist\u00e9rio P\u00fablico se uniram em iniciativas para o desenvolvimento do estado e para a melhoria da vida dos mineiros.<\/p>\n<p>Um exemplo de a\u00e7\u00e3o desenvolvida em conjunto entre as institui\u00e7\u00f5es \u00e9 o Programa Juntos por Minas.\u00a0A iniciativa criada em junho de 2022 tem o objetivo de promover a coopera\u00e7\u00e3o entre Poder Executivo e Minist\u00e9rio P\u00fablico para a identifica\u00e7\u00e3o e elabora\u00e7\u00e3o de projetos de interesse p\u00fablico.<\/p>\n<p>No m\u00eas passado foram celebrados quatro projetos pelo programa, com \u00a0investimento de R$ 24,1 milh\u00f5es.<\/p>\n<p>O Acordo de Brumadinho tamb\u00e9m \u00e9 um exemplo de trabalho conjunto com a institui\u00e7\u00e3o. \u00a0Em 2021, o Governo de Minas assinou o Acordo Judicial de Repara\u00e7\u00e3o no valor global de R$ 37,6 bilh\u00f5es pelo rompimento da barragem da Vale em Brumadinho. O pacto contou com media\u00e7\u00e3o da\u00a0<a href=\"https:\/\/advocaciageral.mg.gov.br\/\" data-ved=\"2ahUKEwj9wPby8baIAxUVRLgEHSMHAy8QFnoECAoQAQ\">Advocacia-Geral do Estado (AGE-MG)<\/a>, MPMG, Defensoria P\u00fablica e Tribunal de Justi\u00e7a de Minas Gerais (TJMG).<\/p>\n<p><strong>Semana do Minist\u00e9rio P\u00fablico\u00a0<\/strong><\/p>\n<p>A Semana do Minist\u00e9rio P\u00fablico \u00e9 realizada anualmente em comemora\u00e7\u00e3o \u00e0 data de publica\u00e7\u00e3o da primeira Lei Org\u00e2nica da institui\u00e7\u00e3o. Neste ano ela ocorre de 9 a 13\/9 e ter\u00e1 como tema: \u201cO MPMG rumo aos 40 anos da Constitui\u00e7\u00e3o Federal\u201d.<\/p>\n<p>O evento tem o objetivo de comemorar o dia do Minist\u00e9rio P\u00fablico de Minas Gerais, com atividades destinadas a fomentar o debate sobre sua atua\u00e7\u00e3o, bem como estreitar as rela\u00e7\u00f5es entre integrantes e demais institui\u00e7\u00f5es.<\/p>\n<p>Fonte: Ag\u00eancia Minas<\/p>\n","protected":false},"excerpt":{"rendered":"<p>O trabalho realizado em prol da popula\u00e7\u00e3o mineira, do bem comum e dos princ\u00edpios democr\u00e1ticos, fruto da parceria do\u00a0Governo de Minas\u00a0com o Minist\u00e9rio P\u00fablico de Minas Gerais (MPMG), foi reconhecido nesta segunda-feira (9\/9), durante solenidade de abertura da semana do Minist\u00e9rio Publico mineiro, que celebra a publica\u00e7\u00e3o da primeira lei org\u00e2nica da institui\u00e7\u00e3o. Na oportunidade, [&hellip;]<\/p>\n","protected":false},"author":246,"featured_media":224547,"comment_status":"closed","ping_status":"closed","sticky":false,"template":"","format":"standard","meta":{"footnotes":""},"categories":[436,440,261,254,252,439],"tags":[],"class_list":["post-224546","post","type-post","status-publish","format-standard","has-post-thumbnail","hentry","category-destaque-da-semana","category-destaques-do-dia","category-economia","category-politica","category-regiao","category-ultima-hora"],"_links":{"self":[{"href":"https:\/\/diarioregionaldigital.com.br\/index.php?rest_route=\/wp\/v2\/posts\/224546","targetHints":{"allow":["GET"]}}],"collection":[{"href":"https:\/\/diarioregionaldigital.com.br\/index.php?rest_route=\/wp\/v2\/posts"}],"about":[{"href":"https:\/\/diarioregionaldigital.com.br\/index.php?rest_route=\/wp\/v2\/types\/post"}],"author":[{"embeddable":true,"href":"https:\/\/diarioregionaldigital.com.br\/index.php?rest_route=\/wp\/v2\/users\/246"}],"replies":[{"embeddable":true,"href":"https:\/\/diarioregionaldigital.com.br\/index.php?rest_route=%2Fwp%2Fv2%2Fcomments&post=224546"}],"version-history":[{"count":1,"href":"https:\/\/diarioregionaldigital.com.br\/index.php?rest_route=\/wp\/v2\/posts\/224546\/revisions"}],"predecessor-version":[{"id":224548,"href":"https:\/\/diarioregionaldigital.com.br\/index.php?rest_route=\/wp\/v2\/posts\/224546\/revisions\/224548"}],"wp:featuredmedia":[{"embeddable":true,"href":"https:\/\/diarioregionaldigital.com.br\/index.php?rest_route=\/wp\/v2\/media\/224547"}],"wp:attachment":[{"href":"https:\/\/diarioregionaldigital.com.br\/index.php?rest_route=%2Fwp%2Fv2%2Fmedia&parent=224546"}],"wp:term":[{"taxonomy":"category","embeddable":true,"href":"https:\/\/diarioregionaldigital.com.br\/index.php?rest_route=%2Fwp%2Fv2%2Fcategories&post=224546"},{"taxonomy":"post_tag","embeddable":true,"href":"https:\/\/diarioregionaldigital.com.br\/index.php?rest_route=%2Fwp%2Fv2%2Ftags&post=224546"}],"curies":[{"name":"wp","href":"https:\/\/api.w.org\/{rel}","templated":true}]}}