{"id":224543,"date":"2024-09-06T12:08:38","date_gmt":"2024-09-06T15:08:38","guid":{"rendered":"https:\/\/diarioregionaldigital.com.br\/?p=224543"},"modified":"2024-09-06T12:08:38","modified_gmt":"2024-09-06T15:08:38","slug":"pjf-realiza-cerimonia-de-encerramento-da-copa-prefeitura-de-futsal-2024","status":"publish","type":"post","link":"https:\/\/diarioregionaldigital.com.br\/?p=224543","title":{"rendered":"PJF realiza cerim\u00f4nia de encerramento da Copa Prefeitura de Futsal 2024"},"content":{"rendered":"<p>Segundo informa\u00e7\u00f5es do site da Prefeitura de Juiz de Fora (PJF), a Prefeitura de Juiz de Fora informa que a cerim\u00f4nia de encerramento da Copa Prefeitura de Futsal 2024 ser\u00e1 realizada no dia 10 de setembro, a partir das 18h30, no Teatro Paschoal Carlos Magno. A Cerim\u00f4nia vai premiar todas as crian\u00e7as do festival \/ categoria sub-9, os artilheiros da competi\u00e7\u00e3o, as defesas menos vazadas, os destaques da arbitragem e a ta\u00e7a \u201cFair Play&#8221;.<\/p>\n<p>No \u00faltimo s\u00e1bado, o Gin\u00e1sio Municipal recebeu os \u00faltimos jogos da Copa Prefeitura de Futsal 2024. A Prefeitura de Piau venceu nos p\u00eanaltis a equipe do A.E.C. S\u00e3o Bernardo JF, na categoria sub-17 masculina; na categoria Veterena, o time do Artsul ganhou de 3 a 2 a equipe do 2010\/ Apogeu; o Clube Bom Pastor venceu por 2 a 0 o time do A.E.C. S\u00e3o Bernardo JF, pela categoria sub-17 feminina e na categoria adulta feminina, o A.E.C. S\u00e3o Bernardo JF goleou o time do Clarear Futsal por 8 a 1.<\/p>\n<p><strong>Equipes campe\u00e3s da Copa Prefeitura de Futsal \u2013 2024\u00a0<\/strong><\/p>\n<p>Campe\u00e3o Sub-11 &#8211; S.C. JF<\/p>\n<p>Campe\u00e3o Sub-13 &#8211; Centro De Futebol Zico \/ Jf<\/p>\n<p>Campe\u00e3o Sub-15\u00a0 Masc &#8211; Centro De Futebol Zico \/ Jf<\/p>\n<p>Campe\u00e3o Sub-15 Fem. &#8211; Col\u00e9gio CNX\/ S.C. JF<\/p>\n<p>Campe\u00e3o Sub-17 Masc. &#8211; Prefeitura De Piau<\/p>\n<p>Campe\u00e3o Sub-17 Fem. &#8211; Clube Bom Pastor<\/p>\n<p>Campe\u00e3o Sub-20 &#8211; A.E.C. S\u00e3o Bernardo JF<\/p>\n<p>Campe\u00e3o Adulto Feminino &#8211; A.E.C. S\u00e3o Bernardo JF<\/p>\n<p>Campe\u00e3o Adulto Masculina &#8211; A.E.C. S\u00e3o Bernardo JF<\/p>\n<p>Veterana &#8211; Artsul<\/p>\n","protected":false},"excerpt":{"rendered":"<p>Segundo informa\u00e7\u00f5es do site da Prefeitura de Juiz de Fora (PJF), a Prefeitura de Juiz de Fora informa que a cerim\u00f4nia de encerramento da Copa Prefeitura de Futsal 2024 ser\u00e1 realizada no dia 10 de setembro, a partir das 18h30, no Teatro Paschoal Carlos Magno. A Cerim\u00f4nia vai premiar todas as crian\u00e7as do festival \/ [&hellip;]<\/p>\n","protected":false},"author":246,"featured_media":224544,"comment_status":"closed","ping_status":"closed","sticky":false,"template":"","format":"standard","meta":{"footnotes":""},"categories":[253,436,439],"tags":[],"class_list":["post-224543","post","type-post","status-publish","format-standard","has-post-thumbnail","hentry","category-cidade","category-destaque-da-semana","category-ultima-hora"],"_links":{"self":[{"href":"https:\/\/diarioregionaldigital.com.br\/index.php?rest_route=\/wp\/v2\/posts\/224543","targetHints":{"allow":["GET"]}}],"collection":[{"href":"https:\/\/diarioregionaldigital.com.br\/index.php?rest_route=\/wp\/v2\/posts"}],"about":[{"href":"https:\/\/diarioregionaldigital.com.br\/index.php?rest_route=\/wp\/v2\/types\/post"}],"author":[{"embeddable":true,"href":"https:\/\/diarioregionaldigital.com.br\/index.php?rest_route=\/wp\/v2\/users\/246"}],"replies":[{"embeddable":true,"href":"https:\/\/diarioregionaldigital.com.br\/index.php?rest_route=%2Fwp%2Fv2%2Fcomments&post=224543"}],"version-history":[{"count":1,"href":"https:\/\/diarioregionaldigital.com.br\/index.php?rest_route=\/wp\/v2\/posts\/224543\/revisions"}],"predecessor-version":[{"id":224545,"href":"https:\/\/diarioregionaldigital.com.br\/index.php?rest_route=\/wp\/v2\/posts\/224543\/revisions\/224545"}],"wp:featuredmedia":[{"embeddable":true,"href":"https:\/\/diarioregionaldigital.com.br\/index.php?rest_route=\/wp\/v2\/media\/224544"}],"wp:attachment":[{"href":"https:\/\/diarioregionaldigital.com.br\/index.php?rest_route=%2Fwp%2Fv2%2Fmedia&parent=224543"}],"wp:term":[{"taxonomy":"category","embeddable":true,"href":"https:\/\/diarioregionaldigital.com.br\/index.php?rest_route=%2Fwp%2Fv2%2Fcategories&post=224543"},{"taxonomy":"post_tag","embeddable":true,"href":"https:\/\/diarioregionaldigital.com.br\/index.php?rest_route=%2Fwp%2Fv2%2Ftags&post=224543"}],"curies":[{"name":"wp","href":"https:\/\/api.w.org\/{rel}","templated":true}]}}