{"id":224537,"date":"2024-09-06T12:06:51","date_gmt":"2024-09-06T15:06:51","guid":{"rendered":"https:\/\/diarioregionaldigital.com.br\/?p=224537"},"modified":"2024-09-06T12:06:51","modified_gmt":"2024-09-06T15:06:51","slug":"daniel-dias-vibra-com-natacao-e-torce-para-carol-santiago-continuar","status":"publish","type":"post","link":"https:\/\/diarioregionaldigital.com.br\/?p=224537","title":{"rendered":"Daniel Dias vibra com nata\u00e7\u00e3o e torce para Carol Santiago continuar"},"content":{"rendered":"<p>Segunda modalidade que mais garantiu medalhas para o Brasil na hist\u00f3ria da Paralimp\u00edada, a nata\u00e7\u00e3o igualou, em Paris, os 23 p\u00f3dios dos Jogos de T\u00f3quio, no Jap\u00e3o, em 2021, faltando um dia para o fim das provas da modalidade. O que significa que, nesta sexta-feira (6), a campanha na capital francesa pode se tornar a mais premiada que o pa\u00eds j\u00e1 teve nas piscinas. O resultado, por\u00e9m, n\u00e3o surpreende o principal nome da hist\u00f3ria do esporte paral\u00edmpico brasileiro: Daniel Dias.<img decoding=\"async\" src=\"https:\/\/agenciabrasil.ebc.com.br\/ebc.png?id=1610815&amp;o=node\" \/><img decoding=\"async\" src=\"https:\/\/agenciabrasil.ebc.com.br\/ebc.gif?id=1610815&amp;o=node\" \/><\/p>\n<p>Pela primeira vez desde os Jogos de Pequim, na China, em 2008, Daniel n\u00e3o est\u00e1 competindo. Ganhador de 27 medalhas paral\u00edmpicas em quatro participa\u00e7\u00f5es, sendo 14 de ouro, ele est\u00e1 em Paris para acompanhar as provas, torcer pelos amigos e produzir conte\u00fados. Aposentado desde 2021, quando disputou a \u00faltima Paralimp\u00edada da sua carreira, o paulista admite que o evento ainda mexe com seu lado competitivo.<\/p>\n<p>\u201c\u00c9 um misto de emo\u00e7\u00f5es. Confesso que quando se v\u00ea a a\u00e7\u00e3o, a piscina, o ambiente, a atmosfera, a vontade \u00e9 de subir no bloco e sair [risos]. Mas a\u00ed eu lembro o que tem que passar para chegar na medalha e entendo que tudo j\u00e1 foi bem-feito, e fico feliz de ver a nova gera\u00e7\u00e3o trazendo bons resultados e dando continuidade\u201d, contou Daniel \u00e0 reportagem da\u00a0<strong>Empresa Brasil de Comunica\u00e7\u00e3o (EBC)<\/strong>.<\/p>\n<p>At\u00e9 quinta-feira (5), o Brasil foi ao p\u00f3dio da nata\u00e7\u00e3o com 13 nomes diferentes em provas individuais, mesmo com dois atletas impulsionando o total de conquistas: Carol Santiago (cinco medalhas, sendo tr\u00eas ouros e duas pratas) e Gabriel Ara\u00fajo (tr\u00eas ouros). Em T\u00f3quio, apesar de o recorde de conquistas da modalidade ser atingido, foram \u201csomente\u201d dez medalhistas. J\u00e1 nos Jogos do Rio de Janeiro, em 2016, oito competidores sa\u00edram laureados.<\/p>\n<p>\u201cAntes da Paralimp\u00edada, quando perguntavam o que poder\u00edamos esperar da nata\u00e7\u00e3o, eu dizia: \u2018muitas medalhas e muitos atletas diferentes\u2019. Vejam como o esporte evoluiu. As nossas conquistas foram importantes, mas todo esse movimento que foi feito depois, o investimento, est\u00e1 trazendo resultados agora. Tem Gabrielzinho, Gabriel Bandeira, Samuca [Samuel Oliveira, revela\u00e7\u00e3o da classe S5, a mesma que Daniel competia, para atletas com defici\u00eancias f\u00edsico-motoras intermedi\u00e1rias]. E n\u00e3o apenas o masculino. O feminino est\u00e1 forte com a Mariana, a Cec\u00edlia, a Mayara [Petzold, bronze nos 50 metros borboleta da classe S6], que foi uma grata surpresa. E n\u00e3o tem como n\u00e3o falarmos da Carol, que superou a \u00c1dria [dos Santos, \u00edcone do atletismo paral\u00edmpico] em n\u00famero de ouros\u201d, destacou o \u00eddolo, que ainda fez um pedido \u00e0 nadadora de 39 anos, dona de seis ouros, tr\u00eas pratas e um bronze paral\u00edmpicos em duas participa\u00e7\u00f5es (2021 e 2024).<\/p>\n<p>Aposentado das piscinas, Daniel n\u00e3o pensa em voltar ao esporte como t\u00e9cnico, nem cogita retornar \u00e0s competi\u00e7\u00f5es oficiais em outra modalidade. Hoje, ele viaja o Brasil dando palestras e cuida do instituto que leva seu nome, fundado h\u00e1 dez anos em Bragan\u00e7a Paulista (SP).<\/p>\n<p>\u201cEstamos fomentando o esporte paral\u00edmpico, especificamente a nata\u00e7\u00e3o, ensinando crian\u00e7as que n\u00e3o sabem nadar. Quem sabe, a gente possa at\u00e9 descobrir talentos e, em uma pr\u00f3xima entrevista, falar de uma crian\u00e7a que saiu de l\u00e1 e est\u00e1 trazendo conquistas para o Brasil\u201d, finalizou.<\/p>\n<p>Fonte: Ag\u00eancia Brasil<\/p>\n","protected":false},"excerpt":{"rendered":"<p>Segunda modalidade que mais garantiu medalhas para o Brasil na hist\u00f3ria da Paralimp\u00edada, a nata\u00e7\u00e3o igualou, em Paris, os 23 p\u00f3dios dos Jogos de T\u00f3quio, no Jap\u00e3o, em 2021, faltando um dia para o fim das provas da modalidade. O que significa que, nesta sexta-feira (6), a campanha na capital francesa pode se tornar a [&hellip;]<\/p>\n","protected":false},"author":246,"featured_media":224538,"comment_status":"closed","ping_status":"closed","sticky":false,"template":"","format":"standard","meta":{"footnotes":""},"categories":[436,257,439],"tags":[],"class_list":["post-224537","post","type-post","status-publish","format-standard","has-post-thumbnail","hentry","category-destaque-da-semana","category-esporte","category-ultima-hora"],"_links":{"self":[{"href":"https:\/\/diarioregionaldigital.com.br\/index.php?rest_route=\/wp\/v2\/posts\/224537","targetHints":{"allow":["GET"]}}],"collection":[{"href":"https:\/\/diarioregionaldigital.com.br\/index.php?rest_route=\/wp\/v2\/posts"}],"about":[{"href":"https:\/\/diarioregionaldigital.com.br\/index.php?rest_route=\/wp\/v2\/types\/post"}],"author":[{"embeddable":true,"href":"https:\/\/diarioregionaldigital.com.br\/index.php?rest_route=\/wp\/v2\/users\/246"}],"replies":[{"embeddable":true,"href":"https:\/\/diarioregionaldigital.com.br\/index.php?rest_route=%2Fwp%2Fv2%2Fcomments&post=224537"}],"version-history":[{"count":1,"href":"https:\/\/diarioregionaldigital.com.br\/index.php?rest_route=\/wp\/v2\/posts\/224537\/revisions"}],"predecessor-version":[{"id":224539,"href":"https:\/\/diarioregionaldigital.com.br\/index.php?rest_route=\/wp\/v2\/posts\/224537\/revisions\/224539"}],"wp:featuredmedia":[{"embeddable":true,"href":"https:\/\/diarioregionaldigital.com.br\/index.php?rest_route=\/wp\/v2\/media\/224538"}],"wp:attachment":[{"href":"https:\/\/diarioregionaldigital.com.br\/index.php?rest_route=%2Fwp%2Fv2%2Fmedia&parent=224537"}],"wp:term":[{"taxonomy":"category","embeddable":true,"href":"https:\/\/diarioregionaldigital.com.br\/index.php?rest_route=%2Fwp%2Fv2%2Fcategories&post=224537"},{"taxonomy":"post_tag","embeddable":true,"href":"https:\/\/diarioregionaldigital.com.br\/index.php?rest_route=%2Fwp%2Fv2%2Ftags&post=224537"}],"curies":[{"name":"wp","href":"https:\/\/api.w.org\/{rel}","templated":true}]}}