{"id":224518,"date":"2024-09-05T20:25:16","date_gmt":"2024-09-05T23:25:16","guid":{"rendered":"https:\/\/diarioregionaldigital.com.br\/?p=224518"},"modified":"2024-09-05T20:25:16","modified_gmt":"2024-09-05T23:25:16","slug":"no-sabado-5-de-outubro-sera-realizado-em-juiz-de-fora-o-scott-kelbys-worldwide-photo-walk-o-passeio-fotografico-mundial","status":"publish","type":"post","link":"https:\/\/diarioregionaldigital.com.br\/?p=224518","title":{"rendered":"No s\u00e1bado, 5 de outubro, ser\u00e1 realizado em Juiz de Fora, o Scott Kelby&#8217;s Worldwide Photo Walk, o Passeio Fotogr\u00e1fico Mundial"},"content":{"rendered":"<div>No s\u00e1bado, 5 de outubro, ser\u00e1 realizado em Juiz de Fora, o Scott Kelby&#8217;s Worldwide Photo Walk, o Passeio Fotogr\u00e1fico Mundial!\u00a0 Inscri\u00e7\u00f5es at\u00e9 14 de setembro!<\/div>\n<div><\/div>\n<div>\u00c9 um evento promovido anualmente, em que fot\u00f3grafos de todo o mundo estar\u00e3o se reunindo para registrar diferentes cen\u00e1rios! Juiz de Fora j\u00e1 entrou neste evento mundial em anos anteriores, e tamb\u00e9m estar\u00e1 presente em 2024!<\/div>\n<div><\/div>\n<div>Em cada cidade, um organizador local promove o passeio. O de JF est\u00e1 sendo oficialmente organizado por Marcos Kopschitz.<\/div>\n<div><\/div>\n<div>Os participantes se encontram em um local preestabelecido, seguem um trajeto determinado e fotografam, enquanto v\u00e3o trocando ideias e experi\u00eancias sobre fotografia.<\/div>\n<div><\/div>\n<div>Quem pode participar:<\/div>\n<div><\/div>\n<div>Qualquer fot\u00f3grafo! O Passeio Fotogr\u00e1fico \u00e9 totalmente gr\u00e1tis e pelo prazer de fotografar e compartilhar conhecimento, ideias e amizade! Sem restri\u00e7\u00f5es de idade, equipamento, vale tudo: amadores, profissionais, experientes ou iniciantes, c\u00e2maras grandes ou pequenas, digitais ou de filme, celular! Venha pela arte, para aprender ou para ensinar, mas principalmente para se divertir!<\/div>\n<div><\/div>\n<div>\u00a0Inscri\u00e7\u00f5es at\u00e9 14 de setembro!<\/div>\n<div><\/div>\n<div>Para participar do WWPW 2024 em Juiz de Fora, basta fazer uma inscri\u00e7\u00e3o em duas etapas.<\/div>\n<div><\/div>\n<div>S\u00e3o dois formul\u00e1rios online que devem ser preenchidos e enviados: um para a organiza\u00e7\u00e3o mundial, outro para a organiza\u00e7\u00e3o local \u2013 com dados diferentes.<\/div>\n<div><\/div>\n<div>1. Inscri\u00e7\u00e3o mundial<\/div>\n<div>Na p\u00e1gina do Worldwide Photowalk relativa ao passeio de JF, aqui:<\/div>\n<div>https:\/\/worldwidephotowalk.com\/walk\/juiz-de-fora<\/div>\n<div><\/div>\n<div>2. Inscri\u00e7\u00e3o local<\/div>\n<div>Em um formul\u00e1rio do Google Forms, aqui:<\/div>\n<div>https:\/\/forms.gle\/CxQxu9ocv8wo6Cga6<\/div>\n<div><\/div>\n<div><\/div>\n<div>Mais detalhes sobre o Passeio aqui:http:\/\/jfemfoco.blogspot.com<\/div>\n","protected":false},"excerpt":{"rendered":"<p>No s\u00e1bado, 5 de outubro, ser\u00e1 realizado em Juiz de Fora, o Scott Kelby&#8217;s Worldwide Photo Walk, o Passeio Fotogr\u00e1fico Mundial!\u00a0 Inscri\u00e7\u00f5es at\u00e9 14 de setembro! \u00c9 um evento promovido anualmente, em que fot\u00f3grafos de todo o mundo estar\u00e3o se reunindo para registrar diferentes cen\u00e1rios! Juiz de Fora j\u00e1 entrou neste evento mundial em anos [&hellip;]<\/p>\n","protected":false},"author":246,"featured_media":224520,"comment_status":"closed","ping_status":"closed","sticky":false,"template":"","format":"standard","meta":{"footnotes":""},"categories":[253,436,439],"tags":[],"class_list":["post-224518","post","type-post","status-publish","format-standard","has-post-thumbnail","hentry","category-cidade","category-destaque-da-semana","category-ultima-hora"],"_links":{"self":[{"href":"https:\/\/diarioregionaldigital.com.br\/index.php?rest_route=\/wp\/v2\/posts\/224518","targetHints":{"allow":["GET"]}}],"collection":[{"href":"https:\/\/diarioregionaldigital.com.br\/index.php?rest_route=\/wp\/v2\/posts"}],"about":[{"href":"https:\/\/diarioregionaldigital.com.br\/index.php?rest_route=\/wp\/v2\/types\/post"}],"author":[{"embeddable":true,"href":"https:\/\/diarioregionaldigital.com.br\/index.php?rest_route=\/wp\/v2\/users\/246"}],"replies":[{"embeddable":true,"href":"https:\/\/diarioregionaldigital.com.br\/index.php?rest_route=%2Fwp%2Fv2%2Fcomments&post=224518"}],"version-history":[{"count":1,"href":"https:\/\/diarioregionaldigital.com.br\/index.php?rest_route=\/wp\/v2\/posts\/224518\/revisions"}],"predecessor-version":[{"id":224521,"href":"https:\/\/diarioregionaldigital.com.br\/index.php?rest_route=\/wp\/v2\/posts\/224518\/revisions\/224521"}],"wp:featuredmedia":[{"embeddable":true,"href":"https:\/\/diarioregionaldigital.com.br\/index.php?rest_route=\/wp\/v2\/media\/224520"}],"wp:attachment":[{"href":"https:\/\/diarioregionaldigital.com.br\/index.php?rest_route=%2Fwp%2Fv2%2Fmedia&parent=224518"}],"wp:term":[{"taxonomy":"category","embeddable":true,"href":"https:\/\/diarioregionaldigital.com.br\/index.php?rest_route=%2Fwp%2Fv2%2Fcategories&post=224518"},{"taxonomy":"post_tag","embeddable":true,"href":"https:\/\/diarioregionaldigital.com.br\/index.php?rest_route=%2Fwp%2Fv2%2Ftags&post=224518"}],"curies":[{"name":"wp","href":"https:\/\/api.w.org\/{rel}","templated":true}]}}