{"id":224509,"date":"2024-09-05T20:18:00","date_gmt":"2024-09-05T23:18:00","guid":{"rendered":"https:\/\/diarioregionaldigital.com.br\/?p=224509"},"modified":"2024-09-05T20:18:00","modified_gmt":"2024-09-05T23:18:00","slug":"governo-de-minas-acompanha-exposicao-de-peixes-ornamentais-em-muriae-e-destaca-crescimento-do-setor","status":"publish","type":"post","link":"https:\/\/diarioregionaldigital.com.br\/?p=224509","title":{"rendered":"Governo de Minas acompanha exposi\u00e7\u00e3o de peixes ornamentais em Muria\u00e9 e destaca crescimento do setor"},"content":{"rendered":"<p><main class=\"clear margin-md-bottom-3\"><\/p>\n<div class=\"clear \">\n<p>O governador de Minas Gerais, Romeu Zema, participou, nesta quarta-feira (5\/9), da 2\u00aa Exposi\u00e7\u00e3o de Aquicultura Ornamental, em Muria\u00e9, na Zona da Mata.\u00a0 O setor est\u00e1 em\u00a0r\u00e1pida expans\u00e3o, e j\u00e1 leva\u00a0Minas Gerais a figurar como maior produtor de peixes ornamentais do Brasil, com mais de 70% da produ\u00e7\u00e3o nacional.<\/p>\n<figure class=\"image\"><img decoding=\"async\" src=\"https:\/\/www.agenciaminas.mg.gov.br\/ckeditor_assets\/pictures\/21616\/content_img_2629.jpg\" alt=\"\" \/><figcaption><sub><em>Dirceu Aur\u00e9lio \/ Imprensa MG<\/em><\/sub><\/figcaption><\/figure>\n<p>O evento re\u00fane dezenas de piscicultores que v\u00e3o trocar experi\u00eancias e aprendizados sobre como melhorar a produ\u00e7\u00e3o. T\u00e9cnicos do\u00a0<a href=\"https:\/\/www.ima.mg.gov.br\/\" target=\"_blank\" rel=\"noopener\">Instituto Mineiro de Agropecu\u00e1ria (IMA)<\/a>\u00a0e da\u00a0<a href=\"https:\/\/www.epamig.br\/\" target=\"_blank\" rel=\"noopener\">Empresa de Pesquisa Agropecu\u00e1ria de Minas Gerais\u00a0(Epamig)<\/a>\u00a0e da\u00a0<a href=\"http:\/\/agricultura.mg.gov.br\/\" target=\"_blank\" rel=\"noopener\">Secretaria de Estado de Agricultura, Pecu\u00e1ria e Abastecimento de Minas Gerais<\/a>\u00a0tamb\u00e9m participam com a promo\u00e7\u00e3o de\u00a0capacita\u00e7\u00f5es t\u00e9cnicas e prestando orienta\u00e7\u00f5es aos produtores.<\/p>\n<p>O governador destacou que a aquicultura \u00e9 um setor prop\u00edcio para o pequeno produtor que pode, com pouco espa\u00e7o de terra, aumentar sua renda. \u201cPara se ter uma ideia, com mil metros quadrados j\u00e1 \u00e9 poss\u00edvel ter uma produ\u00e7\u00e3o dos peixes ornamentais \u2014 ou seja, \u00e9 necess\u00e1rio um espa\u00e7o muito menor do que para outras atividades, como planta\u00e7\u00f5es de gr\u00e3os ou cria\u00e7\u00f5es de gado, por exemplo\u201d, destacou Romeu Zema.<\/p>\n<p>\u201cPor isso, muitos dos piscicultores que atuam na aquicultura ornamental s\u00e3o pequenos e m\u00e9dios produtores que, com um pequeno apoio, conseguem desenvolver muito\u201d, ressaltou.<\/p>\n<p>Romeu Zema tamb\u00e9m apresentou o trabalho que o\u00a0<a href=\"http:\/\/www.mg.gov.br\/\" target=\"_blank\" rel=\"noopener\">Governo de Minas<\/a>\u00a0tem feito para apoiar os produtores. \u201cCom apoio da\u00a0<a href=\"https:\/\/www.mg.gov.br\/agricultura\" target=\"_blank\" rel=\"noopener\">Secretaria de Agricultura<\/a>\u00a0e da Epamig, realizamos a capacita\u00e7\u00e3o e assist\u00eancia para piscicultores, cursos, workshops e visitas t\u00e9cnicas, para manter\u00a0a constante atualiza\u00e7\u00e3o sobre as pr\u00e1ticas de cria\u00e7\u00e3o dos peixes, incluindo tecnologias inovadoras\u201d, afirmou.<\/p>\n<p>O governador tamb\u00e9m falou sobre as medidas de desburocratiza\u00e7\u00e3o implementadas pela atual gest\u00e3o e\u00a0que facilitam a vida do piscicultor. \u201cUma novidade da minha administra\u00e7\u00e3o \u00e9 a implementa\u00e7\u00e3o da Guia de Tr\u00e2nsito Animal (GTA) de forma 100% eletr\u00f4nica. Essa inova\u00e7\u00e3o facilita muito a emiss\u00e3o do GTA, documento essencial para a realiza\u00e7\u00e3o do transporte de peixes ornamentais no estado\u201d, explicou.<\/p>\n<table border=\"0\" cellspacing=\"1\" cellpadding=\"1\" align=\"center\">\n<tbody>\n<tr>\n<td colspan=\"5\"><img decoding=\"async\" src=\"https:\/\/www.agenciaminas.mg.gov.br\/ckeditor_assets\/pictures\/20949\/content_2_olho_topo.jpg\" alt=\"\" \/><\/td>\n<\/tr>\n<tr>\n<td><\/td>\n<td colspan=\"3\" rowspan=\"3\">\n<h1><strong>&#8220;Hoje, os piscicultores podem ter essa autoriza\u00e7\u00e3o para transportar cargas e otimizar as log\u00edsticas de entregas, por meio de um computador ou de um celular. Sem a necessidade de burocracias e papeladas que atrasam essas libera\u00e7\u00f5es&#8221;, concluiu Romeu Zema.<\/strong><\/h1>\n<\/td>\n<td><\/td>\n<\/tr>\n<tr>\n<td><\/td>\n<td><\/td>\n<\/tr>\n<tr>\n<td><\/td>\n<td><\/td>\n<\/tr>\n<tr>\n<td colspan=\"5\"><img decoding=\"async\" src=\"https:\/\/www.agenciaminas.mg.gov.br\/ckeditor_assets\/pictures\/20950\/content_2_olho_inferior.jpg\" alt=\"\" \/><\/td>\n<\/tr>\n<\/tbody>\n<\/table>\n<p>O secret\u00e1rio Adjunto de Estado de Agricultura, Jo\u00e3o Ricardo Albanez, tamb\u00e9m esteve presente na abertura da exposi\u00e7\u00e3o e destacou a capacidade do estado de diversificar a produ\u00e7\u00e3o. \u201cMinas \u00e9 a terra do queijo, a terra do caf\u00e9 e da cacha\u00e7a. Agora, Minas tamb\u00e9m se transformou na terra do peixe ornamental\u201d, disse.<\/p>\n<p>A segunda Exposi\u00e7\u00e3o de Aquicultura Ornamental vai at\u00e9 s\u00e1bado (7\/9), no Parque de Exposi\u00e7\u00f5es de Muria\u00e9.<\/p>\n<p>Fonte: Ag\u00eancia Minas<\/p>\n<\/div>\n<p><\/main><\/p>\n","protected":false},"excerpt":{"rendered":"<p>O governador de Minas Gerais, Romeu Zema, participou, nesta quarta-feira (5\/9), da 2\u00aa Exposi\u00e7\u00e3o de Aquicultura Ornamental, em Muria\u00e9, na Zona da Mata.\u00a0 O setor est\u00e1 em\u00a0r\u00e1pida expans\u00e3o, e j\u00e1 leva\u00a0Minas Gerais a figurar como maior produtor de peixes ornamentais do Brasil, com mais de 70% da produ\u00e7\u00e3o nacional. Dirceu Aur\u00e9lio \/ Imprensa MG O [&hellip;]<\/p>\n","protected":false},"author":246,"featured_media":224510,"comment_status":"closed","ping_status":"closed","sticky":false,"template":"","format":"standard","meta":{"footnotes":""},"categories":[436,254,252,439],"tags":[],"class_list":["post-224509","post","type-post","status-publish","format-standard","has-post-thumbnail","hentry","category-destaque-da-semana","category-politica","category-regiao","category-ultima-hora"],"_links":{"self":[{"href":"https:\/\/diarioregionaldigital.com.br\/index.php?rest_route=\/wp\/v2\/posts\/224509","targetHints":{"allow":["GET"]}}],"collection":[{"href":"https:\/\/diarioregionaldigital.com.br\/index.php?rest_route=\/wp\/v2\/posts"}],"about":[{"href":"https:\/\/diarioregionaldigital.com.br\/index.php?rest_route=\/wp\/v2\/types\/post"}],"author":[{"embeddable":true,"href":"https:\/\/diarioregionaldigital.com.br\/index.php?rest_route=\/wp\/v2\/users\/246"}],"replies":[{"embeddable":true,"href":"https:\/\/diarioregionaldigital.com.br\/index.php?rest_route=%2Fwp%2Fv2%2Fcomments&post=224509"}],"version-history":[{"count":1,"href":"https:\/\/diarioregionaldigital.com.br\/index.php?rest_route=\/wp\/v2\/posts\/224509\/revisions"}],"predecessor-version":[{"id":224511,"href":"https:\/\/diarioregionaldigital.com.br\/index.php?rest_route=\/wp\/v2\/posts\/224509\/revisions\/224511"}],"wp:featuredmedia":[{"embeddable":true,"href":"https:\/\/diarioregionaldigital.com.br\/index.php?rest_route=\/wp\/v2\/media\/224510"}],"wp:attachment":[{"href":"https:\/\/diarioregionaldigital.com.br\/index.php?rest_route=%2Fwp%2Fv2%2Fmedia&parent=224509"}],"wp:term":[{"taxonomy":"category","embeddable":true,"href":"https:\/\/diarioregionaldigital.com.br\/index.php?rest_route=%2Fwp%2Fv2%2Fcategories&post=224509"},{"taxonomy":"post_tag","embeddable":true,"href":"https:\/\/diarioregionaldigital.com.br\/index.php?rest_route=%2Fwp%2Fv2%2Ftags&post=224509"}],"curies":[{"name":"wp","href":"https:\/\/api.w.org\/{rel}","templated":true}]}}