{"id":224499,"date":"2024-09-04T20:19:54","date_gmt":"2024-09-04T23:19:54","guid":{"rendered":"https:\/\/diarioregionaldigital.com.br\/?p=224499"},"modified":"2024-09-04T20:19:54","modified_gmt":"2024-09-04T23:19:54","slug":"veja-como-fica-o-funcionamento-da-pjf-durante-o-feriado-de-7-de-setembro","status":"publish","type":"post","link":"https:\/\/diarioregionaldigital.com.br\/?p=224499","title":{"rendered":"Veja como fica o funcionamento da PJF durante o feriado de 7 de setembro"},"content":{"rendered":"<p>Segundo informa\u00e7\u00f5es do site da Prefeitura de Juiz de Fora (PJF), em fun\u00e7\u00e3o do feriado do dia da Independ\u00eancia, no s\u00e1bado, 7, os servi\u00e7os da Prefeitura de Juiz de Fora (PJF) ter\u00e3o altera\u00e7\u00f5es. Confira:<\/p>\n<p>&nbsp;<\/p>\n<p><strong>Companhia de Saneamento Municipal (Cesama)<\/strong>: A Cesama funciona em esquema de plant\u00e3o e as solicita\u00e7\u00f5es podem ser feitas por meio do 115.<\/p>\n<p>&nbsp;<\/p>\n<p><strong>Departamento Municipal de Limpeza Urbana (Demlurb):\u00a0<\/strong>O Demlurb da Prefeitura de Juiz de Fora (PJF) mant\u00e9m suas atividades operacionais normalmente no feriado. Apenas os servi\u00e7os de coleta domiciliar e seletiva e ecopontos estar\u00e3o com as a\u00e7\u00f5es suspensas. O Demlurb pede a colabora\u00e7\u00e3o da popula\u00e7\u00e3o para que n\u00e3o descarte o lixo neste s\u00e1bado, 7.<\/p>\n<p>&nbsp;<\/p>\n<p><strong>Empresa Municipal de Pavimenta\u00e7\u00e3o e Urbanidades (Empav):<\/strong>\u00a0Durante o feriado a Empav estar\u00e1 nas ruas da cidade com todas as suas frentes de servi\u00e7o: recomposi\u00e7\u00e3o asf\u00e1ltica, limpeza e poda de grama e poda de \u00e1rvores.<\/p>\n<p>&nbsp;<\/p>\n<p><strong>Guarda Municipal (GM):<\/strong>\u00a0A GM ter\u00e1 equipes atuando no apoio ao tr\u00e2nsito no Desfile C\u00edvico Militar, no Centro de Monitoramento e Opera\u00e7\u00f5es (CMO) 24h, que atende pelo 153, em rondas preventivas, no apoio \u00e0 Fiscaliza\u00e7\u00e3o de Posturas e tamb\u00e9m no domingo, 8, no Est\u00e1dio Municipal Radialista M\u00e1rio Hel\u00eanio, na partida entre Tupynamb\u00e1s e Inter de Minas no campeonato mineiro.<\/p>\n<p>&nbsp;<\/p>\n<p><strong>Agentes de Transporte e Tr\u00e2nsito:\u00a0<\/strong>Os agentes de tr\u00e2nsito atuam nos desvios para o desfile c\u00edvico militar que ocorre na Avenida Rio Branco. Durante o feriado os agentes de tr\u00e2nsito tamb\u00e9m podem ser acionados para emerg\u00eancias pelo telefone 2104-7400.<\/p>\n<p>&nbsp;<\/p>\n<p><strong>Defesa Civil:\u00a0<\/strong>A equipe da Defesa Civil estar\u00e1 de plant\u00e3o. Em caso de emerg\u00eancia, disque 199. A Central de Atendimento funciona 24h.<\/p>\n<p>&nbsp;<\/p>\n<p><strong>Mercado Municipal:\u00a0<\/strong>Tenda de Hortifrutis, Quitandas, Latic\u00ednios, Artesanatos e outras variedades &#8211; funcionar\u00e1 das 8h \u00e0s 13h, e a tenda de bares e restaurantes funcionar\u00e1 at\u00e9 as 23h.<\/p>\n<p>&nbsp;<\/p>\n<p><strong>Feiras livres:\u00a0<\/strong>ocorrem normalmente nos bairros S\u00e3o Pedro, Benfica, Santa Luzia, Jardim Esperan\u00e7a e Vivendas da Serra.<\/p>\n<p>&nbsp;<\/p>\n<p><strong>Restaurante Popular:<\/strong>\u00a0funciona normalmente com atendimento exclusivo para o p\u00fablico autorizado pela Assist\u00eancia Social.<\/p>\n<p>&nbsp;<\/p>\n<p><strong>Sa\u00fade:<\/strong>\u00a0As 48 Unidades B\u00e1sicas de Sa\u00fade (UBS) da zona urbana que funcionam aos s\u00e1bados n\u00e3o abrir\u00e3o no s\u00e1bado, 7. Elas retornam com o atendimento na pr\u00f3xima segunda, 9, \u00e0s 7h. Os servi\u00e7os de Urg\u00eancia e Emerg\u00eancia, das Unidade de Pronto Atendimento (UPA), do Pronto Atendimento Nordeste, do Pronto Atendimento Infantil (PAI), Regional Leste e Hospital de Pronto Socorro (HPS), bem como a Central de Regula\u00e7\u00e3o de Vagas Hospitalares, permanecem em funcionamento normal 24 horas durante o per\u00edodo. O Pronto Atendimento Odontol\u00f3gico, no HPS, funciona normalmente, 24 horas durante o per\u00edodo.<\/p>\n<p>&nbsp;<\/p>\n<p><strong>Casa da Mulher<\/strong>: O centro de refer\u00eancia n\u00e3o funciona aos s\u00e1bados.<\/p>\n<p>&nbsp;<\/p>\n<p><strong>Assist\u00eancia Social:\u00a0<\/strong>Funcionar\u00e3o normalmente os servi\u00e7os de Casas de Acolhimento, Casas de Passagem e Abordagem Social (3692-8233 ou 99807-0719). Os centros Especializado de Assist\u00eancia Social (Creas) e de Refer\u00eancia de Assist\u00eancia Social (Cras), Servi\u00e7os de Fortalecimento de V\u00ednculos e Centro Pop voltam a funcionar na segunda-feira, 17.<\/p>\n<p>&nbsp;<\/p>\n<p><strong>Conselhos Tutelares:<\/strong>\u00a0Funcionam em esquema de plant\u00e3o, pelos telefones: Norte\/nordeste: 98429-4740; \/ Norte: 98506-2939; Centro\/sudeste: 98838-3193; Sul\/Oeste: 98431-4793; e Leste: 98463-0980.<\/p>\n<p>&nbsp;<\/p>\n<p><strong>Funalfa:\u00a0<\/strong>O Museu Ferrovi\u00e1rio abre para visita\u00e7\u00e3o das 9h \u00e0s 12h e das 13h \u00e0s 17h. O<strong>\u00a0<\/strong>Pa\u00e7o Municipal, Anfiteatro Jo\u00e3o Carri\u00e7o, Biblioteca Municipal Murilo Mendes, Casa de Leitura Delfina Fonseca Lima, Centro Cultural Dnar Rocha, Teatro Paschoal Carlos Magno, Centro Cultural Bernardo Mascarenhas (CCBM) e Centro de Esportes Unificado (Pra\u00e7a CEU) permanecem fechados no s\u00e1bado.<\/p>\n<p>&nbsp;<\/p>\n<p><strong>Parque Municipal:<\/strong>\u00a0O<strong>\u00a0<\/strong>Parque Municipal funciona normalmente das 8h \u00e0s 17h, com entrada permitida at\u00e9 as 16h.<\/p>\n<p>&nbsp;<\/p>\n<p><strong>Museu Mariano Proc\u00f3pio:<\/strong>\u00a0O parque funciona das 8h \u00e0s 17h. O Museu funciona das 10h30 \u00e0s 16h.<\/p>\n<p>&nbsp;<\/p>\n<p><strong>Espa\u00e7o Cidade:<\/strong>\u00a0Fica fechado no s\u00e1bado.<\/p>\n<p>&nbsp;<\/p>\n<p><strong>Parque da Lajinha:\u00a0<\/strong>O parque da Lajinha funciona normalmente das 8h \u00e0s 17h.<\/p>\n<p>&nbsp;<\/p>\n<p><strong>Ag\u00eancia de Prote\u00e7\u00e3o e Defesa do Consumidor (Procon):<\/strong>\u00a0n\u00e3o haver\u00e1 funcionamento aos s\u00e1bados.<\/p>\n<p>&nbsp;<\/p>\n<p><strong>Departamento de Informa\u00e7\u00e3o Geral e Atendimento (Diga):\u00a0<\/strong>As unidades do DIGA n\u00e3o funcionam aos s\u00e1bados.<\/p>\n","protected":false},"excerpt":{"rendered":"<p>Segundo informa\u00e7\u00f5es do site da Prefeitura de Juiz de Fora (PJF), em fun\u00e7\u00e3o do feriado do dia da Independ\u00eancia, no s\u00e1bado, 7, os servi\u00e7os da Prefeitura de Juiz de Fora (PJF) ter\u00e3o altera\u00e7\u00f5es. Confira: &nbsp; Companhia de Saneamento Municipal (Cesama): A Cesama funciona em esquema de plant\u00e3o e as solicita\u00e7\u00f5es podem ser feitas por meio [&hellip;]<\/p>\n","protected":false},"author":246,"featured_media":224500,"comment_status":"closed","ping_status":"closed","sticky":false,"template":"","format":"standard","meta":{"footnotes":""},"categories":[253,436,440,439],"tags":[],"class_list":["post-224499","post","type-post","status-publish","format-standard","has-post-thumbnail","hentry","category-cidade","category-destaque-da-semana","category-destaques-do-dia","category-ultima-hora"],"_links":{"self":[{"href":"https:\/\/diarioregionaldigital.com.br\/index.php?rest_route=\/wp\/v2\/posts\/224499","targetHints":{"allow":["GET"]}}],"collection":[{"href":"https:\/\/diarioregionaldigital.com.br\/index.php?rest_route=\/wp\/v2\/posts"}],"about":[{"href":"https:\/\/diarioregionaldigital.com.br\/index.php?rest_route=\/wp\/v2\/types\/post"}],"author":[{"embeddable":true,"href":"https:\/\/diarioregionaldigital.com.br\/index.php?rest_route=\/wp\/v2\/users\/246"}],"replies":[{"embeddable":true,"href":"https:\/\/diarioregionaldigital.com.br\/index.php?rest_route=%2Fwp%2Fv2%2Fcomments&post=224499"}],"version-history":[{"count":1,"href":"https:\/\/diarioregionaldigital.com.br\/index.php?rest_route=\/wp\/v2\/posts\/224499\/revisions"}],"predecessor-version":[{"id":224501,"href":"https:\/\/diarioregionaldigital.com.br\/index.php?rest_route=\/wp\/v2\/posts\/224499\/revisions\/224501"}],"wp:featuredmedia":[{"embeddable":true,"href":"https:\/\/diarioregionaldigital.com.br\/index.php?rest_route=\/wp\/v2\/media\/224500"}],"wp:attachment":[{"href":"https:\/\/diarioregionaldigital.com.br\/index.php?rest_route=%2Fwp%2Fv2%2Fmedia&parent=224499"}],"wp:term":[{"taxonomy":"category","embeddable":true,"href":"https:\/\/diarioregionaldigital.com.br\/index.php?rest_route=%2Fwp%2Fv2%2Fcategories&post=224499"},{"taxonomy":"post_tag","embeddable":true,"href":"https:\/\/diarioregionaldigital.com.br\/index.php?rest_route=%2Fwp%2Fv2%2Ftags&post=224499"}],"curies":[{"name":"wp","href":"https:\/\/api.w.org\/{rel}","templated":true}]}}