{"id":224496,"date":"2024-09-04T20:17:17","date_gmt":"2024-09-04T23:17:17","guid":{"rendered":"https:\/\/diarioregionaldigital.com.br\/?p=224496"},"modified":"2024-09-04T20:17:17","modified_gmt":"2024-09-04T23:17:17","slug":"brasil-ultrapassa-a-marca-de-50-medalhas-nas-paralimpiadas","status":"publish","type":"post","link":"https:\/\/diarioregionaldigital.com.br\/?p=224496","title":{"rendered":"Brasil ultrapassa a marca de 50 medalhas nas Paralimp\u00edadas"},"content":{"rendered":"<p>O Brasil conquistou mais nove medalhas nesta quarta-feira, 4, nos\u00a0Jogos Paral\u00edmpicos de Paris. Agora, a delega\u00e7\u00e3o soma 57 p\u00f3dios, sendo 15 ouros, 15 pratas e 27 bronzes. A nadadora pernambucana Carol Santiago faturou seu terceiro ouro nesta edi\u00e7\u00e3o, al\u00e9m de uma prata no revezamento 4\u00d7100 livre \u2013 49 pontos, e chegou a nove p\u00f3dios na hist\u00f3ria.<img decoding=\"async\" src=\"https:\/\/agenciabrasil.ebc.com.br\/ebc.png?id=1610601&amp;o=node\" \/><img decoding=\"async\" src=\"https:\/\/agenciabrasil.ebc.com.br\/ebc.gif?id=1610601&amp;o=node\" \/><\/p>\n<p>Foi dia tamb\u00e9m de medalhas in\u00e9ditas no atletismo com Bartolomeu Chaves, Ariosvaldo Silva, o Parr\u00e9, e Wanna Brito.<\/p>\n<p>Na estreia do halterofilismo, a mineira\u00a0Lara Lima\u00a0ficou com o bronze na categoria at\u00e9 41kg.<\/p>\n<h2>Atletismo<\/h2>\n<p>O velocista maranhense\u00a0Bartolomeu Chaves\u00a0garantiu pela primeira vez o p\u00f3dio em Jogos Paral\u00edmpicos nesta quarta-feira, 4, nos 400m da classe T37 (paralisados cerebrais para andantes). Ele foi medalha de prata no Stade de France, local das provas de atletismo.<\/p>\n<p>\u201cDei tudo o que tinha, tudo mesmo. Estava com o joelho inflamado na aclimata\u00e7\u00e3o, mas com a ajuda do pessoal do CPB conseguimos melhorar e correr para conseguir essa medalha. Senti um pouco na reta, as pernas pesaram, mas no final deu certo\u201d, disse Bartolomeu.<\/p>\n<p>O paraibano\u00a0Ariosvaldo Silva,\u00a0o Parr\u00e9, conquistou sua primeira medalha em Jogos Paral\u00edmpicos ao levar o bronze nos 100m classe T53, destinado aos atletas que competem em cadeiras de rodas, com o tempo de 15s08. O saudita Abdulrahman Alqurashi levou o ouro com o tempo de 14s48, seguido pelo tailand\u00eas Pongsakorn Paeyo, que fez o tempo de 14s66.<\/p>\n<p>A paulista\u00a0Ver\u00f4nica Hip\u00f3lito\u00a0conquistou o bronze nos 100m classe T36 (paralisados cerebrais) com o tempo de 14s24. O ouro ficou com a chinesa Yiting Shi, com o tempo de 13s39, e a neozelandesa Danielle Aitchison ficou com a prata, com o tempo de 13s43. Outra brasileira envolvida na disputa, a baiana\u00a0Samira Brito\u00a0foi desclassificada por queimar a largada.<\/p>\n<p>A amapaense\u00a0Wanna Brito\u00a0conquistou sua primeira medalha em Jogos Paral\u00edmpicos. Ela levou a prata no arremesso de peso F32, destinada a paralisados cerebrais que competem sentados, com a marca de 7,89m, novo recorde das Am\u00e9ricas.<\/p>\n<p>O ouro ficou com a campe\u00e3 paral\u00edmpica de T\u00f3quio, a ucraniana Anastasiia Moskalenko, com a marca de 8,00m, novo recorde mundial. O bronze ficou com Evgeniia Galaktionova, dos Atletas Paral\u00edmpicos Neutros (NPA), que fez 7,72 m.<\/p>\n<h2>Eliminat\u00f3rias<\/h2>\n<p>Outra brasileira na prova, a paulista\u00a0Giovanna Boscolo\u00a0terminou em 9\u00ba lugar com a marca de 5,61m.<\/p>\n<p>Dois brasileiros disputaram as eliminat\u00f3rias dos 100m da classe T11 (defici\u00eancia visual) na manh\u00e3 desta quarta-feira, 4, no Stade de France. O capixaba\u00a0Daniel Mendes\u00a0terminou a prova em 11s73, seu melhor tempo da temporada. J\u00e1 o fluminense\u00a0Felipe Gomes\u00a0fez a marca de 11s69. Felipe ficou em 13\u00ba, enquanto Daniel encerrou sua participa\u00e7\u00e3o na 14\u00aa coloca\u00e7\u00e3o. Ambos n\u00e3o avan\u00e7aram \u00e0 pr\u00f3xima fase.<\/p>\n<p>O paulista Eduardo Pereira competiu no lan\u00e7amento de dardo da classe F34 (paralisados cerebrais). O atleta lan\u00e7ou para 25,12m e terminou na oitava coloca\u00e7\u00e3o.<\/p>\n<p>A paulista\u00a0J\u00e9ssica Giacomelli\u00a0completou os 100m da classe T54 (cadeirantes) em 17s08 \u2013 o seu melhor tempo na temporada. No entanto, ela n\u00e3o avan\u00e7ou \u00e0 final. Ficou em 11\u00ba lugar nas eliminat\u00f3rias.<\/p>\n<p>A catarinense\u00a0Suzana Nahirnei\u00a0terminou em quinto lugar no arremesso de peso da classe F46 (defici\u00eancia nos membros superiores). Sua melhor marca foi de 11,43m.<\/p>\n<p>\u00daltimo brasileiro a competir na manh\u00e3 desta quarta, o capixaba\u00a0Marcos Vin\u00edcius Oliveira\u00a0correu os 400m da classe T12 (baixa vis\u00e3o) em 50s42 e n\u00e3o avan\u00e7ou \u00e0 final.<\/p>\n<p>A potiguar Clara Daniele, a capixaba\u00a0Lorraine Aguiar\u00a0e a carioca\u00a0Viviane Ferreira Soares\u00a0n\u00e3o se classificaram para a final dos 100m T12 (baixa vis\u00e3o).<\/p>\n<p>Fonte: Ag\u00eancia Brasil<\/p>\n","protected":false},"excerpt":{"rendered":"<p>O Brasil conquistou mais nove medalhas nesta quarta-feira, 4, nos\u00a0Jogos Paral\u00edmpicos de Paris. Agora, a delega\u00e7\u00e3o soma 57 p\u00f3dios, sendo 15 ouros, 15 pratas e 27 bronzes. A nadadora pernambucana Carol Santiago faturou seu terceiro ouro nesta edi\u00e7\u00e3o, al\u00e9m de uma prata no revezamento 4\u00d7100 livre \u2013 49 pontos, e chegou a nove p\u00f3dios na [&hellip;]<\/p>\n","protected":false},"author":246,"featured_media":224497,"comment_status":"closed","ping_status":"closed","sticky":false,"template":"","format":"standard","meta":{"footnotes":""},"categories":[436,440,257,439],"tags":[],"class_list":["post-224496","post","type-post","status-publish","format-standard","has-post-thumbnail","hentry","category-destaque-da-semana","category-destaques-do-dia","category-esporte","category-ultima-hora"],"_links":{"self":[{"href":"https:\/\/diarioregionaldigital.com.br\/index.php?rest_route=\/wp\/v2\/posts\/224496","targetHints":{"allow":["GET"]}}],"collection":[{"href":"https:\/\/diarioregionaldigital.com.br\/index.php?rest_route=\/wp\/v2\/posts"}],"about":[{"href":"https:\/\/diarioregionaldigital.com.br\/index.php?rest_route=\/wp\/v2\/types\/post"}],"author":[{"embeddable":true,"href":"https:\/\/diarioregionaldigital.com.br\/index.php?rest_route=\/wp\/v2\/users\/246"}],"replies":[{"embeddable":true,"href":"https:\/\/diarioregionaldigital.com.br\/index.php?rest_route=%2Fwp%2Fv2%2Fcomments&post=224496"}],"version-history":[{"count":1,"href":"https:\/\/diarioregionaldigital.com.br\/index.php?rest_route=\/wp\/v2\/posts\/224496\/revisions"}],"predecessor-version":[{"id":224498,"href":"https:\/\/diarioregionaldigital.com.br\/index.php?rest_route=\/wp\/v2\/posts\/224496\/revisions\/224498"}],"wp:featuredmedia":[{"embeddable":true,"href":"https:\/\/diarioregionaldigital.com.br\/index.php?rest_route=\/wp\/v2\/media\/224497"}],"wp:attachment":[{"href":"https:\/\/diarioregionaldigital.com.br\/index.php?rest_route=%2Fwp%2Fv2%2Fmedia&parent=224496"}],"wp:term":[{"taxonomy":"category","embeddable":true,"href":"https:\/\/diarioregionaldigital.com.br\/index.php?rest_route=%2Fwp%2Fv2%2Fcategories&post=224496"},{"taxonomy":"post_tag","embeddable":true,"href":"https:\/\/diarioregionaldigital.com.br\/index.php?rest_route=%2Fwp%2Fv2%2Ftags&post=224496"}],"curies":[{"name":"wp","href":"https:\/\/api.w.org\/{rel}","templated":true}]}}