{"id":224493,"date":"2024-09-04T20:13:21","date_gmt":"2024-09-04T23:13:21","guid":{"rendered":"https:\/\/diarioregionaldigital.com.br\/?p=224493"},"modified":"2024-09-04T20:13:21","modified_gmt":"2024-09-04T23:13:21","slug":"parceria-entre-fapemig-e-embrapii-viabilizara-apoio-a-projetos-de-inovacao-em-minas-gerais","status":"publish","type":"post","link":"https:\/\/diarioregionaldigital.com.br\/?p=224493","title":{"rendered":"Parceria entre Fapemig e Embrapii viabilizar\u00e1 apoio a projetos de inova\u00e7\u00e3o em Minas Gerais"},"content":{"rendered":"<p>Acordo de parceria entre a<a href=\"https:\/\/www.fapemig.br\/pt\/\" target=\"_blank\" rel=\"noopener\">\u00a0Funda\u00e7\u00e3o de Amparo \u00e0 Pesquisa do Estado de Minas Gerais (Fapemig)<\/a>\u00a0e a Associa\u00e7\u00e3o Brasileira de Pesquisa e Inova\u00e7\u00e3o Industrial (Embrapii) vai injetar cerca de R$130 milh\u00f5es em iniciativas mineiras inovadoras.<\/p>\n<p>De acordo com o an\u00fancio, realizado durante as comemora\u00e7\u00f5es do anivers\u00e1rio de 39 anos da funda\u00e7\u00e3o, o recurso ser\u00e1 aplicado por meio de chamadas conjuntas entre as institui\u00e7\u00f5es, que ainda est\u00e3o sendo desenhadas.<br \/>\nA expectativa \u00e9 a de contemplar temas estrat\u00e9gicos para Minas e apoiar Unidades Embrapii e Centros de Compet\u00eancia localizados no estado, como o Centro de Compet\u00eancia em Hardware e Infraestrutura em Conectividade 5G e 6G.<\/p>\n<p>\u201cNos \u00faltimos anos, tem crescido o n\u00famero de projetos apoiados pela Fapemig com foco em inova\u00e7\u00e3o, assim como os valores destinados \u00e0 \u00e1rea. A parceria com a Embrapii, que vai apoiar as unidades de Minas Gerais, vai alavancar ainda mais projetos de inova\u00e7\u00e3o no estado, contribuindo para a solu\u00e7\u00e3o de desafios atuais\u201d, destaca Carlos Arruda, presidente da Fapemig.<\/p>\n<p><strong>Unidades Embrapii\u00a0<\/strong><\/p>\n<p>De acordo com Igor Manh\u00e3es Nazareth, diretor de Planejamento e Rela\u00e7\u00f5es Institucionais da Embrapii, para o credenciamento de novas unidades da empresa em Minas \u00e9 necess\u00e1rio aderir aos editais, quando j\u00e1 h\u00e1 recurso financeiro previsto. Esses editais selecionam propostas de grupos de pesquisas que precisam atender a quatro crit\u00e9rios.<\/p>\n<p>O primeiro \u00e9 ter infraestrutura tecnol\u00f3gica de ponta. O segundo \u00e9 ter pessoal altamente qualificado. O terceiro crit\u00e9rio \u00e9 que o grupo de pesquisa tenha um foco espec\u00edfico, de forma a desenvolver pesquisas altamente especializadas. E o \u00faltimo crit\u00e9rio \u00e9 ter experi\u00eancia no desenvolvimento de projetos de pesquisa, desenvolvimento e inova\u00e7\u00e3o com empresas.<\/p>\n<p>\u201cEsse \u00faltimo crit\u00e9rio tem sido o mais desafiador at\u00e9 hoje. Os pesquisadores precisam trabalhar de forma espec\u00edfica o desenvolvimento desse aspecto\u201d, avalia Igor.<\/p>\n<p>Para mais informa\u00e7\u00f5es sobre a iniciativa, envie um email para o\u00a0<a href=\"https:\/\/www.fapemig.br\/pt\/duvidas-frequentes\/\" target=\"_blank\" rel=\"noopener\">Fale Conosco da Fapemig<\/a>.<\/p>\n<p>Fonte: Ag\u00eancia Minas<\/p>\n","protected":false},"excerpt":{"rendered":"<p>Acordo de parceria entre a\u00a0Funda\u00e7\u00e3o de Amparo \u00e0 Pesquisa do Estado de Minas Gerais (Fapemig)\u00a0e a Associa\u00e7\u00e3o Brasileira de Pesquisa e Inova\u00e7\u00e3o Industrial (Embrapii) vai injetar cerca de R$130 milh\u00f5es em iniciativas mineiras inovadoras. De acordo com o an\u00fancio, realizado durante as comemora\u00e7\u00f5es do anivers\u00e1rio de 39 anos da funda\u00e7\u00e3o, o recurso ser\u00e1 aplicado por [&hellip;]<\/p>\n","protected":false},"author":246,"featured_media":224494,"comment_status":"closed","ping_status":"closed","sticky":false,"template":"","format":"standard","meta":{"footnotes":""},"categories":[436,261,254,252,439],"tags":[],"class_list":["post-224493","post","type-post","status-publish","format-standard","has-post-thumbnail","hentry","category-destaque-da-semana","category-economia","category-politica","category-regiao","category-ultima-hora"],"_links":{"self":[{"href":"https:\/\/diarioregionaldigital.com.br\/index.php?rest_route=\/wp\/v2\/posts\/224493","targetHints":{"allow":["GET"]}}],"collection":[{"href":"https:\/\/diarioregionaldigital.com.br\/index.php?rest_route=\/wp\/v2\/posts"}],"about":[{"href":"https:\/\/diarioregionaldigital.com.br\/index.php?rest_route=\/wp\/v2\/types\/post"}],"author":[{"embeddable":true,"href":"https:\/\/diarioregionaldigital.com.br\/index.php?rest_route=\/wp\/v2\/users\/246"}],"replies":[{"embeddable":true,"href":"https:\/\/diarioregionaldigital.com.br\/index.php?rest_route=%2Fwp%2Fv2%2Fcomments&post=224493"}],"version-history":[{"count":1,"href":"https:\/\/diarioregionaldigital.com.br\/index.php?rest_route=\/wp\/v2\/posts\/224493\/revisions"}],"predecessor-version":[{"id":224495,"href":"https:\/\/diarioregionaldigital.com.br\/index.php?rest_route=\/wp\/v2\/posts\/224493\/revisions\/224495"}],"wp:featuredmedia":[{"embeddable":true,"href":"https:\/\/diarioregionaldigital.com.br\/index.php?rest_route=\/wp\/v2\/media\/224494"}],"wp:attachment":[{"href":"https:\/\/diarioregionaldigital.com.br\/index.php?rest_route=%2Fwp%2Fv2%2Fmedia&parent=224493"}],"wp:term":[{"taxonomy":"category","embeddable":true,"href":"https:\/\/diarioregionaldigital.com.br\/index.php?rest_route=%2Fwp%2Fv2%2Fcategories&post=224493"},{"taxonomy":"post_tag","embeddable":true,"href":"https:\/\/diarioregionaldigital.com.br\/index.php?rest_route=%2Fwp%2Fv2%2Ftags&post=224493"}],"curies":[{"name":"wp","href":"https:\/\/api.w.org\/{rel}","templated":true}]}}