{"id":224487,"date":"2024-09-04T20:09:54","date_gmt":"2024-09-04T23:09:54","guid":{"rendered":"https:\/\/diarioregionaldigital.com.br\/?p=224487"},"modified":"2024-09-04T20:09:54","modified_gmt":"2024-09-04T23:09:54","slug":"em-busca-de-mais-investimentos-para-minas-governador-apresenta-avancos-no-desenvolvimento-do-estado-a-empresarios-do-rio","status":"publish","type":"post","link":"https:\/\/diarioregionaldigital.com.br\/?p=224487","title":{"rendered":"Em busca de mais investimentos para Minas, governador apresenta avan\u00e7os no desenvolvimento do estado a empres\u00e1rios do Rio"},"content":{"rendered":"<p>Governador de Minas Gerais, Romeu Zema fez s\u00e9rie de encontros com empres\u00e1rios do Rio de Janeiro em busca de atra\u00e7\u00e3o de novos investimentos para o estado.<\/p>\n<p>Nesta quarta-feira (4\/9), Zema participou da abertura do II F\u00f3rum Rio Empreendedor. A iniciativa, que teve como tema \u201cDemocracia e Liberdade Econ\u00f4mica\u201d, reuniu empres\u00e1rios do estado fluminense de diversos setores.<\/p>\n<p>Durante o f\u00f3rum, realizado pela Associa\u00e7\u00e3o Comercial do Rio de Janeiro, Zema aproveitou para demonstrar avan\u00e7os que foram realizados durante sua gest\u00e3o no\u00a0<a href=\"https:\/\/www.mg.gov.br\/\" target=\"_blank\" rel=\"noopener\">Governo de Minas<\/a>, o que tem tornado o estado cada vez mais atrativo para investidores.<\/p>\n<p>\u201cFizemos um grande esfor\u00e7o de desburocratizar e enxugar a m\u00e1quina p\u00fablica. Hoje, os nossos processos tribut\u00e1rios, de licenciamento ambiental e sanit\u00e1rios s\u00e3o muito mais objetivos e \u00e1geis. Se a bota de chumbo do empreendedor pesava tr\u00eas quilos quando eu entrei no governo, hoje ela est\u00e1 um pouco mais leve e pesa menos de dois quilos\u201d, comparou.<\/p>\n<p><strong>Indicadores\u00a0<\/strong><\/p>\n<p>O governador lembrou que os indicadores de todas as \u00e1reas do governo melhoraram, como sa\u00fade, educa\u00e7\u00e3o e seguran\u00e7a, o que otimiza\u00a0a presta\u00e7\u00e3o de servi\u00e7os aos mineiros. Ao mesmo tempo, o contexto contribui para o desenvolvimento econ\u00f4mico do estado.<\/p>\n<p>\u201cO empres\u00e1rio, hoje, sabe que Minas \u00e9 um estado que tem um governo s\u00e9rio, que trata os recursos p\u00fablicos com seriedade, sem deixar de investir onde precisa, como na melhoria das escolas e hospitais. E \u00e9 esse cen\u00e1rio que nos permitiu alcan\u00e7ar a atra\u00e7\u00e3o de R$ 440 bilh\u00f5es em investimentos, com a gera\u00e7\u00e3o de mais de 900 mil empregos&#8221;, destacou o governador.<\/p>\n<p>&nbsp;<\/p>\n<table border=\"0\" cellspacing=\"1\" cellpadding=\"1\" align=\"center\">\n<tbody>\n<tr>\n<td colspan=\"5\"><img decoding=\"async\" src=\"https:\/\/www.agenciaminas.mg.gov.br\/ckeditor_assets\/pictures\/20949\/content_2_olho_topo.jpg\" alt=\"\" \/><\/td>\n<\/tr>\n<tr>\n<td><\/td>\n<td colspan=\"3\" rowspan=\"3\">\n<h1><strong>&#8220;At\u00e9 o ano que vem, vamos chegar a 1 milh\u00e3o de novas vagas com carteira assinada em Minas\u201d, completou o governador.<\/strong><\/h1>\n<\/td>\n<td><\/td>\n<\/tr>\n<tr>\n<td><\/td>\n<td><\/td>\n<\/tr>\n<tr>\n<td><\/td>\n<td><\/td>\n<\/tr>\n<tr>\n<td colspan=\"5\"><img decoding=\"async\" src=\"https:\/\/www.agenciaminas.mg.gov.br\/ckeditor_assets\/pictures\/20950\/content_2_olho_inferior.jpg\" alt=\"\" \/><\/td>\n<\/tr>\n<\/tbody>\n<\/table>\n<p><strong>Futuro melhor \u00a0\u00a0<\/strong><\/p>\n<p>Romeu Zema tamb\u00e9m refor\u00e7ou cr\u00edticas \u00e0 polariza\u00e7\u00e3o pol\u00edtica vivida no Brasil.<\/p>\n<p>\u201cNo mundo pol\u00edtico, parece que 90% do tempo est\u00e1 sendo dedicado a mandar pedras na vidra\u00e7a dos advers\u00e1rios, e n\u00e3o a construir a\u00e7\u00f5es que melhorem a vida dos brasileiros. Isso precisa ser alterado. Essa polariza\u00e7\u00e3o n\u00e3o pode ir para extremos, porque desse jeito o foco n\u00e3o \u00e9 construir um futuro melhor, mas, sim, destruir o advers\u00e1rio, e ningu\u00e9m ganha com isso\u201d, complementou.<\/p>\n<p>Al\u00e9m do II F\u00f3rum Rio Empreendedor, na ter\u00e7a-feira (3\/9) o governador Romeu Zema participou de encontro com a Confedera\u00e7\u00e3o Nacional do Com\u00e9rcio, onde tamb\u00e9m apresentou os dados de avan\u00e7o de sua gest\u00e3o \u00e0 frente do Executivo mineiro.<br \/>\nFonte: Ag\u00eancia Minas<\/p>\n","protected":false},"excerpt":{"rendered":"<p>Governador de Minas Gerais, Romeu Zema fez s\u00e9rie de encontros com empres\u00e1rios do Rio de Janeiro em busca de atra\u00e7\u00e3o de novos investimentos para o estado. Nesta quarta-feira (4\/9), Zema participou da abertura do II F\u00f3rum Rio Empreendedor. A iniciativa, que teve como tema \u201cDemocracia e Liberdade Econ\u00f4mica\u201d, reuniu empres\u00e1rios do estado fluminense de diversos [&hellip;]<\/p>\n","protected":false},"author":246,"featured_media":224488,"comment_status":"closed","ping_status":"closed","sticky":false,"template":"","format":"standard","meta":{"footnotes":""},"categories":[436,440,261,254,252,439],"tags":[],"class_list":["post-224487","post","type-post","status-publish","format-standard","has-post-thumbnail","hentry","category-destaque-da-semana","category-destaques-do-dia","category-economia","category-politica","category-regiao","category-ultima-hora"],"_links":{"self":[{"href":"https:\/\/diarioregionaldigital.com.br\/index.php?rest_route=\/wp\/v2\/posts\/224487","targetHints":{"allow":["GET"]}}],"collection":[{"href":"https:\/\/diarioregionaldigital.com.br\/index.php?rest_route=\/wp\/v2\/posts"}],"about":[{"href":"https:\/\/diarioregionaldigital.com.br\/index.php?rest_route=\/wp\/v2\/types\/post"}],"author":[{"embeddable":true,"href":"https:\/\/diarioregionaldigital.com.br\/index.php?rest_route=\/wp\/v2\/users\/246"}],"replies":[{"embeddable":true,"href":"https:\/\/diarioregionaldigital.com.br\/index.php?rest_route=%2Fwp%2Fv2%2Fcomments&post=224487"}],"version-history":[{"count":1,"href":"https:\/\/diarioregionaldigital.com.br\/index.php?rest_route=\/wp\/v2\/posts\/224487\/revisions"}],"predecessor-version":[{"id":224489,"href":"https:\/\/diarioregionaldigital.com.br\/index.php?rest_route=\/wp\/v2\/posts\/224487\/revisions\/224489"}],"wp:featuredmedia":[{"embeddable":true,"href":"https:\/\/diarioregionaldigital.com.br\/index.php?rest_route=\/wp\/v2\/media\/224488"}],"wp:attachment":[{"href":"https:\/\/diarioregionaldigital.com.br\/index.php?rest_route=%2Fwp%2Fv2%2Fmedia&parent=224487"}],"wp:term":[{"taxonomy":"category","embeddable":true,"href":"https:\/\/diarioregionaldigital.com.br\/index.php?rest_route=%2Fwp%2Fv2%2Fcategories&post=224487"},{"taxonomy":"post_tag","embeddable":true,"href":"https:\/\/diarioregionaldigital.com.br\/index.php?rest_route=%2Fwp%2Fv2%2Ftags&post=224487"}],"curies":[{"name":"wp","href":"https:\/\/api.w.org\/{rel}","templated":true}]}}