{"id":224478,"date":"2024-09-03T19:31:27","date_gmt":"2024-09-03T22:31:27","guid":{"rendered":"https:\/\/diarioregionaldigital.com.br\/?p=224478"},"modified":"2024-09-03T19:31:27","modified_gmt":"2024-09-03T22:31:27","slug":"mercado-de-trabalho-impulsiona-crescimento-do-pib-diz-fiesp","status":"publish","type":"post","link":"https:\/\/diarioregionaldigital.com.br\/?p=224478","title":{"rendered":"Mercado de trabalho impulsiona crescimento do PIB, diz Fiesp"},"content":{"rendered":"<p>O\u00a0<a href=\"https:\/\/agenciabrasil.ebc.com.br\/economia\/noticia\/2024-09\/pib-cresce-14-no-segundo-trimestre-e-fica-acima-do-esperado\" target=\"_blank\" rel=\"noopener\">crescimento de\u00a01,4% do Produto Interno Bruto (PIB) do Brasil<\/a>\u00a0no segundo trimestre \u00e9 resultado da continuidade do forte dinamismo do mercado de trabalho, afirmou em nota a Federa\u00e7\u00e3o das Ind\u00fastrias de S\u00e3o Paulo (Fiesp). &#8220;Um dos reflexos desse dinamismo do mercado de trabalho tem sido a eleva\u00e7\u00e3o dos sal\u00e1rios, com crescimento real de 5,8% do rendimento m\u00e9dio do trabalho em junho de 2024 na compara\u00e7\u00e3o com o mesmo per\u00edodo do ano anterior&#8221;, diz a nota.\u00a0<img decoding=\"async\" src=\"https:\/\/agenciabrasil.ebc.com.br\/ebc.png?id=1610469&amp;o=node\" \/><img decoding=\"async\" src=\"https:\/\/agenciabrasil.ebc.com.br\/ebc.gif?id=1610469&amp;o=node\" \/><\/p>\n<p>De acordo com a Fiesp, al\u00e9m do forte ritmo de crescimento dos rendimentos ligados ao trabalho, a renda das fam\u00edlias tamb\u00e9m tem crescido devido \u00e0s transfer\u00eancias governamentais via benef\u00edcios de assist\u00eancia e previd\u00eancia social; \u00e0 eleva\u00e7\u00e3o real do sal\u00e1rio-m\u00ednimo e ao pagamento dos precat\u00f3rios.<\/p>\n<p>&#8220;Cabe destacar que a renda no 2\u00ba trimestre tamb\u00e9m foi potencializada pela antecipa\u00e7\u00e3o do pagamento do 13\u00ba sal\u00e1rio para aposentados, pensionistas e benefici\u00e1rios de aux\u00edlios previdenci\u00e1rios do INSS. Neste cen\u00e1rio, estimamos que a massa salarial ampliada tenha crescido cerca de 11% em termos reais no 2\u00ba trimestre de 2024 na compara\u00e7\u00e3o com o mesmo per\u00edodo do ano anterior&#8221;.<\/p>\n<p>Sobre o desempenho da ind\u00fastria de transforma\u00e7\u00e3o, a Fiesp entende que esse setor tem sido favorecido pelo bom desempenho da categoria de bens de capital e bens de consumo. A primeira categoria tem sido beneficiada pela melhora das condi\u00e7\u00f5es de cr\u00e9dito e pela recupera\u00e7\u00e3o da confian\u00e7a dos empres\u00e1rios.<\/p>\n<p>No primeiro semestre do ano, o expressivo crescimento da produ\u00e7\u00e3o de ve\u00edculos pesados, como \u00f4nibus e caminh\u00f5es, contribuiu para este desempenho. J\u00e1 a categoria de bens de consumo tem sido impulsionada pela expans\u00e3o da renda, com destaque para o crescimento da produ\u00e7\u00e3o de m\u00e1quinas, aparelhos e materiais el\u00e9tricos da chamada \u201clinha branca\u201d.<\/p>\n<p>Do ponto de vista estrutural, o setor continua enfrentando desafios, conforme a Fiesp. Apesar de o N\u00edvel de Utiliza\u00e7\u00e3o da Capacidade\u00a0 Instalada (NUCI) ter atingido patamar recorde, o indicador est\u00e1 sendo mensurado em um contexto de capacidade instalada deteriorada e reduzida.<\/p>\n<p>Nesse cen\u00e1rio, a partir da agrega\u00e7\u00e3o dos dados ap\u00f3s 1996, a Fiesp identificou uma longa estagna\u00e7\u00e3o do estoque de capital desde 2015. Esse processo \u00e9 reflexo, dentre outros fatores, do ambiente econ\u00f4mico adverso, que tem impactado a capacidade de investimento da ind\u00fastria de transforma\u00e7\u00e3o.<\/p>\n<p>&#8220;Esperamos uma acomoda\u00e7\u00e3o da atividade na segunda metade do ano, em fun\u00e7\u00e3o do menor impulso fiscal e da manuten\u00e7\u00e3o da pol\u00edtica monet\u00e1ria restritiva. Diante das informa\u00e7\u00f5es dispon\u00edveis at\u00e9 o momento e, sobretudo, devido \u00e0s surpresas positivas da atividade no 1\u00ba semestre, revisamos a proje\u00e7\u00e3o de crescimento da economia brasileira de 2,2% para 2,7% em 2024. J\u00e1 para o PIB do estado de S\u00e3o Paulo, revisamos a proje\u00e7\u00e3o de aumento de 2,4% para 2,5% neste ano&#8221;, diz o comunicado.<\/p>\n<p>Fonte: Ag\u00eancia Brasil<\/p>\n","protected":false},"excerpt":{"rendered":"<p>O\u00a0crescimento de\u00a01,4% do Produto Interno Bruto (PIB) do Brasil\u00a0no segundo trimestre \u00e9 resultado da continuidade do forte dinamismo do mercado de trabalho, afirmou em nota a Federa\u00e7\u00e3o das Ind\u00fastrias de S\u00e3o Paulo (Fiesp). &#8220;Um dos reflexos desse dinamismo do mercado de trabalho tem sido a eleva\u00e7\u00e3o dos sal\u00e1rios, com crescimento real de 5,8% do rendimento [&hellip;]<\/p>\n","protected":false},"author":246,"featured_media":224479,"comment_status":"closed","ping_status":"closed","sticky":false,"template":"","format":"standard","meta":{"footnotes":""},"categories":[302,436,440,254,439],"tags":[],"class_list":["post-224478","post","type-post","status-publish","format-standard","has-post-thumbnail","hentry","category-brasil-mundo","category-destaque-da-semana","category-destaques-do-dia","category-politica","category-ultima-hora"],"_links":{"self":[{"href":"https:\/\/diarioregionaldigital.com.br\/index.php?rest_route=\/wp\/v2\/posts\/224478","targetHints":{"allow":["GET"]}}],"collection":[{"href":"https:\/\/diarioregionaldigital.com.br\/index.php?rest_route=\/wp\/v2\/posts"}],"about":[{"href":"https:\/\/diarioregionaldigital.com.br\/index.php?rest_route=\/wp\/v2\/types\/post"}],"author":[{"embeddable":true,"href":"https:\/\/diarioregionaldigital.com.br\/index.php?rest_route=\/wp\/v2\/users\/246"}],"replies":[{"embeddable":true,"href":"https:\/\/diarioregionaldigital.com.br\/index.php?rest_route=%2Fwp%2Fv2%2Fcomments&post=224478"}],"version-history":[{"count":1,"href":"https:\/\/diarioregionaldigital.com.br\/index.php?rest_route=\/wp\/v2\/posts\/224478\/revisions"}],"predecessor-version":[{"id":224480,"href":"https:\/\/diarioregionaldigital.com.br\/index.php?rest_route=\/wp\/v2\/posts\/224478\/revisions\/224480"}],"wp:featuredmedia":[{"embeddable":true,"href":"https:\/\/diarioregionaldigital.com.br\/index.php?rest_route=\/wp\/v2\/media\/224479"}],"wp:attachment":[{"href":"https:\/\/diarioregionaldigital.com.br\/index.php?rest_route=%2Fwp%2Fv2%2Fmedia&parent=224478"}],"wp:term":[{"taxonomy":"category","embeddable":true,"href":"https:\/\/diarioregionaldigital.com.br\/index.php?rest_route=%2Fwp%2Fv2%2Fcategories&post=224478"},{"taxonomy":"post_tag","embeddable":true,"href":"https:\/\/diarioregionaldigital.com.br\/index.php?rest_route=%2Fwp%2Fv2%2Ftags&post=224478"}],"curies":[{"name":"wp","href":"https:\/\/api.w.org\/{rel}","templated":true}]}}