{"id":224475,"date":"2024-09-03T19:29:44","date_gmt":"2024-09-03T22:29:44","guid":{"rendered":"https:\/\/diarioregionaldigital.com.br\/?p=224475"},"modified":"2024-09-03T19:29:44","modified_gmt":"2024-09-03T22:29:44","slug":"stf-prorroga-prazo-para-governo-apresentar-plano-de-acao-para-amazonia","status":"publish","type":"post","link":"https:\/\/diarioregionaldigital.com.br\/?p=224475","title":{"rendered":"STF prorroga prazo para governo apresentar plano de a\u00e7\u00e3o para Amaz\u00f4nia"},"content":{"rendered":"<p>O ministro Andr\u00e9 Mendon\u00e7a, do Supremo Tribunal Federal (STF), prorrogou at\u00e9 a pr\u00f3xima ter\u00e7a-feira (9) o prazo para que o governo e \u00f3rg\u00e3os e entidades federais apresentem plano de a\u00e7\u00e3o para prevenir e controlar o desmatamento na Amaz\u00f4nia. A decis\u00e3o atendeu ao pedido da Advocacia-Geral da Uni\u00e3o (AGU).<img decoding=\"async\" src=\"https:\/\/agenciabrasil.ebc.com.br\/ebc.png?id=1610495&amp;o=node\" \/><img decoding=\"async\" src=\"https:\/\/agenciabrasil.ebc.com.br\/ebc.gif?id=1610495&amp;o=node\" \/><\/p>\n<p>Nesse prazo, segundo nota do STF, o governo deve indicar um portal na internet para divulgar a\u00e7\u00f5es e relat\u00f3rios do que foi feito para cumprir a decis\u00e3o do STF na Argui\u00e7\u00e3o de Descumprimento de Preceito Fundamental (ADPF) 760.<\/p>\n<p>A decis\u00e3o do ministro Mendon\u00e7a tamb\u00e9m estabeleceu o fornecimento de relat\u00f3rios consolidados sobre as medidas adotadas anteriormente ao julgamento da ADPF. Tamb\u00e9m dever\u00e3o ser inclu\u00eddas as medidas que est\u00e3o sendo atualmente tomadas para o efetivo combate ao desmatamento, \u00e0s queimadas e \u00e0s demais ilicitudes que resultem em dano ao bioma. Isso permitir\u00e1 um recorte entre os cen\u00e1rios e a avalia\u00e7\u00e3o dos planos apresentados.<\/p>\n<h2>Provid\u00eancias<\/h2>\n<p>O ministro \u00e9 o respons\u00e1vel pela reda\u00e7\u00e3o do ac\u00f3rd\u00e3o do julgamento da ADPF 760. No texto, a Corte determinou \u00e0 Uni\u00e3o, entre outros pontos, a ado\u00e7\u00e3o de medidas no \u00e2mbito do Plano de A\u00e7\u00e3o para Preven\u00e7\u00e3o e Controle do Desmatamento na Amaz\u00f4nia Legal (PPCDAm) e de outros programas para reduzir o desmatamento na Amaz\u00f4nia Legal para a taxa de 3.925 km anuais at\u00e9 2027 e a zero at\u00e9 2030.<\/p>\n<p>O prazo inicial fixado pela Corte para a apresenta\u00e7\u00e3o do plano terminou em 26 de agosto. Ao atender ao pedido da AGU, o ministro levou em considera\u00e7\u00e3o a necessidade de exame integrado de outras a\u00e7\u00f5es que envolvem autarquias e \u00f3rg\u00e3os espec\u00edficos, como o Instituto Brasileiro do Meio Ambiente e dos Recursos Naturais Renov\u00e1veis (Ibama), o Instituto Chico Mendes de Conserva\u00e7\u00e3o da Biodiversidade (ICMBio) e a Funda\u00e7\u00e3o Nacional dos Povos Ind\u00edgenas (Funai).<\/p>\n<p>Fonte: Ag\u00eancia Brasil<\/p>\n","protected":false},"excerpt":{"rendered":"<p>O ministro Andr\u00e9 Mendon\u00e7a, do Supremo Tribunal Federal (STF), prorrogou at\u00e9 a pr\u00f3xima ter\u00e7a-feira (9) o prazo para que o governo e \u00f3rg\u00e3os e entidades federais apresentem plano de a\u00e7\u00e3o para prevenir e controlar o desmatamento na Amaz\u00f4nia. A decis\u00e3o atendeu ao pedido da Advocacia-Geral da Uni\u00e3o (AGU). Nesse prazo, segundo nota do STF, o [&hellip;]<\/p>\n","protected":false},"author":246,"featured_media":224476,"comment_status":"closed","ping_status":"closed","sticky":false,"template":"","format":"standard","meta":{"footnotes":""},"categories":[302,436,440,261,254,439],"tags":[],"class_list":["post-224475","post","type-post","status-publish","format-standard","has-post-thumbnail","hentry","category-brasil-mundo","category-destaque-da-semana","category-destaques-do-dia","category-economia","category-politica","category-ultima-hora"],"_links":{"self":[{"href":"https:\/\/diarioregionaldigital.com.br\/index.php?rest_route=\/wp\/v2\/posts\/224475","targetHints":{"allow":["GET"]}}],"collection":[{"href":"https:\/\/diarioregionaldigital.com.br\/index.php?rest_route=\/wp\/v2\/posts"}],"about":[{"href":"https:\/\/diarioregionaldigital.com.br\/index.php?rest_route=\/wp\/v2\/types\/post"}],"author":[{"embeddable":true,"href":"https:\/\/diarioregionaldigital.com.br\/index.php?rest_route=\/wp\/v2\/users\/246"}],"replies":[{"embeddable":true,"href":"https:\/\/diarioregionaldigital.com.br\/index.php?rest_route=%2Fwp%2Fv2%2Fcomments&post=224475"}],"version-history":[{"count":1,"href":"https:\/\/diarioregionaldigital.com.br\/index.php?rest_route=\/wp\/v2\/posts\/224475\/revisions"}],"predecessor-version":[{"id":224477,"href":"https:\/\/diarioregionaldigital.com.br\/index.php?rest_route=\/wp\/v2\/posts\/224475\/revisions\/224477"}],"wp:featuredmedia":[{"embeddable":true,"href":"https:\/\/diarioregionaldigital.com.br\/index.php?rest_route=\/wp\/v2\/media\/224476"}],"wp:attachment":[{"href":"https:\/\/diarioregionaldigital.com.br\/index.php?rest_route=%2Fwp%2Fv2%2Fmedia&parent=224475"}],"wp:term":[{"taxonomy":"category","embeddable":true,"href":"https:\/\/diarioregionaldigital.com.br\/index.php?rest_route=%2Fwp%2Fv2%2Fcategories&post=224475"},{"taxonomy":"post_tag","embeddable":true,"href":"https:\/\/diarioregionaldigital.com.br\/index.php?rest_route=%2Fwp%2Fv2%2Ftags&post=224475"}],"curies":[{"name":"wp","href":"https:\/\/api.w.org\/{rel}","templated":true}]}}