{"id":224449,"date":"2024-08-30T20:32:10","date_gmt":"2024-08-30T23:32:10","guid":{"rendered":"https:\/\/diarioregionaldigital.com.br\/?p=224449"},"modified":"2024-08-30T20:32:10","modified_gmt":"2024-08-30T23:32:10","slug":"linha-599-tem-retorno-operacional-a-partir-de-segunda-2","status":"publish","type":"post","link":"https:\/\/diarioregionaldigital.com.br\/?p=224449","title":{"rendered":"Linha 599 tem retorno operacional a partir de segunda, 2"},"content":{"rendered":"<p>Segundo informa\u00e7\u00f5es do site da Prefeitura de Juiz de Fora (PJF), a Prefeitura de Juiz de Fora (PJF) informa que a linha de \u00f4nibus urbano 599 (S\u00e3o Pedro) ter\u00e1 seu retorno operacional nos dias \u00fateis e aos s\u00e1bados, domingos e feriados. A linha \u00e9 de ve\u00edculo adaptado e foi paralisada no per\u00edodo da pandemia da Covid-19. O retorno ser\u00e1 a partir da pr\u00f3xima segunda-feira, dia 2 de setembro.<\/p>\n<p><strong>Confira o itiner\u00e1rio:<\/strong><\/p>\n<p><strong>Sentido bairro\/Centro<\/strong>: Avenida Dnar Rocha 290 &#8211; ponto final, Rua Doutor Jos\u00e9 Henrique Masini, Rua Jo\u00e3o Esteves dos Reis, Rua Jos\u00e9 Micherif, Rua Major Reinaldo Lawall, Rua Capit\u00e3o Miguel Altomare, Avenida Senhor dos Passos, Rua Jos\u00e9 Louren\u00e7o, Rua Roberto Stiegert, Avenida Presidente Costa e Silva, Rua Jos\u00e9 Louren\u00e7o Kelmer, Rua Local da UFJF, Avenida Presidente Itamar Franco, Rua Vicente Beghelli, Rua Imaculada Concei\u00e7\u00e3o, Rua Jo\u00e3o Manata, Rua Monsenhor Gustavo Freire, Avenida Presidente Itamar Franco, Rua Doutor Romualdo, Avenida Bar\u00e3o do Rio Branco, Rua Silva Jardim s\/n &#8211; ponto final.<\/p>\n<p><strong>Sentido bairro:\u00a0<\/strong>Rua Silva Jardim s\/n &#8211; ponto final, Avenida Francisco Bernardino, Rua Bar\u00e3o de Cataguases, Avenida dos Andradas, Rua Engenheiro Jos\u00e9 Carlos Moraes Sarmento, Estrada Engenheiro Gentil Forn, Rua Jos\u00e9 Louren\u00e7o Kelmer, Avenida Presidente Costa e Silva, Rua Att\u00edlio Pastorini, Avenida Pedro Henrique Krambeck, Rua Roberto Stiegert, Rua Jos\u00e9 Louren\u00e7o, Avenida Senhor dos Passos, Rua Capit\u00e3o Miguel Altomare, Rua Major Reinaldo Lawall, Rua Jos\u00e9 Micherif, Rua Nelson Mascarenhas, Rua Geraldo Freitas Masini, Rua Doutora Terezinha Micherif, Rua Doutor Jos\u00e9 Henrique Masini, Rua Jo\u00e3o Esteves dos Reis, Rua Jo\u00e3o Paulo II, Rua &#8220;O&#8221;, Rua Carlos Alberto Ferreira Braga, Avenida Dnar Rocha, Rua A, Rua Poeta M\u00e1rio Quintana, Rua F, Avenida Dnar Rocha 290 &#8211; ponto final.<\/p>\n","protected":false},"excerpt":{"rendered":"<p>Segundo informa\u00e7\u00f5es do site da Prefeitura de Juiz de Fora (PJF), a Prefeitura de Juiz de Fora (PJF) informa que a linha de \u00f4nibus urbano 599 (S\u00e3o Pedro) ter\u00e1 seu retorno operacional nos dias \u00fateis e aos s\u00e1bados, domingos e feriados. A linha \u00e9 de ve\u00edculo adaptado e foi paralisada no per\u00edodo da pandemia da [&hellip;]<\/p>\n","protected":false},"author":246,"featured_media":224450,"comment_status":"closed","ping_status":"closed","sticky":false,"template":"","format":"standard","meta":{"footnotes":""},"categories":[253,436,440,439],"tags":[],"class_list":["post-224449","post","type-post","status-publish","format-standard","has-post-thumbnail","hentry","category-cidade","category-destaque-da-semana","category-destaques-do-dia","category-ultima-hora"],"_links":{"self":[{"href":"https:\/\/diarioregionaldigital.com.br\/index.php?rest_route=\/wp\/v2\/posts\/224449","targetHints":{"allow":["GET"]}}],"collection":[{"href":"https:\/\/diarioregionaldigital.com.br\/index.php?rest_route=\/wp\/v2\/posts"}],"about":[{"href":"https:\/\/diarioregionaldigital.com.br\/index.php?rest_route=\/wp\/v2\/types\/post"}],"author":[{"embeddable":true,"href":"https:\/\/diarioregionaldigital.com.br\/index.php?rest_route=\/wp\/v2\/users\/246"}],"replies":[{"embeddable":true,"href":"https:\/\/diarioregionaldigital.com.br\/index.php?rest_route=%2Fwp%2Fv2%2Fcomments&post=224449"}],"version-history":[{"count":1,"href":"https:\/\/diarioregionaldigital.com.br\/index.php?rest_route=\/wp\/v2\/posts\/224449\/revisions"}],"predecessor-version":[{"id":224451,"href":"https:\/\/diarioregionaldigital.com.br\/index.php?rest_route=\/wp\/v2\/posts\/224449\/revisions\/224451"}],"wp:featuredmedia":[{"embeddable":true,"href":"https:\/\/diarioregionaldigital.com.br\/index.php?rest_route=\/wp\/v2\/media\/224450"}],"wp:attachment":[{"href":"https:\/\/diarioregionaldigital.com.br\/index.php?rest_route=%2Fwp%2Fv2%2Fmedia&parent=224449"}],"wp:term":[{"taxonomy":"category","embeddable":true,"href":"https:\/\/diarioregionaldigital.com.br\/index.php?rest_route=%2Fwp%2Fv2%2Fcategories&post=224449"},{"taxonomy":"post_tag","embeddable":true,"href":"https:\/\/diarioregionaldigital.com.br\/index.php?rest_route=%2Fwp%2Fv2%2Ftags&post=224449"}],"curies":[{"name":"wp","href":"https:\/\/api.w.org\/{rel}","templated":true}]}}