{"id":224437,"date":"2024-08-29T19:48:47","date_gmt":"2024-08-29T22:48:47","guid":{"rendered":"https:\/\/diarioregionaldigital.com.br\/?p=224437"},"modified":"2024-08-29T19:48:47","modified_gmt":"2024-08-29T22:48:47","slug":"manutencao-da-cesama-deixa-transito-em-pare-e-siga-em-trecho-da-avenida-garcia-rodrigues-paes-neste-final-de-semana","status":"publish","type":"post","link":"https:\/\/diarioregionaldigital.com.br\/?p=224437","title":{"rendered":"Manuten\u00e7\u00e3o da Cesama deixa tr\u00e2nsito em &#8220;Pare e Siga&#8221; em trecho da Avenida Garcia Rodrigues Paes neste final de semana"},"content":{"rendered":"<p>Segundo informa\u00e7\u00f5es do site da Prefeitura de Juiz de Fora (PJF), a Companhia de Saneamento Municipal (Cesama) ir\u00e1 realizar uma manuten\u00e7\u00e3o rotineira na quarta adutora desta sexta-feira, 30, at\u00e9 domingo, 1\u00ba de setembro. Os trabalhos ser\u00e3o executados na Avenida Garcia Rodrigues Paes, J\u00f3quei Clube, pouco depois da curva do Auto Posto Energia. Para isso, haver\u00e1 interdi\u00e7\u00e3o parcial do tr\u00e2nsito no sentido Centro\/Bairro e a circula\u00e7\u00e3o ficar\u00e1 garantida nos dois sentidos, com opera\u00e7\u00e3o de &#8220;Pare e Siga&#8221; durante o per\u00edodo. A manuten\u00e7\u00e3o da Cesama na quarta adutora n\u00e3o ir\u00e1 causar reflexo no abastecimento da regi\u00e3o.<\/p>\n<p>De acordo com as orienta\u00e7\u00f5es da Secretaria de Mobilidade Urbana (SMU), a Cesama ir\u00e1 sinalizar o local adequadamente para seguran\u00e7a da popula\u00e7\u00e3o, e solicita que motoristas e pedestres tenham aten\u00e7\u00e3o redobrada no trecho durante os trabalhos.<\/p>\n","protected":false},"excerpt":{"rendered":"<p>Segundo informa\u00e7\u00f5es do site da Prefeitura de Juiz de Fora (PJF), a Companhia de Saneamento Municipal (Cesama) ir\u00e1 realizar uma manuten\u00e7\u00e3o rotineira na quarta adutora desta sexta-feira, 30, at\u00e9 domingo, 1\u00ba de setembro. Os trabalhos ser\u00e3o executados na Avenida Garcia Rodrigues Paes, J\u00f3quei Clube, pouco depois da curva do Auto Posto Energia. Para isso, haver\u00e1 [&hellip;]<\/p>\n","protected":false},"author":246,"featured_media":224438,"comment_status":"closed","ping_status":"closed","sticky":false,"template":"","format":"standard","meta":{"footnotes":""},"categories":[253,436,440,439],"tags":[],"class_list":["post-224437","post","type-post","status-publish","format-standard","has-post-thumbnail","hentry","category-cidade","category-destaque-da-semana","category-destaques-do-dia","category-ultima-hora"],"_links":{"self":[{"href":"https:\/\/diarioregionaldigital.com.br\/index.php?rest_route=\/wp\/v2\/posts\/224437","targetHints":{"allow":["GET"]}}],"collection":[{"href":"https:\/\/diarioregionaldigital.com.br\/index.php?rest_route=\/wp\/v2\/posts"}],"about":[{"href":"https:\/\/diarioregionaldigital.com.br\/index.php?rest_route=\/wp\/v2\/types\/post"}],"author":[{"embeddable":true,"href":"https:\/\/diarioregionaldigital.com.br\/index.php?rest_route=\/wp\/v2\/users\/246"}],"replies":[{"embeddable":true,"href":"https:\/\/diarioregionaldigital.com.br\/index.php?rest_route=%2Fwp%2Fv2%2Fcomments&post=224437"}],"version-history":[{"count":1,"href":"https:\/\/diarioregionaldigital.com.br\/index.php?rest_route=\/wp\/v2\/posts\/224437\/revisions"}],"predecessor-version":[{"id":224439,"href":"https:\/\/diarioregionaldigital.com.br\/index.php?rest_route=\/wp\/v2\/posts\/224437\/revisions\/224439"}],"wp:featuredmedia":[{"embeddable":true,"href":"https:\/\/diarioregionaldigital.com.br\/index.php?rest_route=\/wp\/v2\/media\/224438"}],"wp:attachment":[{"href":"https:\/\/diarioregionaldigital.com.br\/index.php?rest_route=%2Fwp%2Fv2%2Fmedia&parent=224437"}],"wp:term":[{"taxonomy":"category","embeddable":true,"href":"https:\/\/diarioregionaldigital.com.br\/index.php?rest_route=%2Fwp%2Fv2%2Fcategories&post=224437"},{"taxonomy":"post_tag","embeddable":true,"href":"https:\/\/diarioregionaldigital.com.br\/index.php?rest_route=%2Fwp%2Fv2%2Ftags&post=224437"}],"curies":[{"name":"wp","href":"https:\/\/api.w.org\/{rel}","templated":true}]}}