{"id":224434,"date":"2024-08-29T19:45:18","date_gmt":"2024-08-29T22:45:18","guid":{"rendered":"https:\/\/diarioregionaldigital.com.br\/?p=224434"},"modified":"2024-08-29T19:45:18","modified_gmt":"2024-08-29T22:45:18","slug":"phelipe-rodrigues-conquista-prata-para-o-brasil-nos-50-metros-livre","status":"publish","type":"post","link":"https:\/\/diarioregionaldigital.com.br\/?p=224434","title":{"rendered":"Phelipe Rodrigues conquista prata para o Brasil nos 50 metros livre"},"content":{"rendered":"<p>O primeiro dia de disputas da nata\u00e7\u00e3o nos Jogos Paral\u00edmpicos de Paris j\u00e1 viu o Brasil em todos os lugares do p\u00f3dio. Depois do ouro de Gabriel Ara\u00fajo nos 100 metros costas classe S2 (atletas com grande limita\u00e7\u00e3o f\u00edsico-motora) nesta quinta (29), Phelipe Rodrigues conquistou a prata nos 50 metros livre S10 (atletas com defici\u00eancia f\u00edsica de baixo comprometimento) e Gabriel Bandeira trouxe o bronze nos 100 metros borboleta S14 (atletas com defici\u00eancia intelectual).<img decoding=\"async\" src=\"https:\/\/agenciabrasil.ebc.com.br\/ebc.png?id=1609971&amp;o=node\" \/><img decoding=\"async\" src=\"https:\/\/agenciabrasil.ebc.com.br\/ebc.gif?id=1609971&amp;o=node\" \/><\/p>\n<p>Phelipe Rodrigues chegou a Paris com o status de maior medalhista do Brasil em atividade. Os oito p\u00f3dios viraram nove depois de uma prova forte na final dos 50 metros da classe S10. O pernambucano de 34 anos &#8211; que est\u00e1 na quinta Paralimp\u00edada da carreira, medalhando em todas &#8211; competiu bra\u00e7ada a bra\u00e7ada com o australiano Thomas Gallagher, que acabou campe\u00e3o com o tempo de 23s40. O brasileiro fechou com 23s54.<\/p>\n<p>\u201cMuito feliz por ter conquistado a minha nona medalha em Jogos Paral\u00edmpicos. Uma medalha de prata, muito pr\u00f3xima do ouro. Mas, medalha \u00e9 medalha. Estou muito feliz. S\u00e3o cinco Jogos Paral\u00edmpicos e medalhando em todos eles. Tenho mais duas provas para participar. Estou muito ansioso, superconfiante, e conto com a torcida de voc\u00eas\u201d declarou o nadador ap\u00f3s a prova.<\/p>\n<p>Mais cedo, Gabriel Bandeira, que chegou como detentor dos recordes mundial e paral\u00edmpico nos 100 metros borboleta S14, terminou a prova em terceiro lugar, com o tempo de 55s08. Ele ficou atr\u00e1s do dinamarqu\u00eas Alexander Hillhouse (ouro com 54s61, novo recorde paral\u00edmpico) e do brit\u00e2nico William Ellard (prata com 54s86).<\/p>\n<p>Esta \u00e9 a quinta medalha paral\u00edmpica de Bandeira, que subiu ao p\u00f3dio quatro vezes em T\u00f3quio.<\/p>\n<p>Ao final do primeiro dia de competi\u00e7\u00f5es na nata\u00e7\u00e3o, o Brasil teve sete finalistas, com tr\u00eas p\u00f3dios. Nas outras quatro provas decisivas do dia, Andrey Madeira foi o oitavo no 400 metros livre S9 (atletas com baixa limita\u00e7\u00e3o f\u00edsico-motora), Jos\u00e9 Ronaldo acabou desclassificado nos 100 metros costas S1 (atletas com grande limita\u00e7\u00e3o f\u00edsico-motora), Mayara Petzold terminou em quinto nos 50 metros livre S6 (atletas com grande limita\u00e7\u00e3o fisico-motora) e Mariana Gesteira completou a prova dos 50 metros livre S10 em s\u00e9timo.<\/p>\n<p>Fonte: Ag\u00eancia Brasil<\/p>\n","protected":false},"excerpt":{"rendered":"<p>O primeiro dia de disputas da nata\u00e7\u00e3o nos Jogos Paral\u00edmpicos de Paris j\u00e1 viu o Brasil em todos os lugares do p\u00f3dio. Depois do ouro de Gabriel Ara\u00fajo nos 100 metros costas classe S2 (atletas com grande limita\u00e7\u00e3o f\u00edsico-motora) nesta quinta (29), Phelipe Rodrigues conquistou a prata nos 50 metros livre S10 (atletas com defici\u00eancia [&hellip;]<\/p>\n","protected":false},"author":246,"featured_media":224435,"comment_status":"closed","ping_status":"closed","sticky":false,"template":"","format":"standard","meta":{"footnotes":""},"categories":[436,440,257,439],"tags":[],"class_list":["post-224434","post","type-post","status-publish","format-standard","has-post-thumbnail","hentry","category-destaque-da-semana","category-destaques-do-dia","category-esporte","category-ultima-hora"],"_links":{"self":[{"href":"https:\/\/diarioregionaldigital.com.br\/index.php?rest_route=\/wp\/v2\/posts\/224434","targetHints":{"allow":["GET"]}}],"collection":[{"href":"https:\/\/diarioregionaldigital.com.br\/index.php?rest_route=\/wp\/v2\/posts"}],"about":[{"href":"https:\/\/diarioregionaldigital.com.br\/index.php?rest_route=\/wp\/v2\/types\/post"}],"author":[{"embeddable":true,"href":"https:\/\/diarioregionaldigital.com.br\/index.php?rest_route=\/wp\/v2\/users\/246"}],"replies":[{"embeddable":true,"href":"https:\/\/diarioregionaldigital.com.br\/index.php?rest_route=%2Fwp%2Fv2%2Fcomments&post=224434"}],"version-history":[{"count":1,"href":"https:\/\/diarioregionaldigital.com.br\/index.php?rest_route=\/wp\/v2\/posts\/224434\/revisions"}],"predecessor-version":[{"id":224436,"href":"https:\/\/diarioregionaldigital.com.br\/index.php?rest_route=\/wp\/v2\/posts\/224434\/revisions\/224436"}],"wp:featuredmedia":[{"embeddable":true,"href":"https:\/\/diarioregionaldigital.com.br\/index.php?rest_route=\/wp\/v2\/media\/224435"}],"wp:attachment":[{"href":"https:\/\/diarioregionaldigital.com.br\/index.php?rest_route=%2Fwp%2Fv2%2Fmedia&parent=224434"}],"wp:term":[{"taxonomy":"category","embeddable":true,"href":"https:\/\/diarioregionaldigital.com.br\/index.php?rest_route=%2Fwp%2Fv2%2Fcategories&post=224434"},{"taxonomy":"post_tag","embeddable":true,"href":"https:\/\/diarioregionaldigital.com.br\/index.php?rest_route=%2Fwp%2Fv2%2Ftags&post=224434"}],"curies":[{"name":"wp","href":"https:\/\/api.w.org\/{rel}","templated":true}]}}