{"id":224363,"date":"2024-08-26T20:34:45","date_gmt":"2024-08-26T23:34:45","guid":{"rendered":"https:\/\/diarioregionaldigital.com.br\/?p=224363"},"modified":"2024-08-26T20:34:45","modified_gmt":"2024-08-26T23:34:45","slug":"nadadores-brasileiros-estreiam-quinta-feira-na-paralimpiada-de-paris","status":"publish","type":"post","link":"https:\/\/diarioregionaldigital.com.br\/?p=224363","title":{"rendered":"Nadadores brasileiros estreiam quinta-feira na Paralimp\u00edada de Paris"},"content":{"rendered":"<p>A nata\u00e7\u00e3o paral\u00edmpica brasileira participou dos primeiros treinos na Paris La Defense Arena, onde\u00a0<a href=\"https:\/\/www.paralympic.org\/en\/paris-2024-paralympics\/competition-schedule\"><strong>estrear\u00e1 na pr\u00f3xima quinta-feira (29)<\/strong><\/a>, dia seguinte \u00e0 cerim\u00f4nia de abertura dos Jogos Paral\u00edmpicos. A modalidade \u00e9 a segunda que mais conquistou medalhas para pa\u00eds &#8211; foram ao todo 125 (40 ouros, 39 pratas e 46 bronzes) \u2013 ficando atr\u00e1s apenas do atletismo, com 170.<a href=\"https:\/\/cpb.org.br\/noticias\/brasil-tera-280-atletas-nos-jogos-paralimpicos-de-paris-2024-lista-e-completa-nesta-quinta-feira\/\"><strong>\u00a0O Brasil est\u00e1 em Paris com 280 atletas<\/strong><\/a>, sendo que 37 deles s\u00e3o nadadores (\u00a021 homens e 16 mulheres).<img decoding=\"async\" src=\"https:\/\/agenciabrasil.ebc.com.br\/ebc.png?id=1609406&amp;o=node\" \/><img decoding=\"async\" src=\"https:\/\/agenciabrasil.ebc.com.br\/ebc.gif?id=1609406&amp;o=node\" \/><\/p>\n<p>Atual campe\u00e3o paral\u00edmpico nos 200 metros livre e nos 50m costas, o mineiro Gabriel Ara\u00fajo, de 22 anos, ficou entusiasmado com o teste na piscina oficial da competi\u00e7\u00e3o.<\/p>\n<blockquote><p>\u201cGostei muito. Cheguei cedo para ver a pisicina da competi\u00e7\u00e3o. \u00c9 sensacional. \u00c9 uma arena muito grande. J\u00e1 deu para ficar imaginando em como vai ser o clima nos dias da competi\u00e7\u00e3o, com torcida. Com certeza, vai ser uma sensa\u00e7\u00e3o diferente. Mas estou mais tranquilo e mais focado desta vez. Tentando fazer o poss\u00edvel para nada me desconcentrar at\u00e9 a nossa estreia\u201d, disse Gabrielzinho, que competir\u00e1 nas provas 50m e 100m costas, 150m medley, 50m e 200m livre, da classe S2 (limita\u00e7\u00f5es f\u00edsico-motoras).<\/p><\/blockquote>\n<p>Quem tamb\u00e9m treinou na La Defense Arena foi a atual recordista mundial dos 50m livre (26s65), a pernambucana Carol Santiago, de 39 anos. Maior medalhista brasileira na edi\u00e7\u00e3o de T\u00f3quio \u2013 faturou tr\u00eas ouros (50m livre S13, 100m livre S12 e 100m peito SB12) e um bronze (100m costas S12), Carol tem tudo para emplacar novos p\u00f3dios em Paris. Nascida em Recife, Carol chega a Paris ap\u00f3s um exitoso ciclo preparat\u00f3rio, em que amealhou 10 medalhas nos mundiais da Ilha da Madeira, em 2022, e em Manchester (Inglaterra) no ano passado.As classes que v\u00e3o da\u00a0S11 \u00e0\u00a0\u00a0S13 s\u00e3o disputadas por atletas com defici\u00eancia visual. Carol nasceu com s\u00edndrome de Morning Glory (alaltera\u00e7\u00e3o cong\u00eanita na retina), que reduz seu campo de vis\u00e3o.<\/p>\n<p>O Brasil busca superar a performance hist\u00f3rica obtida na edi\u00e7\u00e3o de T\u00f3quio, quando a nata\u00e7\u00e3o faturou 23 medalhas (oito ouros, cinco pratas e 10 bronzes). O recorde no n\u00famero de ouros (nove) foi obtido na Paral\u00edmp\u00edada de Londres (2012).<\/p>\n<h2>Delega\u00e7\u00e3o brasileira de nata\u00e7\u00e3o<\/h2>\n<p>Alan Kleber Bas\u00edlio<br \/>\nAna Karolina Soares<br \/>\nAndrey Madeira<br \/>\nArthur Xavier Ribeiro<br \/>\nDouglas Matera<br \/>\nEsthefany Rodrigues<br \/>\nGabriel Bandeira<br \/>\nGabriel Cristiano<br \/>\nGabriel Melone<br \/>\nJo\u00e3o Pedro Brutos<br \/>\nLaila Suzigan<br \/>\nL\u00eddia Cruz<br \/>\nLucilene Sousa<br \/>\nCarol Santiago<br \/>\nMatheus Rheine<br \/>\nMayara Petzold<br \/>\nPhelipe Rodrigues<br \/>\nRoberto Alcalde<br \/>\nRuan Souza<br \/>\nSamuel Oliveira<br \/>\nTalisson Glock<br \/>\nVictor dos Santos Almeida<br \/>\nVit\u00f3ria Ribeiro<br \/>\nWendell Belarmino<\/p>\n<p>Fonte: Ag\u00eancia Brasil<\/p>\n","protected":false},"excerpt":{"rendered":"<p>A nata\u00e7\u00e3o paral\u00edmpica brasileira participou dos primeiros treinos na Paris La Defense Arena, onde\u00a0estrear\u00e1 na pr\u00f3xima quinta-feira (29), dia seguinte \u00e0 cerim\u00f4nia de abertura dos Jogos Paral\u00edmpicos. A modalidade \u00e9 a segunda que mais conquistou medalhas para pa\u00eds &#8211; foram ao todo 125 (40 ouros, 39 pratas e 46 bronzes) \u2013 ficando atr\u00e1s apenas do [&hellip;]<\/p>\n","protected":false},"author":246,"featured_media":224364,"comment_status":"closed","ping_status":"closed","sticky":false,"template":"","format":"standard","meta":{"footnotes":""},"categories":[436,440,257,439],"tags":[],"class_list":["post-224363","post","type-post","status-publish","format-standard","has-post-thumbnail","hentry","category-destaque-da-semana","category-destaques-do-dia","category-esporte","category-ultima-hora"],"_links":{"self":[{"href":"https:\/\/diarioregionaldigital.com.br\/index.php?rest_route=\/wp\/v2\/posts\/224363","targetHints":{"allow":["GET"]}}],"collection":[{"href":"https:\/\/diarioregionaldigital.com.br\/index.php?rest_route=\/wp\/v2\/posts"}],"about":[{"href":"https:\/\/diarioregionaldigital.com.br\/index.php?rest_route=\/wp\/v2\/types\/post"}],"author":[{"embeddable":true,"href":"https:\/\/diarioregionaldigital.com.br\/index.php?rest_route=\/wp\/v2\/users\/246"}],"replies":[{"embeddable":true,"href":"https:\/\/diarioregionaldigital.com.br\/index.php?rest_route=%2Fwp%2Fv2%2Fcomments&post=224363"}],"version-history":[{"count":1,"href":"https:\/\/diarioregionaldigital.com.br\/index.php?rest_route=\/wp\/v2\/posts\/224363\/revisions"}],"predecessor-version":[{"id":224365,"href":"https:\/\/diarioregionaldigital.com.br\/index.php?rest_route=\/wp\/v2\/posts\/224363\/revisions\/224365"}],"wp:featuredmedia":[{"embeddable":true,"href":"https:\/\/diarioregionaldigital.com.br\/index.php?rest_route=\/wp\/v2\/media\/224364"}],"wp:attachment":[{"href":"https:\/\/diarioregionaldigital.com.br\/index.php?rest_route=%2Fwp%2Fv2%2Fmedia&parent=224363"}],"wp:term":[{"taxonomy":"category","embeddable":true,"href":"https:\/\/diarioregionaldigital.com.br\/index.php?rest_route=%2Fwp%2Fv2%2Fcategories&post=224363"},{"taxonomy":"post_tag","embeddable":true,"href":"https:\/\/diarioregionaldigital.com.br\/index.php?rest_route=%2Fwp%2Fv2%2Ftags&post=224363"}],"curies":[{"name":"wp","href":"https:\/\/api.w.org\/{rel}","templated":true}]}}