{"id":224254,"date":"2024-08-20T20:31:39","date_gmt":"2024-08-20T23:31:39","guid":{"rendered":"https:\/\/diarioregionaldigital.com.br\/?p=224254"},"modified":"2024-08-20T20:31:39","modified_gmt":"2024-08-20T23:31:39","slug":"centro-de-vigilancia-em-saude-oferece-vacina-contra-dengue-no-proximo-sabado-24","status":"publish","type":"post","link":"https:\/\/diarioregionaldigital.com.br\/?p=224254","title":{"rendered":"Centro de Vigil\u00e2ncia em Sa\u00fade oferece vacina contra Dengue no pr\u00f3ximo s\u00e1bado, 24"},"content":{"rendered":"<p>Segundo informa\u00e7\u00f5es do site da Prefeitura de Juiz de Fora (PJF), a\u00a0Prefeitura de Juiz de Fora informa que, neste s\u00e1bado, 24, o Centro de Vigil\u00e2ncia em Sa\u00fade abrir\u00e1 das 8h \u00e0s 16h para a vacina\u00e7\u00e3o da Dengue. Ser\u00e3o oferecidas as duas doses para <strong>as crian\u00e7as e adolescentes entre 10 e 14 anos<\/strong>\u00a0que j\u00e1 completaram os tr\u00eas meses da primeira dose ou aqueles que ainda n\u00e3o se vacinaram.<\/p>\n<p>&nbsp;<\/p>\n<p>\u00c9 necess\u00e1rio levar o cart\u00e3o de vacinas, comprovante de resid\u00eancia e um documento de identifica\u00e7\u00e3o. O Centro de Vigil\u00e2ncia em Sa\u00fade fica na Avenida dos Andradas, 523, no Morro da Gl\u00f3ria.<\/p>\n","protected":false},"excerpt":{"rendered":"<p>Segundo informa\u00e7\u00f5es do site da Prefeitura de Juiz de Fora (PJF), a\u00a0Prefeitura de Juiz de Fora informa que, neste s\u00e1bado, 24, o Centro de Vigil\u00e2ncia em Sa\u00fade abrir\u00e1 das 8h \u00e0s 16h para a vacina\u00e7\u00e3o da Dengue. Ser\u00e3o oferecidas as duas doses para as crian\u00e7as e adolescentes entre 10 e 14 anos\u00a0que j\u00e1 completaram os [&hellip;]<\/p>\n","protected":false},"author":246,"featured_media":224255,"comment_status":"closed","ping_status":"closed","sticky":false,"template":"","format":"standard","meta":{"footnotes":""},"categories":[253,436,440,439],"tags":[],"class_list":["post-224254","post","type-post","status-publish","format-standard","has-post-thumbnail","hentry","category-cidade","category-destaque-da-semana","category-destaques-do-dia","category-ultima-hora"],"_links":{"self":[{"href":"https:\/\/diarioregionaldigital.com.br\/index.php?rest_route=\/wp\/v2\/posts\/224254","targetHints":{"allow":["GET"]}}],"collection":[{"href":"https:\/\/diarioregionaldigital.com.br\/index.php?rest_route=\/wp\/v2\/posts"}],"about":[{"href":"https:\/\/diarioregionaldigital.com.br\/index.php?rest_route=\/wp\/v2\/types\/post"}],"author":[{"embeddable":true,"href":"https:\/\/diarioregionaldigital.com.br\/index.php?rest_route=\/wp\/v2\/users\/246"}],"replies":[{"embeddable":true,"href":"https:\/\/diarioregionaldigital.com.br\/index.php?rest_route=%2Fwp%2Fv2%2Fcomments&post=224254"}],"version-history":[{"count":1,"href":"https:\/\/diarioregionaldigital.com.br\/index.php?rest_route=\/wp\/v2\/posts\/224254\/revisions"}],"predecessor-version":[{"id":224256,"href":"https:\/\/diarioregionaldigital.com.br\/index.php?rest_route=\/wp\/v2\/posts\/224254\/revisions\/224256"}],"wp:featuredmedia":[{"embeddable":true,"href":"https:\/\/diarioregionaldigital.com.br\/index.php?rest_route=\/wp\/v2\/media\/224255"}],"wp:attachment":[{"href":"https:\/\/diarioregionaldigital.com.br\/index.php?rest_route=%2Fwp%2Fv2%2Fmedia&parent=224254"}],"wp:term":[{"taxonomy":"category","embeddable":true,"href":"https:\/\/diarioregionaldigital.com.br\/index.php?rest_route=%2Fwp%2Fv2%2Fcategories&post=224254"},{"taxonomy":"post_tag","embeddable":true,"href":"https:\/\/diarioregionaldigital.com.br\/index.php?rest_route=%2Fwp%2Fv2%2Ftags&post=224254"}],"curies":[{"name":"wp","href":"https:\/\/api.w.org\/{rel}","templated":true}]}}