{"id":224248,"date":"2024-08-20T20:27:34","date_gmt":"2024-08-20T23:27:34","guid":{"rendered":"https:\/\/diarioregionaldigital.com.br\/?p=224248"},"modified":"2024-08-20T20:27:34","modified_gmt":"2024-08-20T23:27:34","slug":"governo-de-minas-antecipa-mais-duas-parcelas-da-divida-do-fundo-estadual-de-saude-com-os-municipios","status":"publish","type":"post","link":"https:\/\/diarioregionaldigital.com.br\/?p=224248","title":{"rendered":"Governo de Minas antecipa mais duas parcelas da d\u00edvida do Fundo Estadual de Sa\u00fade com os munic\u00edpios"},"content":{"rendered":"<p><main class=\"clear margin-md-bottom-3\"><\/p>\n<div class=\"clear \">\n<p>O\u00a0<a href=\"https:\/\/www.mg.gov.br\/\" target=\"_blank\" rel=\"noopener\">Governo de Minas<\/a>\u00a0anunciou, nesta ter\u00e7a-feira (20\/5), o pagamento de mais duas parcelas da d\u00edvida com os munic\u00edpios mineiros, num total de R$ 110 milh\u00f5es do Acordo do Fundo Estadual de Sa\u00fade.<\/p>\n<p>Os pagamentos referentes a agosto e setembro foram iniciados nesta semana pela\u00a0<a href=\"https:\/\/www.saude.mg.gov.br\/\" target=\"_blank\" rel=\"noopener\">Secretaria de Estado de Sa\u00fade de Minas Gerais (SES-MG)<\/a>. \u201cS\u00e3o mais de R$ 100 milh\u00f5es chegando l\u00e1 na ponta para melhorar o atendimento \u00e0 sa\u00fade dos munic\u00edpios e da popula\u00e7\u00e3o mineira\u201d, destaca a secret\u00e1ria de Estado Adjunta de Sa\u00fade, Poliana Lopes.<\/p>\n<p>O valor total da d\u00edvida com os munic\u00edpios \u00e9 de R$ 6,7 bilh\u00f5es (regulariza\u00e7\u00e3o dos repasses financeiros na \u00e1rea da sa\u00fade, devidos pela Administra\u00e7\u00e3o P\u00fablica Estadual entre os anos de 2012 e 2020).<\/p>\n<p>O pagamento do Acordo do Fundo Estadual de Sa\u00fade foi dividido em 96 parcelas, das quais 24 j\u00e1 foram quitadas, incluindo as duas pagas em agosto, num total de R$ 2,2 bilh\u00f5es.\u00a0 Outros R$165 milh\u00f5es, referentes \u00e0s \u00faltimas tr\u00eas parcelas do ano, ser\u00e3o pagos at\u00e9 o m\u00eas de dezembro.<\/p>\n<p>O Estado tamb\u00e9m antecipou tr\u00eas parcelas em fevereiro, num total de R$ 156 milh\u00f5es, e outras tr\u00eas em maio, no mesmo valor, a fim de melhorar a sa\u00fade financeira dos munic\u00edpios e garantir o funcionamento adequado dos servi\u00e7os.<\/p>\n<p>\u201cIsso s\u00f3 \u00e9 poss\u00edvel pelo comprometimento do nosso governador Romeu Zema e do Professor Mateus de consolidar Minas n\u00e3o apenas como um bom pagador das d\u00edvidas antigas, mas um estado que cumpre com os seus compromissos e apresenta os resultados\u201d, ressalta Poliana Lopes.<\/p>\n<p>De acordo com a Lei Complementar n\u00ba 171\/2023, os recursos podem ser utilizados de forma flex\u00edvel, ou seja, cada prefeito poder\u00e1 investir e refor\u00e7ar a sua rede da forma como achar mais adequada, de acordo com as especificidades de cada regi\u00e3o.<\/p>\n<p><strong>Institui\u00e7\u00f5es filantr\u00f3picas<\/strong><\/p>\n<p>Para dar ainda mais flexibilidade nos pagamentos, do total da d\u00edvida, foram retirados R$ 463 milh\u00f5es devidos a institui\u00e7\u00f5es filantr\u00f3picas, dos quais R$ 431 milh\u00f5es j\u00e1 foram pagos de outubro de 2023 a julho de 2024.<\/p>\n<p>Os R$ 32 milh\u00f5es restantes da d\u00edvida total com entidades e cons\u00f3rcios gestores ser\u00e3o pagos j\u00e1 nos pr\u00f3ximos meses, cumprindo o compromisso do Governo de Minas de pagar, em at\u00e9 dois anos, a d\u00edvida prevista para ser quitada at\u00e9 outubro de 2030.<\/p>\n<p>Fonte: Ag\u00eancia Minas<\/p>\n<\/div>\n<p><\/main><\/p>\n","protected":false},"excerpt":{"rendered":"<p>O\u00a0Governo de Minas\u00a0anunciou, nesta ter\u00e7a-feira (20\/5), o pagamento de mais duas parcelas da d\u00edvida com os munic\u00edpios mineiros, num total de R$ 110 milh\u00f5es do Acordo do Fundo Estadual de Sa\u00fade. Os pagamentos referentes a agosto e setembro foram iniciados nesta semana pela\u00a0Secretaria de Estado de Sa\u00fade de Minas Gerais (SES-MG). \u201cS\u00e3o mais de R$ [&hellip;]<\/p>\n","protected":false},"author":246,"featured_media":224249,"comment_status":"closed","ping_status":"closed","sticky":false,"template":"","format":"standard","meta":{"footnotes":""},"categories":[436,440,261,254,439],"tags":[],"class_list":["post-224248","post","type-post","status-publish","format-standard","has-post-thumbnail","hentry","category-destaque-da-semana","category-destaques-do-dia","category-economia","category-politica","category-ultima-hora"],"_links":{"self":[{"href":"https:\/\/diarioregionaldigital.com.br\/index.php?rest_route=\/wp\/v2\/posts\/224248","targetHints":{"allow":["GET"]}}],"collection":[{"href":"https:\/\/diarioregionaldigital.com.br\/index.php?rest_route=\/wp\/v2\/posts"}],"about":[{"href":"https:\/\/diarioregionaldigital.com.br\/index.php?rest_route=\/wp\/v2\/types\/post"}],"author":[{"embeddable":true,"href":"https:\/\/diarioregionaldigital.com.br\/index.php?rest_route=\/wp\/v2\/users\/246"}],"replies":[{"embeddable":true,"href":"https:\/\/diarioregionaldigital.com.br\/index.php?rest_route=%2Fwp%2Fv2%2Fcomments&post=224248"}],"version-history":[{"count":1,"href":"https:\/\/diarioregionaldigital.com.br\/index.php?rest_route=\/wp\/v2\/posts\/224248\/revisions"}],"predecessor-version":[{"id":224250,"href":"https:\/\/diarioregionaldigital.com.br\/index.php?rest_route=\/wp\/v2\/posts\/224248\/revisions\/224250"}],"wp:featuredmedia":[{"embeddable":true,"href":"https:\/\/diarioregionaldigital.com.br\/index.php?rest_route=\/wp\/v2\/media\/224249"}],"wp:attachment":[{"href":"https:\/\/diarioregionaldigital.com.br\/index.php?rest_route=%2Fwp%2Fv2%2Fmedia&parent=224248"}],"wp:term":[{"taxonomy":"category","embeddable":true,"href":"https:\/\/diarioregionaldigital.com.br\/index.php?rest_route=%2Fwp%2Fv2%2Fcategories&post=224248"},{"taxonomy":"post_tag","embeddable":true,"href":"https:\/\/diarioregionaldigital.com.br\/index.php?rest_route=%2Fwp%2Fv2%2Ftags&post=224248"}],"curies":[{"name":"wp","href":"https:\/\/api.w.org\/{rel}","templated":true}]}}