{"id":224245,"date":"2024-08-20T20:26:24","date_gmt":"2024-08-20T23:26:24","guid":{"rendered":"https:\/\/diarioregionaldigital.com.br\/?p=224245"},"modified":"2024-08-20T20:26:24","modified_gmt":"2024-08-20T23:26:24","slug":"governo-do-estado-reserva-r-180-milhoes-para-pagamento-de-precatorios-na-modalidade-acordos-diretos","status":"publish","type":"post","link":"https:\/\/diarioregionaldigital.com.br\/?p=224245","title":{"rendered":"Governo do Estado reserva R$ 180 milh\u00f5es para pagamento de precat\u00f3rios na modalidade acordos diretos"},"content":{"rendered":"<p>O\u00a0<a href=\"https:\/\/www.mg.gov.br\/\" target=\"_blank\" rel=\"noopener\">Governo de Minas<\/a>, por meio da\u00a0<a href=\"https:\/\/advocaciageral.mg.gov.br\/\" target=\"_blank\" rel=\"noopener\">Advocacia-Geral do Estado (AGE-MG)<\/a>, reservou R$ 180 milh\u00f5es para o pagamento de precat\u00f3rios, na modalidade acordos diretos, aos credores interessados em receberem antecipadamente o valor devido pela administra\u00e7\u00e3o p\u00fablica (direta e indireta), mediante um des\u00e1gio entre 20% e 40%.<\/p>\n<p>As inscri\u00e7\u00f5es v\u00e3o de\u00a0quinta-feira (22\/8)\u00a0a 11\/9. As regras est\u00e3o previstas no\u00a0<a href=\"https:\/\/www.agenciaminas.mg.gov.br\/ckeditor_assets\/attachments\/21519\/ed_01_2024_emg.pdf\" target=\"_blank\" rel=\"noopener\">Edital 01\/2024<\/a>. Para o procedimento previsto neste edital, poder\u00e3o habilitar-se benefici\u00e1rios de precat\u00f3rios com vencimento at\u00e9 o ano de 2025.<\/p>\n<p>Os acordos efetivados ser\u00e3o homologados no \u00e2mbito da Central de Concilia\u00e7\u00e3o de Precat\u00f3rios do Tribunal de Justi\u00e7a de Minas Gerais (Ceprec\/TJMG).<\/p>\n<p>Fonte: Ag\u00eancia Minas<\/p>\n","protected":false},"excerpt":{"rendered":"<p>O\u00a0Governo de Minas, por meio da\u00a0Advocacia-Geral do Estado (AGE-MG), reservou R$ 180 milh\u00f5es para o pagamento de precat\u00f3rios, na modalidade acordos diretos, aos credores interessados em receberem antecipadamente o valor devido pela administra\u00e7\u00e3o p\u00fablica (direta e indireta), mediante um des\u00e1gio entre 20% e 40%. As inscri\u00e7\u00f5es v\u00e3o de\u00a0quinta-feira (22\/8)\u00a0a 11\/9. As regras est\u00e3o previstas no\u00a0Edital [&hellip;]<\/p>\n","protected":false},"author":246,"featured_media":224246,"comment_status":"closed","ping_status":"closed","sticky":false,"template":"","format":"standard","meta":{"footnotes":""},"categories":[436,261,254,439],"tags":[],"class_list":["post-224245","post","type-post","status-publish","format-standard","has-post-thumbnail","hentry","category-destaque-da-semana","category-economia","category-politica","category-ultima-hora"],"_links":{"self":[{"href":"https:\/\/diarioregionaldigital.com.br\/index.php?rest_route=\/wp\/v2\/posts\/224245","targetHints":{"allow":["GET"]}}],"collection":[{"href":"https:\/\/diarioregionaldigital.com.br\/index.php?rest_route=\/wp\/v2\/posts"}],"about":[{"href":"https:\/\/diarioregionaldigital.com.br\/index.php?rest_route=\/wp\/v2\/types\/post"}],"author":[{"embeddable":true,"href":"https:\/\/diarioregionaldigital.com.br\/index.php?rest_route=\/wp\/v2\/users\/246"}],"replies":[{"embeddable":true,"href":"https:\/\/diarioregionaldigital.com.br\/index.php?rest_route=%2Fwp%2Fv2%2Fcomments&post=224245"}],"version-history":[{"count":1,"href":"https:\/\/diarioregionaldigital.com.br\/index.php?rest_route=\/wp\/v2\/posts\/224245\/revisions"}],"predecessor-version":[{"id":224247,"href":"https:\/\/diarioregionaldigital.com.br\/index.php?rest_route=\/wp\/v2\/posts\/224245\/revisions\/224247"}],"wp:featuredmedia":[{"embeddable":true,"href":"https:\/\/diarioregionaldigital.com.br\/index.php?rest_route=\/wp\/v2\/media\/224246"}],"wp:attachment":[{"href":"https:\/\/diarioregionaldigital.com.br\/index.php?rest_route=%2Fwp%2Fv2%2Fmedia&parent=224245"}],"wp:term":[{"taxonomy":"category","embeddable":true,"href":"https:\/\/diarioregionaldigital.com.br\/index.php?rest_route=%2Fwp%2Fv2%2Fcategories&post=224245"},{"taxonomy":"post_tag","embeddable":true,"href":"https:\/\/diarioregionaldigital.com.br\/index.php?rest_route=%2Fwp%2Fv2%2Ftags&post=224245"}],"curies":[{"name":"wp","href":"https:\/\/api.w.org\/{rel}","templated":true}]}}