{"id":224242,"date":"2024-08-20T20:25:27","date_gmt":"2024-08-20T23:25:27","guid":{"rendered":"https:\/\/diarioregionaldigital.com.br\/?p=224242"},"modified":"2024-08-20T20:25:27","modified_gmt":"2024-08-20T23:25:27","slug":"feira-travel-next-minas-recebe-mais-de-5-mil-visitantes-e-encerra-com-estimativa-de-r-104-milhoes-em-negocios","status":"publish","type":"post","link":"https:\/\/diarioregionaldigital.com.br\/?p=224242","title":{"rendered":"Feira Travel Next Minas recebe mais de 5 mil visitantes e encerra com estimativa de R$ 104 milh\u00f5es em neg\u00f3cios"},"content":{"rendered":"<p>A Travel Next Minas \u2013 Meu Neg\u00f3cio \u00e9 Carnaval encerrou com recorde de p\u00fablico e um saldo de R$ 104 milh\u00f5es estimados em convers\u00e3o de vendas. Desse montante, R$ 44 milh\u00f5es foram gerados apenas na rodada de neg\u00f3cios entre compradores nacionais e representantes do Carnaval de Minas Gerais, promovida pelo Sebrae Minas em parceria com a\u00a0<a href=\"https:\/\/www.secult.mg.gov.br\/\" target=\"_blank\" rel=\"noopener\">Secretaria de Estado de Cultura e Turismo de Minas Gerais (Secult-MG)<\/a>.<\/p>\n<p>O valor representa um crescimento de 160% no volume de neg\u00f3cios em rela\u00e7\u00e3o a 2023, quando o c\u00e1lculo foi de R$ 40 milh\u00f5es. Al\u00e9m disso, 5.123 pessoas passaram pelo Expominas, em Belo Horizonte, nos dois dias da feira nacional de turismo at\u00e9 s\u00e1bado (17\/7). O\u00a0n\u00famero \u00e9 46% maior do que o da primeira edi\u00e7\u00e3o, no ano passado.<\/p>\n<p>Minas Gerais ainda recebeu o pr\u00eamio Destino Inovador, pelo uso de intelig\u00eancia artificial como forma de entreter e engajar agentes de viagens e o trade tur\u00edstico. Essa e outras a\u00e7\u00f5es do\u00a0<a href=\"https:\/\/www.mg.gov.br\/\" target=\"_blank\" rel=\"noopener\">Governo de Minas<\/a>, implementadas pela Secult-MG, em parceria com a\u00a0<a href=\"http:\/\/www.codemge.com.br\/\" target=\"_blank\" rel=\"noopener\">Companhia de Desenvolvimento de Minas Gerais (Codemge)<\/a>, garantiram a aprova\u00e7\u00e3o do p\u00fablico.<\/p>\n<p>Cursando t\u00e9cnico em guia de turismo pelo Senac, a mineira Renata Cristina acredita que a experi\u00eancia na Travel Next Minas foi enriquecedora. \u201cO evento est\u00e1 muito bacana, traz muitas peculiaridades de cada cidade, com as suas caracter\u00edsticas principais, e fomenta o turismo regional em Minas Gerais\u201d<\/p>\n<p>\u201cE a gente ainda fica conhecendo essas regi\u00f5es que s\u00e3o t\u00e3o ricas em gastronomia, em ecoturismo, no turismo de aventura, sem contar os momentos hist\u00f3ricos e culturais que temos a proporcionar\u201d, disse a futura guia de turismo.<\/p>\n<p>Para o secret\u00e1rio de Estado de Cultura e Turismo de Minas Gerais, Le\u00f4nidas de Oliveira, o r\u00e1pido crescimento entre as duas edi\u00e7\u00f5es da Travel Next casa com a lideran\u00e7a de Minas Gerais, h\u00e1 dois anos, no aumento da atividade tur\u00edstica no Brasil.<\/p>\n<p>\u201cSuperamos todas as marcas em rela\u00e7\u00e3o \u00e0 primeira edi\u00e7\u00e3o. Tivemos 22 operadoras este ano, o dobro de 2023, um p\u00fablico 46% maior e 60% a mais de volume de neg\u00f3cios. Esses n\u00fameros deixam claro a credibilidade do turismo e da cultura de Minas Gerais\u201d, avaliou o secret\u00e1rio.<\/p>\n<p>A diretora e idealizadora da Travel Next Minas, Rubia Coser, aproveitou o sucesso do evento para j\u00e1 anunciar a edi\u00e7\u00e3o 2025. \u201cAgosto \u00e9 o nosso m\u00eas. A Travel Next de 2025 j\u00e1 \u00e9 uma realidade para este m\u00eas, j\u00e1 est\u00e1 no forno\u201d, antecipou, destacando os participantes internacionais na feira, como Washington DC (EUA), Cura\u00e7ao e Peru.<\/p>\n<p>Ela ainda elogiou as 22 operadoras que participaram nos smart estantes, com salas de reuni\u00f5es. \u201cEssa \u00e9 a confian\u00e7a que far\u00e1 da Travel Next um dos melhores eventos B2B (de neg\u00f3cio para neg\u00f3cio) do Brasil\u201d, projetou Rubia Coser.<\/p>\n<p><strong>Cozinha mineira<\/strong><\/p>\n<p>O encerramento da Travel Next aconteceu justamente no Dia Nacional do P\u00e3o de Queijo. Para celebrar a data, foram oferecidos 1,5 mil p\u00e3es de queijo feitos pela P\u00e3o de Queijaria.<\/p>\n<p>\u201cO p\u00e3o de queijo \u00e9 uma identidade muito forte de Minas Gerais. Quando pensam na comida, pensam no mineiro. Estamos muito honrados de, junto com a Secult-MG, elevar a gastronomia de Minas ao patamar que est\u00e1 hoje\u201d, comemorou Felipe Reis, s\u00f3cio-propriet\u00e1rio da P\u00e3o de Queijaria.<\/p>\n<p>Essa foi apenas uma das muitas del\u00edcias preparadas no estande Minas Gerais, que, em dois dias de feira, realizou 12 cozinhas vivas e serviu 4 mil por\u00e7\u00f5es aos visitantes da Travel Next.<\/p>\n<p>Entre as degusta\u00e7\u00f5es servidas no local estavam a sobremesa mais tradicional de Lagoa Dourada, o rocambole, feito pela Chef Heloisa Andrade, e a broa cremosa de fub\u00e1 com queijo Minas, preparada pela chef Mariana Corr\u00eaa. Cacha\u00e7as, vinhos e outros quitutes tamb\u00e9m fizeram a festa do paladar dos visitantes.<\/p>\n<p>Quem tamb\u00e9m se destacou com o pr\u00eamio de prato vencedor do estande Minas Gerais foi a professora Marillac Luiza Celestino, de Bar\u00e3o de Cocais, com \u201cComida de M\u00e3e\u201d, que consiste em costelinha confitada ao barbecue de rapadura e goiabada casc\u00e3o, acompanhada de musseline de mandioca e farofa crocante.<\/p>\n<p>&#8220;Foi uma experi\u00eancia enriquecedora cozinhar aqui, ter a rea\u00e7\u00e3o das pessoas diante do sabor, da explos\u00e3o de aromas e texturas&#8221;, contou a autora do prato, que considera muito importante divulgar a cozinha mineira para o Brasil e para o mundo.<\/p>\n<p>&#8220;Precisamos valorizar ainda mais o nosso produto, o ingrediente da terra, as coisas do nosso quintal. A cozinha mineira \u00e9 isso. N\u00e3o \u00e9 \u00e0 toa que a gente ganhou como melhor povo anfitri\u00e3o da gastronomia&#8221;, lembrou Marillac Celestino.<\/p>\n<p><strong>Meu neg\u00f3cio \u00e9 Carnaval<\/strong><\/p>\n<p>O grande destaque da edi\u00e7\u00e3o da Travel Next Minas 2024 foi o Carnaval. Na sexta-feira (16\/8), dia de abertura do evento, o espa\u00e7o \u201cMeu Neg\u00f3cio \u00e9 Carnaval\u201d foi palco para a bem-sucedida rodada de neg\u00f3cios realizada pelo Sebrae, em parceria com a Secult-MG.<\/p>\n<p>L\u00e1 estiveram 30 escolas de samba, ligas e blocos caricatos com 13 fornecedores, entre ag\u00eancias de publicidade, produtores de eventos e organizadores de eventos.<\/p>\n<p>A coordenadora de Economia Criativa no Sebrae Minas, Nayara Bernardes, salientou a import\u00e2ncia da feira. \u201cA Travel Next conecta os neg\u00f3cios tur\u00edsticos com os compradores. A ideia \u00e9 justamente oferecer um novo produto tur\u00edstico para os compradores, os turistas finais ou a popula\u00e7\u00e3o\u201d.<\/p>\n<p>\u201cPorque o Carnaval consiste em uma manifesta\u00e7\u00e3o cultural que traz a identidade daquele local, mas que pode ser utilizado tamb\u00e9m como neg\u00f3cio. Com isso, os blocos de carnaval podem ter neg\u00f3cios durante todo o ano, n\u00e3o somente no m\u00eas do carnaval ou imediatamente antes\u201d, completou Nayara Bernardes.<\/p>\n<p>A feira \u201cMeu Neg\u00f3cio \u00e9 Carnaval\u201d tamb\u00e9m sediou a apresenta\u00e7\u00e3o do primeiro edital do Carnaval da Liberdade 2025 da Companhia Energ\u00e9tica de Minas Gerais (Cemig).\u00a0 A sele\u00e7\u00e3o destinar\u00e1 R$ 4 milh\u00f5es para projetos ligados ao pr\u00e9-Carnaval, estimulando a gera\u00e7\u00e3o de emprego e renda ligado \u00e0 folia durante o ano.<\/p>\n<p>Em 2024, o Carnaval de Minas gerou R$ 4,7 bilh\u00f5es para o estado.<\/p>\n<p>No local, ainda foi apresentado o filme \u201cCarnaval de S\u00e3o Jo\u00e3o del-Rei \u2013 A Festa Barroca do Povo Mineiro\u201d e foram promovidas tr\u00eas palestras ligadas ao tema, conduzidas pela equipe de fomento da Secult-MG e por Leopoldo N\u00f3brega, sobre as experi\u00eancias do Galo da Madrugada, bloco do Recife (PE) considerado o maior do mundo, na gera\u00e7\u00e3o de renda dentro e fora do per\u00edodo carnavalesco.<\/p>\n<p><strong>Expositores aplaudem edi\u00e7\u00e3o 2024<\/strong><\/p>\n<p>A Travel Next 2024 cresceu n\u00e3o apenas em n\u00fameros, mas tamb\u00e9m no seu espa\u00e7o f\u00edsico. A loca\u00e7\u00e3o no Expominas, um espa\u00e7o maior do que o da primeira edi\u00e7\u00e3o, foi aplaudida por Renato Alves, s\u00f3cio-diretor da Viagens Promo.<\/p>\n<p>\u201c\u00c9 o nosso segundo ano na Travel Next. A feira veio para um lugar mais amplo e ficou mais tecnol\u00f3gica, com estandes bem grandes\u201d, disse, destacando, no entanto, o papel do relacionamento para o aumento dos neg\u00f3cios.<\/p>\n<p>\u201cA gente tem parcerias tamb\u00e9m com a rede hoteleira, alguns receptivos, que fazem esse neg\u00f3cio ser grandioso. Tem muito dinheiro investido aqui, mas o que traz o retorno \u00e9 o relacionamento, ter esse contato com o agente de viagem para promover o neg\u00f3cio\u201d, analisou Alves.<\/p>\n<p>Tamb\u00e9m satisfeita com os resultados econ\u00f4micos da feira tur\u00edstica, a expositora Vanessa Lima apresentou e vendeu ao p\u00fablico algumas das cacha\u00e7as, mel, geleias e doces do Santa F\u00e9 Emp\u00f3rio.<\/p>\n<p>\u201cEst\u00e1 sendo um sucesso, gra\u00e7as a Deus. O evento \u00e9 maravilhoso, muito bem montado e selecionado. Tomara que eu possa estar presente nas pr\u00f3ximas\u201d, aguarda Vanessa.<\/p>\n<p>Fonte: Ag\u00eancia Minas<\/p>\n","protected":false},"excerpt":{"rendered":"<p>A Travel Next Minas \u2013 Meu Neg\u00f3cio \u00e9 Carnaval encerrou com recorde de p\u00fablico e um saldo de R$ 104 milh\u00f5es estimados em convers\u00e3o de vendas. Desse montante, R$ 44 milh\u00f5es foram gerados apenas na rodada de neg\u00f3cios entre compradores nacionais e representantes do Carnaval de Minas Gerais, promovida pelo Sebrae Minas em parceria com [&hellip;]<\/p>\n","protected":false},"author":246,"featured_media":224243,"comment_status":"closed","ping_status":"closed","sticky":false,"template":"","format":"standard","meta":{"footnotes":""},"categories":[436,440,261,252,439],"tags":[],"class_list":["post-224242","post","type-post","status-publish","format-standard","has-post-thumbnail","hentry","category-destaque-da-semana","category-destaques-do-dia","category-economia","category-regiao","category-ultima-hora"],"_links":{"self":[{"href":"https:\/\/diarioregionaldigital.com.br\/index.php?rest_route=\/wp\/v2\/posts\/224242","targetHints":{"allow":["GET"]}}],"collection":[{"href":"https:\/\/diarioregionaldigital.com.br\/index.php?rest_route=\/wp\/v2\/posts"}],"about":[{"href":"https:\/\/diarioregionaldigital.com.br\/index.php?rest_route=\/wp\/v2\/types\/post"}],"author":[{"embeddable":true,"href":"https:\/\/diarioregionaldigital.com.br\/index.php?rest_route=\/wp\/v2\/users\/246"}],"replies":[{"embeddable":true,"href":"https:\/\/diarioregionaldigital.com.br\/index.php?rest_route=%2Fwp%2Fv2%2Fcomments&post=224242"}],"version-history":[{"count":1,"href":"https:\/\/diarioregionaldigital.com.br\/index.php?rest_route=\/wp\/v2\/posts\/224242\/revisions"}],"predecessor-version":[{"id":224244,"href":"https:\/\/diarioregionaldigital.com.br\/index.php?rest_route=\/wp\/v2\/posts\/224242\/revisions\/224244"}],"wp:featuredmedia":[{"embeddable":true,"href":"https:\/\/diarioregionaldigital.com.br\/index.php?rest_route=\/wp\/v2\/media\/224243"}],"wp:attachment":[{"href":"https:\/\/diarioregionaldigital.com.br\/index.php?rest_route=%2Fwp%2Fv2%2Fmedia&parent=224242"}],"wp:term":[{"taxonomy":"category","embeddable":true,"href":"https:\/\/diarioregionaldigital.com.br\/index.php?rest_route=%2Fwp%2Fv2%2Fcategories&post=224242"},{"taxonomy":"post_tag","embeddable":true,"href":"https:\/\/diarioregionaldigital.com.br\/index.php?rest_route=%2Fwp%2Fv2%2Ftags&post=224242"}],"curies":[{"name":"wp","href":"https:\/\/api.w.org\/{rel}","templated":true}]}}