{"id":224232,"date":"2024-08-19T21:11:07","date_gmt":"2024-08-20T00:11:07","guid":{"rendered":"https:\/\/diarioregionaldigital.com.br\/?p=224232"},"modified":"2024-08-19T21:11:07","modified_gmt":"2024-08-20T00:11:07","slug":"vice-governador-destaca-projecao-internacional-do-estado-com-volta-da-stock-car-a-minas-gerais","status":"publish","type":"post","link":"https:\/\/diarioregionaldigital.com.br\/?p=224232","title":{"rendered":"Vice-governador destaca proje\u00e7\u00e3o internacional do estado com volta da Stock Car a Minas Gerais"},"content":{"rendered":"<p><main class=\"clear margin-md-bottom-3\"><\/p>\n<div class=\"clear \">\n<p>Minas Gerais voltou a fazer parte do calend\u00e1rio da principal categoria do automobilismo do Brasil ap\u00f3s sete anos sem receber o evento. A s\u00e9tima etapa da Stock Car Pro Series foi realizada\u00a0entre os dias 15 e 18\/8, em Belo Horizonte, no circuito de rua Toninho da Matta, montado no entorno do est\u00e1dio\u00a0Mineir\u00e3o, na Pampulha.<\/p>\n<p>O vice-governador Professor Mateus acompanhou, neste domingo (18\/8), a corrida principal da categoria. Na oportunidade, ele entregou o pr\u00eamio de primeiro lugar para o piloto Felipe Baptista, vencedor da primeira etapa da Stock Car realizada na capital mineira. O p\u00f3dio foi completado por Nelsinho Piquet\u00a0e Cac\u00e1 Bueno.<\/p>\n<p>O vice-governador destacou a import\u00e2ncia de ter a Stock Car de volta a Minas Gerais, uma vez que o evento pode ser uma vitrine internacional para o estado.<\/p>\n<table border=\"0\" cellspacing=\"1\" cellpadding=\"1\" align=\"center\">\n<tbody>\n<tr>\n<td colspan=\"5\"><img decoding=\"async\" src=\"https:\/\/www.agenciaminas.mg.gov.br\/ckeditor_assets\/pictures\/20949\/content_2_olho_topo.jpg\" alt=\"\" \/><\/td>\n<\/tr>\n<tr>\n<td><\/td>\n<td colspan=\"3\" rowspan=\"3\">\n<h1><strong>&#8220;Falei ao Felipe Baptista, quando entreguei o trof\u00e9u a ele, sobre a felicidade de Minas estar recebendo a etapa. \u00c9 um dos principais eventos esportivos do Brasil, transmitido para outros 170 pa\u00edses, e que divulga o nome do estado para o mundo&#8221;, comentou Professor Mateus.<\/strong><\/h1>\n<\/td>\n<td><\/td>\n<\/tr>\n<tr>\n<td><\/td>\n<td><\/td>\n<\/tr>\n<tr>\n<td><\/td>\n<td><\/td>\n<\/tr>\n<tr>\n<td colspan=\"5\"><img decoding=\"async\" src=\"https:\/\/www.agenciaminas.mg.gov.br\/ckeditor_assets\/pictures\/20950\/content_2_olho_inferior.jpg\" alt=\"\" \/><\/td>\n<\/tr>\n<\/tbody>\n<\/table>\n<p>A Stock Car no Brasil foi criada em 1979. A \u00faltima passagem da competi\u00e7\u00e3o\u00a0pelo estado havia sido em 2017, no aut\u00f3dromo de Curvelo.<\/p>\n<p>\u201c\u00c9 motivo de comemora\u00e7\u00e3o n\u00e3o s\u00f3 para os pilotos que estavam no p\u00f3dio, mas tamb\u00e9m para Belo Horizonte, para Minas Gerais, e motivo de alegria para mim e para o governador Romeu Zema\u201d, disse o vice-governador.<\/p>\n<p><strong>Desenvolvimento econ\u00f4mico<\/strong><\/p>\n<p>A capital mineira ser\u00e1 uma das sedes da Stock Car Pro Series pelos pr\u00f3ximos cinco anos. Para esta edi\u00e7\u00e3o, a previs\u00e3o \u00e9 de\u00a0que o evento injete cerca de R$ 200 milh\u00f5es na economia de Belo Horizonte e atraia mais de 30 mil turistas.<\/p>\n<p>\u201cPara Belo Horizonte, \u00e9 importante ter eventos do tamanho da Stock Car. N\u00f3s temos ainda quatro anos j\u00e1 contratados de eventos aqui na cidade, mas esperamos que isso se transforme em uma tradi\u00e7\u00e3o perene. Fico feliz em ver a festa dentro da pista, mas tamb\u00e9m ver que gerou oportunidade, emprego e desenvolvimento para BH\u201d, ressaltou Professor Mateus.<\/p>\n<p>A expectativa dos organizadores \u00e9 de que, durante os cinco anos em que ser\u00e1 realizada na capital, a competi\u00e7\u00e3o movimente mais de R$ 1 bilh\u00e3o e gere entre 1,5 mil e 2 mil empregos diretos a cada ano.<\/p>\n<p>A Stock Car na cidade tamb\u00e9m reuniu outros grandes nomes do automobilismo brasileiro, como Felipe Massa e\u00a0Rubens Barrichello.<\/p>\n<p>Al\u00e9m da corrida, o evento conta com um festival gastron\u00f4mico, uma fan zone com diversas atividades, como simuladores de carros, disputas de trocas de pneu e shows musicais.<\/p>\n<figure class=\"image\"><img decoding=\"async\" src=\"https:\/\/www.agenciaminas.mg.gov.br\/ckeditor_assets\/pictures\/21506\/content_img-20240815-wa0007.jpg\" alt=\"\" \/><figcaption><sub><em>Sedese \/ Divulga\u00e7\u00e3o<\/em><\/sub><\/figcaption><\/figure>\n<p><strong>Protocolo Fale Agora durante a competi\u00e7\u00e3o em BH<\/strong><\/p>\n<p>A etapa da Stock Car em Belo Horizonte tamb\u00e9m contou com a\u00e7\u00e3o da\u00a0<a href=\"https:\/\/social.mg.gov.br\/\" target=\"_blank\" rel=\"noopener\">Secretaria de Estado de Desenvolvimento Social (Sedese)<\/a>\u00a0para divulgar o protocolo Fale Agora, que promove a seguran\u00e7a e bem-estar das mulheres em grandes eventos.<\/p>\n<p>Com a ado\u00e7\u00e3o do protocolo, as pessoas que participaram do evento foram orientadas para agir de maneira assertiva e imediata diante da ocorr\u00eancia de casos de ass\u00e9dio e viol\u00eancia sexual contra mulheres.<\/p>\n<p>\u201cAssim como aconteceu no Carnaval, estamos na Stock Car e vamos participar de v\u00e1rios outros eventos grandes, porque \u00e9 uma forma de difundir a legisla\u00e7\u00e3o e orientar a popula\u00e7\u00e3o em casos de ass\u00e9dio\u201d, explicou a subsecret\u00e1ria de Pol\u00edtica dos Direitos das Mulheres, Joana Coelho.<\/p>\n<p>\u201cO protocolo existe tanto para informar a popula\u00e7\u00e3o, quanto para capacitar as equipes envolvidas\u201d, completou.<\/p>\n<p>A divulga\u00e7\u00e3o do Fale Agora na Stock Car faz parte de uma s\u00e9rie de esfor\u00e7os da Sedese para fortalecer a cultura de den\u00fancia e prote\u00e7\u00e3o aos direitos das mulheres.<\/p>\n<p>O treinamento, que j\u00e1 foi realizado com sucesso em outras ocasi\u00f5es, inclusive no Mineir\u00e3o, visa orientar os colaboradores sobre o atendimento adequado e a pronta resposta a situa\u00e7\u00f5es de risco, garantindo um ambiente seguro e acolhedor para todas as mulheres.<\/p>\n<p><strong>Protocolo in\u00e9dito<\/strong><\/p>\n<p>O Fale Agora foi lan\u00e7ado em 2023 e capacita profissionais de espa\u00e7os de lazer e turismo de Minas para lidar com situa\u00e7\u00f5es de emerg\u00eancia e promover um ambiente seguro, onde a comunica\u00e7\u00e3o e a a\u00e7\u00e3o r\u00e1pida s\u00e3o essenciais.<\/p>\n<p>Neste ano, o protocolo foi adaptado para ser aplicado durante o Carnaval da Liberdade, o que ajudou a garantir a festa mais segura do Brasil.<\/p>\n<p>Ele tamb\u00e9m ganhou uma nova vers\u00e3o para capacitar atletas e clubes de futebol, iniciativas que reafirmaram o papel de lideran\u00e7a da Sedese na implementa\u00e7\u00e3o de pol\u00edticas de prote\u00e7\u00e3o social em Minas Gerais.<\/p>\n<p>Fonte: Ag\u00eancia Minas<\/p>\n<\/div>\n<p><\/main><\/p>\n","protected":false},"excerpt":{"rendered":"<p>Minas Gerais voltou a fazer parte do calend\u00e1rio da principal categoria do automobilismo do Brasil ap\u00f3s sete anos sem receber o evento. A s\u00e9tima etapa da Stock Car Pro Series foi realizada\u00a0entre os dias 15 e 18\/8, em Belo Horizonte, no circuito de rua Toninho da Matta, montado no entorno do est\u00e1dio\u00a0Mineir\u00e3o, na Pampulha. O [&hellip;]<\/p>\n","protected":false},"author":246,"featured_media":224233,"comment_status":"closed","ping_status":"closed","sticky":false,"template":"","format":"standard","meta":{"footnotes":""},"categories":[436,261,254,252,439],"tags":[],"class_list":["post-224232","post","type-post","status-publish","format-standard","has-post-thumbnail","hentry","category-destaque-da-semana","category-economia","category-politica","category-regiao","category-ultima-hora"],"_links":{"self":[{"href":"https:\/\/diarioregionaldigital.com.br\/index.php?rest_route=\/wp\/v2\/posts\/224232","targetHints":{"allow":["GET"]}}],"collection":[{"href":"https:\/\/diarioregionaldigital.com.br\/index.php?rest_route=\/wp\/v2\/posts"}],"about":[{"href":"https:\/\/diarioregionaldigital.com.br\/index.php?rest_route=\/wp\/v2\/types\/post"}],"author":[{"embeddable":true,"href":"https:\/\/diarioregionaldigital.com.br\/index.php?rest_route=\/wp\/v2\/users\/246"}],"replies":[{"embeddable":true,"href":"https:\/\/diarioregionaldigital.com.br\/index.php?rest_route=%2Fwp%2Fv2%2Fcomments&post=224232"}],"version-history":[{"count":1,"href":"https:\/\/diarioregionaldigital.com.br\/index.php?rest_route=\/wp\/v2\/posts\/224232\/revisions"}],"predecessor-version":[{"id":224234,"href":"https:\/\/diarioregionaldigital.com.br\/index.php?rest_route=\/wp\/v2\/posts\/224232\/revisions\/224234"}],"wp:featuredmedia":[{"embeddable":true,"href":"https:\/\/diarioregionaldigital.com.br\/index.php?rest_route=\/wp\/v2\/media\/224233"}],"wp:attachment":[{"href":"https:\/\/diarioregionaldigital.com.br\/index.php?rest_route=%2Fwp%2Fv2%2Fmedia&parent=224232"}],"wp:term":[{"taxonomy":"category","embeddable":true,"href":"https:\/\/diarioregionaldigital.com.br\/index.php?rest_route=%2Fwp%2Fv2%2Fcategories&post=224232"},{"taxonomy":"post_tag","embeddable":true,"href":"https:\/\/diarioregionaldigital.com.br\/index.php?rest_route=%2Fwp%2Fv2%2Ftags&post=224232"}],"curies":[{"name":"wp","href":"https:\/\/api.w.org\/{rel}","templated":true}]}}