{"id":224229,"date":"2024-08-19T21:08:51","date_gmt":"2024-08-20T00:08:51","guid":{"rendered":"https:\/\/diarioregionaldigital.com.br\/?p=224229"},"modified":"2024-08-19T21:08:51","modified_gmt":"2024-08-20T00:08:51","slug":"governo-de-minas-lanca-rota-dos-vinhos-para-impulsionar-o-turismo-e-consolidar-vinicultura-no-estado","status":"publish","type":"post","link":"https:\/\/diarioregionaldigital.com.br\/?p=224229","title":{"rendered":"Governo de Minas lan\u00e7a Rota dos Vinhos para impulsionar o turismo e consolidar vinicultura no estado"},"content":{"rendered":"<p>O\u00a0<a href=\"https:\/\/www.mg.gov.br\/\" target=\"_blank\" rel=\"noopener\">Governo de Minas<\/a>\u00a0anunciou, nesta segunda-feira (19\/8), a cria\u00e7\u00e3o da Rota dos Vinhos, que ser\u00e1 estruturada em oito regi\u00f5es produtoras no estado. Desta forma, o enoturismo \u2013 turismo voltado ao consumo e aprecia\u00e7\u00e3o de vinhos \u2013 passa a ser o foco de uma pol\u00edtica p\u00fablica para atrair visitantes e investimentos, al\u00e9m de gerar emprego e renda.<\/p>\n<p>O an\u00fancio foi realizado no Pal\u00e1cio da Liberdade, em Belo Horizonte, pelo governador Romeu Zema, pelo vice-governador Professor Mateus, com a presen\u00e7a de mais de 40 produtores de 20 munic\u00edpios mineiros.<\/p>\n<p>A iniciativa visa impulsionar a expans\u00e3o do setor de vinicultura, que contempla a produ\u00e7\u00e3o de vinhos, e a vitivinicultura, para o produtor que tamb\u00e9m produz uvas in natura al\u00e9m da bebida. A expectativa \u00e9 a de que a Rota dos Vinhos contribua ainda mais para a visibilidade e atra\u00e7\u00e3o de turistas interessados na cultura vin\u00edcola de Minas Gerais.<\/p>\n<p>O governador destacou o potencial tur\u00edstico e produtivo do setor em Minas. \u201cA vinicultura vem passando por um crescimento exponencial, e isso significa um crescimento a longo prazo enorme. E queremos aproveitar todo o potencial que a cultura da uva e a produ\u00e7\u00e3o de vinho t\u00eam para despertar o interesse das pessoas\u201d.<\/p>\n<p>Para Zema, \u201co Brasil ainda \u00e9 um pa\u00eds que consome pouco vinho, mas com o aumento da renda, esse produto \u00e9 cada vez mais consumido, gerando interesse crescente\u201d, frisou o governador de Minas.<\/p>\n<p>Ele destacou ainda o papel essencial da\u00a0<a href=\"https:\/\/www.epamig.br\/\" target=\"_blank\" rel=\"noopener\">Empresa de Pesquisa Agropecu\u00e1ria de Minas Gerais (Epamig)<\/a>\u00a0e da\u00a0<a href=\"https:\/\/www.emater.mg.gov.br\/\" target=\"_blank\" rel=\"noopener\">Empresa de Assist\u00eancia T\u00e9cnica e Extens\u00e3o Rural do Estado de Minas Gerais (Emater\u2013MG)<\/a>\u00a0na miss\u00e3o de introjetar uma cultura presente em outros pa\u00edses.<\/p>\n<table border=\"0\" cellspacing=\"1\" cellpadding=\"1\" align=\"center\">\n<tbody>\n<tr>\n<td colspan=\"5\"><img decoding=\"async\" src=\"https:\/\/www.agenciaminas.mg.gov.br\/ckeditor_assets\/pictures\/20949\/content_2_olho_topo.jpg\" alt=\"\" \/><\/td>\n<\/tr>\n<tr>\n<td><\/td>\n<td colspan=\"3\" rowspan=\"3\">\n<h1><strong>&#8220;Muitos brasileiros viajam para fora do pa\u00eds para conhecer vin\u00edcolas e, em breve, com toda certeza, teremos v\u00e1rias atra\u00e7\u00f5es desse tipo aqui em Minas Gerais, gerando empregos e um produto de alt\u00edssima qualidade, fruto do trabalho de pesquisa da Epamig e da Emater-MG&#8221;, afirmou Romeu Zema.<\/strong><\/h1>\n<\/td>\n<td><\/td>\n<\/tr>\n<tr>\n<td><\/td>\n<td><\/td>\n<\/tr>\n<tr>\n<td><\/td>\n<td><\/td>\n<\/tr>\n<tr>\n<td colspan=\"5\"><img decoding=\"async\" src=\"https:\/\/www.agenciaminas.mg.gov.br\/ckeditor_assets\/pictures\/20950\/content_2_olho_inferior.jpg\" alt=\"\" \/><\/td>\n<\/tr>\n<\/tbody>\n<\/table>\n<p><strong>Protocolo<\/strong><\/p>\n<p>Foi assinado um protocolo de inten\u00e7\u00f5es entre o Governo de Minas, o Sebrae Minas e a Federa\u00e7\u00e3o das Ind\u00fastrias do Estado de Minas Gerais (Fiemg), por meio do Instituto Euvaldo Lodi (IEL), para dar in\u00edcio \u00e0 estrutura\u00e7\u00e3o da Rota dos Vinhos.<br \/>\n<img decoding=\"async\" src=\"https:\/\/www.agenciaminas.mg.gov.br\/ckeditor_assets\/pictures\/21510\/content_20240819161424_img_6074.jpg\" alt=\"\" \/><br \/>\n<sub><em>Gil Leonardi \/ Imprensa MG<\/em><\/sub><\/p>\n<p>As oito regi\u00f5es contempladas pelo programa s\u00e3o: Zona da Mata, Tri\u00e2ngulo Mineiro, Sul\/Sudoeste, Oeste, Norte, Metropolitana, Jequitinhonha, Central e Campo das Vertentes.<\/p>\n<p>Para o vice-governador de Minas,\u00a0Professor Mateus, essa \u00e9 uma oportunidade n\u00e3o apenas comercial para produzir a uva e extrair o vinho, mas tamb\u00e9m para atrair aqueles que praticam o enoturismo.<\/p>\n<table border=\"0\" cellspacing=\"1\" cellpadding=\"1\" align=\"center\">\n<tbody>\n<tr>\n<td colspan=\"5\"><img decoding=\"async\" src=\"https:\/\/www.agenciaminas.mg.gov.br\/ckeditor_assets\/pictures\/20949\/content_2_olho_topo.jpg\" alt=\"\" \/><\/td>\n<\/tr>\n<tr>\n<td><\/td>\n<td colspan=\"3\" rowspan=\"3\">\n<h1><strong>&#8220;Sabemos que o enoturismo \u00e9 uma atividade com um ticket m\u00e9dio mais alto e, portanto, impacta n\u00e3o apenas a realidade das cidades, mas tamb\u00e9m a renda dos produtores&#8221;, observou Professor Mateus.<\/strong><\/h1>\n<\/td>\n<td><\/td>\n<\/tr>\n<tr>\n<td><\/td>\n<td><\/td>\n<\/tr>\n<tr>\n<td><\/td>\n<td><\/td>\n<\/tr>\n<tr>\n<td colspan=\"5\"><img decoding=\"async\" src=\"https:\/\/www.agenciaminas.mg.gov.br\/ckeditor_assets\/pictures\/20950\/content_2_olho_inferior.jpg\" alt=\"\" \/><\/td>\n<\/tr>\n<\/tbody>\n<\/table>\n<p>Ainda segundo ele, \u201ctrata-se de uma renda acess\u00f3ria muito importante para todos os produtores de vinho no mundo, que ainda n\u00e3o est\u00e1vamos conseguindo capturar. A iniciativa privada j\u00e1 est\u00e1 fazendo a sua parte: temos hot\u00e9is, restaurantes, visitas a vin\u00edcolas e vinhedos. Tudo isso avan\u00e7a na dire\u00e7\u00e3o de uma economia mais estruturada, com mais oportunidades tanto no campo quanto na cidade\u201d, afirmou.<\/p>\n<p><strong>Parceria<\/strong><\/p>\n<p>A Rota dos Vinhos \u00e9 coordenada pela\u00a0<a href=\"https:\/\/www.secult.mg.gov.br\/\" target=\"_blank\" rel=\"noopener\">Secretaria de Estado de Cultura e Turismo de Minas Gerais (Secult-MG)<\/a>, em parceria com a\u00a0<a href=\"http:\/\/www.codemge.com.br\/\" target=\"_blank\" rel=\"noopener\">Companhia de Desenvolvimento de Minas Gerais (Codemge)<\/a>, o Sebrae Minas e a Fiemg.<\/p>\n<p>O secret\u00e1rio de estado de Estado de Cultura e Turismo, Le\u00f4nidas Oliveira, pontuou que a Rota do Vinho \u00e9 uma oportunidade \u00fanica para fortalecer a identidade cultural de Minas Gerais, aliando tradi\u00e7\u00e3o e inova\u00e7\u00e3o.<\/p>\n<p>\u201cEssa iniciativa n\u00e3o apenas valoriza a produ\u00e7\u00e3o vin\u00edcola local, mas tamb\u00e9m cria uma nova rota tur\u00edstica que atrai visitantes e promove a riqueza cultural das regi\u00f5es produtoras.<\/p>\n<p>\u201cEstamos construindo uma experi\u00eancia enotur\u00edstica que gera desenvolvimento econ\u00f4mico, preserva o patrim\u00f4nio e refor\u00e7a o orgulho mineiro. \u00c9 um passo decisivo para consolidar Minas Gerais como um destino de refer\u00eancia no enoturismo brasileiro\u201d, concluiu o secret\u00e1rio.<\/p>\n<p><strong>Setor em crescimento<\/strong><\/p>\n<p>A Rota dos Vinhos \u00e9 uma iniciativa que se baseia na crescente popularidade do enoturismo no Brasil. De acordo com o Sebrae, 85% das vin\u00edcolas nacionais t\u00eam investido na atividade, acompanhando um aumento anual de at\u00e9 15% no n\u00famero de visitantes interessados na cultura do vinho, conforme dados da Uni\u00e3o Brasileira de Vitivinicultura (Uvibra).<\/p>\n<p>Para o porta-voz da Associa\u00e7\u00e3o dos Produtores de Uva e Vinho de Minas Gerais, Alexandre Damasceno, a uva e o vinho t\u00eam capacidade de motivar as pessoas a viajar em busca de experi\u00eancias que tamb\u00e9m envolvem hotelaria, gastronomia, turismo de natureza, artesanato, e o interesse pela cultura e tradi\u00e7\u00f5es locais.<\/p>\n<p>\u201cOs vinhedos harmonizam-se de forma \u00fanica com o cen\u00e1rio natural, transformando suas paisagens em atra\u00e7\u00f5es tur\u00edsticas \u2018instagram\u00e1veis\u2019, que encantam visitantes de todas as partes. Eles v\u00eam para conhecer a produ\u00e7\u00e3o do vinho e, assim, impulsionam um turismo de qualidade.\u201d<\/p>\n<p>Damasceno constatou que \u201ca partir do vinho, as pessoas podem vivenciar de perto a simplicidade dos vinicultores e a forma acolhedora com que os mineiros recebem seus visitantes, os visitantes podem conhecer nossa alegria e sentir nossa energia e os visitantes podem explorar nossas belas paisagens, nossa gastronomia, nossas tradi\u00e7\u00f5es e nossa rica hist\u00f3ria de liberdade e luta\u201d.<\/p>\n<p><strong>A\u00e7\u00f5es<\/strong><\/p>\n<p>A Epamig desempenha um papel crucial no desenvolvimento da viticultura no estado, oferecendo suporte t\u00e9cnico e experimental para novos produtores. A empresa funciona como uma esp\u00e9cie de incubadora dos produtores que est\u00e3o iniciando a produ\u00e7\u00e3o e ainda n\u00e3o t\u00eam vin\u00edcola pr\u00f3pria.<\/p>\n<p>Ao longo dessas duas d\u00e9cadas de pesquisas, mais de 80 produtores j\u00e1 foram atendidos. Atualmente, cerca de 30 produtores de vinhos de diversos estados do Brasil est\u00e3o sendo atendidos pela Epamig.<\/p>\n<p>Nos \u00faltimos anos, diversas marcas de vinhos produzidos com a tecnologia da Epamig foram premiadas em conceituados eventos de enologia. Dentre as premia\u00e7\u00f5es est\u00e3o: a Grande Prova de Vinhos do Brasil; Decanter WWA; Vini Bra Expo; Expovinis; Concurso Mundial de Bruxellas; Grande Prova Vinhos do Brasil; Concurso do Espumante Brasileiro; Vitis Mundi; e Wines of Brazil.<\/p>\n<p><strong>Produ\u00e7\u00e3o de vinhos<\/strong><\/p>\n<p>Minas Gerais registra cerca de 100 produtores de vinhos atualmente. Em 2020 eram cerca de 50 produtores, o que indica o r\u00e1pido avan\u00e7o da cultura. A estimativa \u00e9 de que o mercado movimente R$120 milh\u00f5es por ano.<\/p>\n<p>Atualmente est\u00e3o registrados mais de mil hectares de vinhedos conduzidos com a t\u00e9cnica da dupla poda, o que permite colheita em diferentes \u00e9pocas do ano. Al\u00e9m disso, h\u00e1 uma estimativa de aumentar mais 250 hectares por ano.<\/p>\n<p>A produ\u00e7\u00e3o estimada, quando toda a \u00e1rea plantada estiver em produ\u00e7\u00e3o, \u00e9 de 4 mil toneladas de uvas e 2,4 milh\u00f5es de litros de vinho.<\/p>\n<p><strong>A\u00e7\u00f5es de promo\u00e7\u00e3o<\/strong><\/p>\n<p>Al\u00e9m da rota, a Secult-MG tem realizado outras a\u00e7\u00f5es para promover o setor no estado, como a campanha Inverno em Minas, cujos roteiros tur\u00edsticos foram especialmente estruturados para a \u00e9poca mais fria do ano.<\/p>\n<p>Dentre a programa\u00e7\u00e3o estava o Territ\u00f3rio dos Vinhos, que passou pelas cidades de Tr\u00eas Pontas, Caldas, Andradas e S\u00e3o Gon\u00e7alo do Sapuca\u00ed, no Sul do estado, em passeios que combinaram belezas naturais, patrim\u00f4nio hist\u00f3rico e visitas \u00e0s vin\u00edcolas.<\/p>\n<p>No fim de junho, com o objetivo de divulgar a campanha e os circuitos de inverno, o Governo de Minas, por meio da Secult, convidou jornalistas e formadores de opini\u00e3o de todas as regi\u00f5es do Brasil para conhecerem o Territ\u00f3rio dos Vinhos, no Sul de Minas.<\/p>\n<p>Fonte: Ag\u00eancia Minas<\/p>\n","protected":false},"excerpt":{"rendered":"<p>O\u00a0Governo de Minas\u00a0anunciou, nesta segunda-feira (19\/8), a cria\u00e7\u00e3o da Rota dos Vinhos, que ser\u00e1 estruturada em oito regi\u00f5es produtoras no estado. Desta forma, o enoturismo \u2013 turismo voltado ao consumo e aprecia\u00e7\u00e3o de vinhos \u2013 passa a ser o foco de uma pol\u00edtica p\u00fablica para atrair visitantes e investimentos, al\u00e9m de gerar emprego e renda. [&hellip;]<\/p>\n","protected":false},"author":246,"featured_media":224230,"comment_status":"closed","ping_status":"closed","sticky":false,"template":"","format":"standard","meta":{"footnotes":""},"categories":[436,440,261,254,252,439],"tags":[],"class_list":["post-224229","post","type-post","status-publish","format-standard","has-post-thumbnail","hentry","category-destaque-da-semana","category-destaques-do-dia","category-economia","category-politica","category-regiao","category-ultima-hora"],"_links":{"self":[{"href":"https:\/\/diarioregionaldigital.com.br\/index.php?rest_route=\/wp\/v2\/posts\/224229","targetHints":{"allow":["GET"]}}],"collection":[{"href":"https:\/\/diarioregionaldigital.com.br\/index.php?rest_route=\/wp\/v2\/posts"}],"about":[{"href":"https:\/\/diarioregionaldigital.com.br\/index.php?rest_route=\/wp\/v2\/types\/post"}],"author":[{"embeddable":true,"href":"https:\/\/diarioregionaldigital.com.br\/index.php?rest_route=\/wp\/v2\/users\/246"}],"replies":[{"embeddable":true,"href":"https:\/\/diarioregionaldigital.com.br\/index.php?rest_route=%2Fwp%2Fv2%2Fcomments&post=224229"}],"version-history":[{"count":1,"href":"https:\/\/diarioregionaldigital.com.br\/index.php?rest_route=\/wp\/v2\/posts\/224229\/revisions"}],"predecessor-version":[{"id":224231,"href":"https:\/\/diarioregionaldigital.com.br\/index.php?rest_route=\/wp\/v2\/posts\/224229\/revisions\/224231"}],"wp:featuredmedia":[{"embeddable":true,"href":"https:\/\/diarioregionaldigital.com.br\/index.php?rest_route=\/wp\/v2\/media\/224230"}],"wp:attachment":[{"href":"https:\/\/diarioregionaldigital.com.br\/index.php?rest_route=%2Fwp%2Fv2%2Fmedia&parent=224229"}],"wp:term":[{"taxonomy":"category","embeddable":true,"href":"https:\/\/diarioregionaldigital.com.br\/index.php?rest_route=%2Fwp%2Fv2%2Fcategories&post=224229"},{"taxonomy":"post_tag","embeddable":true,"href":"https:\/\/diarioregionaldigital.com.br\/index.php?rest_route=%2Fwp%2Fv2%2Ftags&post=224229"}],"curies":[{"name":"wp","href":"https:\/\/api.w.org\/{rel}","templated":true}]}}