{"id":224214,"date":"2024-08-17T03:07:09","date_gmt":"2024-08-17T06:07:09","guid":{"rendered":"https:\/\/diarioregionaldigital.com.br\/?p=224214"},"modified":"2024-08-17T03:07:09","modified_gmt":"2024-08-17T06:07:09","slug":"edital-de-convocacao-upside-club-17-08-2024","status":"publish","type":"post","link":"https:\/\/diarioregionaldigital.com.br\/?p=224214","title":{"rendered":"EDITAL DE CONVOCA\u00c7\u00c3O UPSIDE CLUB &#8211; 17\/08\/2024"},"content":{"rendered":"<p style=\"text-align: center;\">EDITAL DE CONVOCA\u00c7\u00c3O<\/p>\n<p>Assembleia Geral Extraordin\u00e1ria<br \/>\nCondom\u00ednio Up Side<br \/>\nData: 27 de agosto de 2024<\/p>\n<p style=\"text-align: center;\">\nNa qualidade de s\u00edndico do Condom\u00ednio Upside Club, situado \u00e0 Rua Jesus Raimundo<br \/>\nn\u00ba 87, Bairro Teixeiras, na cidade de Juiz de Fora, e na forma convencionalmente prevista,<br \/>\nconvido os cond\u00f4minos para a ASSEMBLEIA GERAL EXTRAORDIN\u00c1RIA, que se realizar\u00e1 no<br \/>\npr\u00f3ximo dia 27 de agosto de 2024 (ter\u00e7a-feira), \u00e0s 19h00min em primeira convoca\u00e7\u00e3o, com a<br \/>\npresen\u00e7a de 50% (cinquenta por cento) dos cond\u00f4minos, e \u00e0s 19h30min em segunda e \u00faltima<br \/>\nchamada, com qualquer n\u00famero de presentes, na \u00e1rea de lazer da piscina do condom\u00ednio, a<br \/>\nfim de deliberarem sobre as seguintes pautas:<br \/>\nOrdem do Dia:<br \/>\n1.Apresenta\u00e7\u00e3o do s\u00edndico, administradora, subs\u00edndicos e conselheiros.<br \/>\n2.Elei\u00e7\u00e3o de novos membros para compor o quadro do conselho consultivo e fiscal.<br \/>\n3. Delibera\u00e7\u00e3o sobre Contrata\u00e7\u00e3o de Nova Conservadora:<br \/>\n4. Previs\u00e3o Or\u00e7ament\u00e1ria para o Per\u00edodo de 08\/2024 a 07\/2025:<br \/>\n5. Delibera\u00e7\u00e3o sobre Presta\u00e7\u00e3o de Servi\u00e7os de Telefonia e Internet e demais<br \/>\nprestadores que prestam servi\u00e7os ao condom\u00ednio.<br \/>\n6. Adequa\u00e7\u00e3o das Normas de Uso das \u00c1reas Comuns, incluindo Revis\u00e3o e ajuste das<br \/>\nnormas de uso, inclusive valores e prazos de utiliza\u00e7\u00e3o.<br \/>\n7. Execu\u00e7\u00e3o das Unidades Inadimplentes com delibera\u00e7\u00e3o sobre medidas a serem<br \/>\ntomadas, inclusive em rela\u00e7\u00e3o \u00e0s custas processuais.<br \/>\n8. Assuntos Gerais:<br \/>\nEm virtude dos assuntos a serem tratados, lembramos a todos da conveni\u00eancia de comparecer<br \/>\nou se fazer representar por procura\u00e7\u00e3o espec\u00edfica. Esclarecemos que cond\u00f4minos ou seus<br \/>\nrepresentantes que n\u00e3o estiverem em dia com suas obriga\u00e7\u00f5es condominiais n\u00e3o poder\u00e3o<br \/>\nvotar nem ser votados nas delibera\u00e7\u00f5es da assembleia, sendo nulos seus votos e presen\u00e7as,<br \/>\nconforme a lei n\u00ba 10.406\/02 &#8211; Art. 1.335.<br \/>\nRessalto ainda que as decis\u00f5es tomadas em assembleia caber\u00e3o a todos, inclusive aos<br \/>\nausentes.<\/p>\n<p style=\"text-align: center;\">\nCordialmente,<br \/>\nAristides Casendey de Abreu<\/p>\n","protected":false},"excerpt":{"rendered":"<p>EDITAL DE CONVOCA\u00c7\u00c3O Assembleia Geral Extraordin\u00e1ria Condom\u00ednio Up Side Data: 27 de agosto de 2024 Na qualidade de s\u00edndico do Condom\u00ednio Upside Club, situado \u00e0 Rua Jesus Raimundo n\u00ba 87, Bairro Teixeiras, na cidade de Juiz de Fora, e na forma convencionalmente prevista, convido os cond\u00f4minos para a ASSEMBLEIA GERAL EXTRAORDIN\u00c1RIA, que se realizar\u00e1 no [&hellip;]<\/p>\n","protected":false},"author":246,"featured_media":0,"comment_status":"closed","ping_status":"closed","sticky":false,"template":"","format":"standard","meta":{"footnotes":""},"categories":[307],"tags":[],"class_list":["post-224214","post","type-post","status-publish","format-standard","hentry","category-editais"],"_links":{"self":[{"href":"https:\/\/diarioregionaldigital.com.br\/index.php?rest_route=\/wp\/v2\/posts\/224214","targetHints":{"allow":["GET"]}}],"collection":[{"href":"https:\/\/diarioregionaldigital.com.br\/index.php?rest_route=\/wp\/v2\/posts"}],"about":[{"href":"https:\/\/diarioregionaldigital.com.br\/index.php?rest_route=\/wp\/v2\/types\/post"}],"author":[{"embeddable":true,"href":"https:\/\/diarioregionaldigital.com.br\/index.php?rest_route=\/wp\/v2\/users\/246"}],"replies":[{"embeddable":true,"href":"https:\/\/diarioregionaldigital.com.br\/index.php?rest_route=%2Fwp%2Fv2%2Fcomments&post=224214"}],"version-history":[{"count":1,"href":"https:\/\/diarioregionaldigital.com.br\/index.php?rest_route=\/wp\/v2\/posts\/224214\/revisions"}],"predecessor-version":[{"id":224215,"href":"https:\/\/diarioregionaldigital.com.br\/index.php?rest_route=\/wp\/v2\/posts\/224214\/revisions\/224215"}],"wp:attachment":[{"href":"https:\/\/diarioregionaldigital.com.br\/index.php?rest_route=%2Fwp%2Fv2%2Fmedia&parent=224214"}],"wp:term":[{"taxonomy":"category","embeddable":true,"href":"https:\/\/diarioregionaldigital.com.br\/index.php?rest_route=%2Fwp%2Fv2%2Fcategories&post=224214"},{"taxonomy":"post_tag","embeddable":true,"href":"https:\/\/diarioregionaldigital.com.br\/index.php?rest_route=%2Fwp%2Fv2%2Ftags&post=224214"}],"curies":[{"name":"wp","href":"https:\/\/api.w.org\/{rel}","templated":true}]}}