{"id":224212,"date":"2024-08-19T10:10:55","date_gmt":"2024-08-19T13:10:55","guid":{"rendered":"https:\/\/diarioregionaldigital.com.br\/?p=224212"},"modified":"2024-08-19T10:11:07","modified_gmt":"2024-08-19T13:11:07","slug":"extrato-de-contrato-058-17-08-2024","status":"publish","type":"post","link":"https:\/\/diarioregionaldigital.com.br\/?p=224212","title":{"rendered":"EXTRATO DE CONTRATO 058 &#8211; 19\/08\/2024"},"content":{"rendered":"<p class=\"s2\" style=\"text-align: center;\"><span class=\"s3\"><span class=\"bumpedFont17\">EXTRATO DE CONTRATO<\/span><\/span><\/p>\n<p class=\"s4\" style=\"text-align: center;\"><span class=\"s3\"><span class=\"bumpedFont17\">Pref. Municipal de Descoberto x<\/span><\/span> <span class=\"s3\"><span class=\"bumpedFont17\">Jo\u00e3o Paulo Guimar\u00e3es <\/span><\/span><span class=\"s3\"><span class=\"bumpedFont17\">Fazza<\/span><\/span><span class=\"s3\"><span class=\"bumpedFont17\">05921612693<\/span><\/span> <span class=\"s3\"><span class=\"bumpedFont17\">\u2013<\/span><\/span> <span class=\"s3\"><span class=\"bumpedFont17\">Objeto:<\/span><\/span> <span class=\"s3\"><span class=\"bumpedFont17\">Contrata\u00e7\u00e3o de empresa para a presta\u00e7\u00e3o de servi\u00e7os de Reg\u00eancia Musical para atender as necessidades do <\/span><\/span><span class=\"s3\"><span class=\"bumpedFont17\">Departamento de Cultura<\/span><\/span> <span class=\"s3\"><span class=\"bumpedFont17\">&#8211;<\/span><\/span> <span class=\"s3\"><span class=\"bumpedFont17\">Fundamento: <\/span><\/span><span class=\"s3\"><span class=\"bumpedFont17\">Preg\u00e3o Presencial<\/span><\/span><span class=\"s3\"><span class=\"bumpedFont17\"> n\u00ba 0<\/span><\/span><span class=\"s3\"><span class=\"bumpedFont17\">26<\/span><\/span><span class=\"s3\"><span class=\"bumpedFont17\">\/2024<\/span><\/span> <span class=\"s3\"><span class=\"bumpedFont17\">&#8211; <\/span><\/span><span class=\"s3\"><span class=\"bumpedFont17\">Valor<\/span><\/span><span class=\"s3\"><span class=\"bumpedFont17\">: <\/span><\/span><span class=\"s3\"><span class=\"bumpedFont17\">R$<\/span><\/span> <span class=\"s3\"><span class=\"bumpedFont17\">32.100,00<\/span><\/span><span class=\"s3\"><span class=\"bumpedFont17\"> \u2013<\/span><\/span><span class=\"s3\"><span class=\"bumpedFont17\">&#8211; <\/span><\/span><span class=\"s3\"><span class=\"bumpedFont17\">Vig\u00eancia: <\/span><\/span><span class=\"s3\"><span class=\"bumpedFont17\">12 meses <\/span><\/span><span class=\"s3\"><span class=\"bumpedFont17\">&#8211; <\/span><\/span><span class=\"s3\"><span class=\"bumpedFont17\">Dot<\/span><\/span> <span class=\"s3\"><span class=\"bumpedFont17\">or\u00e7<\/span><\/span><span class=\"s3\"><span class=\"bumpedFont17\">:<\/span><\/span><span class=\"s3\"><span class=\"bumpedFont17\">02.016.000.13.392.0015.2082.339039.00\/150<\/span><\/span><span class=\"s3\"><span class=\"bumpedFont17\">&#8211; <\/span><\/span><span class=\"s3\"><span class=\"bumpedFont17\">Ass<\/span><\/span><span class=\"s3\"><span class=\"bumpedFont17\">:<\/span><\/span> <span class=\"s3\"><span class=\"bumpedFont17\">1<\/span><\/span><span class=\"s3\"><span class=\"bumpedFont17\">6\/08\/2024<\/span><\/span> <span class=\"s3\"><span class=\"bumpedFont17\">&#8211; Foro: S\u00e3o Jo\u00e3o Nepomuceno\/MG.<\/span><\/span><\/p>\n<p class=\"s2\" style=\"text-align: center;\"><span class=\"s3\"><span class=\"bumpedFont17\">Marcos de Ara\u00fajo Lima<\/span><\/span><\/p>\n<p class=\"s2\" style=\"text-align: center;\"><span class=\"s3\"><span class=\"bumpedFont17\">Prefeito <\/span><\/span><span class=\"s3\"><span class=\"bumpedFont17\">Municipal <\/span><\/span><\/p>\n<p class=\"s2\" style=\"text-align: center;\">\n","protected":false},"excerpt":{"rendered":"<p>EXTRATO DE CONTRATO Pref. Municipal de Descoberto x Jo\u00e3o Paulo Guimar\u00e3es Fazza05921612693 \u2013 Objeto: Contrata\u00e7\u00e3o de empresa para a presta\u00e7\u00e3o de servi\u00e7os de Reg\u00eancia Musical para atender as necessidades do Departamento de Cultura &#8211; Fundamento: Preg\u00e3o Presencial n\u00ba 026\/2024 &#8211; Valor: R$ 32.100,00 \u2013&#8211; Vig\u00eancia: 12 meses &#8211; Dot or\u00e7:02.016.000.13.392.0015.2082.339039.00\/150&#8211; Ass: 16\/08\/2024 &#8211; Foro: S\u00e3o [&hellip;]<\/p>\n","protected":false},"author":246,"featured_media":0,"comment_status":"closed","ping_status":"closed","sticky":false,"template":"","format":"standard","meta":{"footnotes":""},"categories":[307],"tags":[],"class_list":["post-224212","post","type-post","status-publish","format-standard","hentry","category-editais"],"_links":{"self":[{"href":"https:\/\/diarioregionaldigital.com.br\/index.php?rest_route=\/wp\/v2\/posts\/224212","targetHints":{"allow":["GET"]}}],"collection":[{"href":"https:\/\/diarioregionaldigital.com.br\/index.php?rest_route=\/wp\/v2\/posts"}],"about":[{"href":"https:\/\/diarioregionaldigital.com.br\/index.php?rest_route=\/wp\/v2\/types\/post"}],"author":[{"embeddable":true,"href":"https:\/\/diarioregionaldigital.com.br\/index.php?rest_route=\/wp\/v2\/users\/246"}],"replies":[{"embeddable":true,"href":"https:\/\/diarioregionaldigital.com.br\/index.php?rest_route=%2Fwp%2Fv2%2Fcomments&post=224212"}],"version-history":[{"count":3,"href":"https:\/\/diarioregionaldigital.com.br\/index.php?rest_route=\/wp\/v2\/posts\/224212\/revisions"}],"predecessor-version":[{"id":224219,"href":"https:\/\/diarioregionaldigital.com.br\/index.php?rest_route=\/wp\/v2\/posts\/224212\/revisions\/224219"}],"wp:attachment":[{"href":"https:\/\/diarioregionaldigital.com.br\/index.php?rest_route=%2Fwp%2Fv2%2Fmedia&parent=224212"}],"wp:term":[{"taxonomy":"category","embeddable":true,"href":"https:\/\/diarioregionaldigital.com.br\/index.php?rest_route=%2Fwp%2Fv2%2Fcategories&post=224212"},{"taxonomy":"post_tag","embeddable":true,"href":"https:\/\/diarioregionaldigital.com.br\/index.php?rest_route=%2Fwp%2Fv2%2Ftags&post=224212"}],"curies":[{"name":"wp","href":"https:\/\/api.w.org\/{rel}","templated":true}]}}