{"id":224210,"date":"2024-08-17T03:04:01","date_gmt":"2024-08-17T06:04:01","guid":{"rendered":"https:\/\/diarioregionaldigital.com.br\/?p=224210"},"modified":"2024-08-17T03:04:01","modified_gmt":"2024-08-17T06:04:01","slug":"extrato-de-ata-141-2024-17-08-2024","status":"publish","type":"post","link":"https:\/\/diarioregionaldigital.com.br\/?p=224210","title":{"rendered":"EXTRATO DE ATA 141\/2024 &#8211; 17\/08\/2024"},"content":{"rendered":"<p class=\"s2\" style=\"text-align: center;\"><span class=\"s3\"><span class=\"bumpedFont17\">EXTRATO DE <\/span><\/span><span class=\"s3\"><span class=\"bumpedFont17\">ATA<\/span><\/span><span class=\"s3\"><span class=\"bumpedFont17\"> 1<\/span><\/span><span class=\"s3\"><span class=\"bumpedFont17\">4<\/span><\/span><span class=\"s3\"><span class=\"bumpedFont17\">1<\/span><\/span><span class=\"s3\"><span class=\"bumpedFont17\">\/2024<\/span><\/span><\/p>\n<p class=\"s4\" style=\"text-align: center;\">\n<p class=\"s4\" style=\"text-align: center;\"><span class=\"s3\"><span class=\"bumpedFont17\">Pref. Municipal de Descoberto <\/span><\/span><span class=\"s3\"><span class=\"bumpedFont17\">x<\/span><\/span><span class=\"s3\"><span class=\"bumpedFont17\"> Manoel Roberto Morais de Souza<\/span><\/span> <span class=\"s3\"><span class=\"bumpedFont17\">&#8211; Objeto:<\/span><\/span> <span class=\"s3\"><span class=\"bumpedFont17\">Registro de pre\u00e7os para a contrata\u00e7\u00e3o de <\/span><\/span><span class=\"s3\"><span class=\"bumpedFont17\">empresa para fornecimento de g\u00eaneros aliment\u00edcios necess\u00e1rios para garantir a execu\u00e7\u00e3o dos grupos de servi\u00e7o de conviv\u00eancia e fortalecimento de v\u00ednculos e grupos do <\/span><\/span><span class=\"s3\"><span class=\"bumpedFont17\">Paif<\/span><\/span><span class=\"s3\"><span class=\"bumpedFont17\"> para atender as necessidades do <\/span><\/span><span class=\"s3\"><span class=\"bumpedFont17\">Departamento de Assist\u00eancia Social<\/span><\/span> <span class=\"s3\"><span class=\"bumpedFont17\">&#8211; <\/span><\/span><span class=\"s3\"><span class=\"bumpedFont17\">Fundamento:<\/span><\/span> <span class=\"s3\"><span class=\"bumpedFont17\">Preg\u00e3o Presencial<\/span><\/span> <span class=\"s3\"><span class=\"bumpedFont17\">n\u00ba <\/span><\/span><span class=\"s3\"><span class=\"bumpedFont17\">0<\/span><\/span><span class=\"s3\"><span class=\"bumpedFont17\">2<\/span><\/span><span class=\"s3\"><span class=\"bumpedFont17\">4<\/span><\/span><span class=\"s3\"><span class=\"bumpedFont17\">\/<\/span><\/span><span class=\"s3\"><span class=\"bumpedFont17\">2024<\/span><\/span> <span class=\"s3\"><span class=\"bumpedFont17\">&#8211; <\/span><\/span><span class=\"s3\"><span class=\"bumpedFont17\">Valor Global: <\/span><\/span><span class=\"s3\"><span class=\"bumpedFont17\">R$<\/span><\/span> <span class=\"s3\"><span class=\"bumpedFont17\">37.257,10<\/span><\/span><span class=\"s3\"><span class=\"bumpedFont17\">&#8211; <\/span><\/span><span class=\"s3\"><span class=\"bumpedFont17\">Vig\u00eancia: <\/span><\/span><span class=\"s3\"><span class=\"bumpedFont17\">12<\/span><\/span><span class=\"s3\"><span class=\"bumpedFont17\">meses<\/span><\/span><span class=\"s3\"><span class=\"bumpedFont17\">&#8211; \u00a0<\/span><\/span><span class=\"s3\"><span class=\"bumpedFont17\">Dot<\/span><\/span> <span class=\"s3\"><span class=\"bumpedFont17\">or\u00e7<\/span><\/span><span class=\"s3\"><span class=\"bumpedFont17\">:<\/span><\/span> <span class=\"s3\"><span class=\"bumpedFont17\">02.008.000.08.244.0012.2.137.339030.00\/150<\/span><\/span> <span class=\"s3\"><span class=\"bumpedFont17\">&#8211; <\/span><\/span><span class=\"s3\"><span class=\"bumpedFont17\">Ass<\/span><\/span><span class=\"s3\"><span class=\"bumpedFont17\">:<\/span><\/span><span class=\"s3\"><span class=\"bumpedFont17\">1<\/span><\/span><span class=\"s3\"><span class=\"bumpedFont17\">6<\/span><\/span><span class=\"s3\"><span class=\"bumpedFont17\">\/0<\/span><\/span><span class=\"s3\"><span class=\"bumpedFont17\">8<\/span><\/span><span class=\"s3\"><span class=\"bumpedFont17\">\/2024<\/span><\/span> <span class=\"s3\"><span class=\"bumpedFont17\">&#8211; Foro: S\u00e3o Jo\u00e3o Nepomuceno\/MG.<\/span><\/span><\/p>\n<p class=\"s4\" style=\"text-align: center;\">\n<p class=\"s4\" style=\"text-align: center;\">\n<p class=\"s4\" style=\"text-align: center;\">\n<p class=\"s4\" style=\"text-align: center;\">\n<p class=\"s4\" style=\"text-align: center;\">\n<p class=\"s2\" style=\"text-align: center;\"><span class=\"s3\"><span class=\"bumpedFont17\">Marcos de Ara\u00fajo Lima<\/span><\/span><\/p>\n<p class=\"s2\" style=\"text-align: center;\"><span class=\"s3\"><span class=\"bumpedFont17\">Prefeito <\/span><\/span><span class=\"s3\"><span class=\"bumpedFont17\">Municipal<\/span><\/span><\/p>\n<p class=\"s2\" style=\"text-align: center;\">\n","protected":false},"excerpt":{"rendered":"<p>EXTRATO DE ATA 141\/2024 Pref. Municipal de Descoberto x Manoel Roberto Morais de Souza &#8211; Objeto: Registro de pre\u00e7os para a contrata\u00e7\u00e3o de empresa para fornecimento de g\u00eaneros aliment\u00edcios necess\u00e1rios para garantir a execu\u00e7\u00e3o dos grupos de servi\u00e7o de conviv\u00eancia e fortalecimento de v\u00ednculos e grupos do Paif para atender as necessidades do Departamento de [&hellip;]<\/p>\n","protected":false},"author":246,"featured_media":0,"comment_status":"closed","ping_status":"closed","sticky":false,"template":"","format":"standard","meta":{"footnotes":""},"categories":[307],"tags":[],"class_list":["post-224210","post","type-post","status-publish","format-standard","hentry","category-editais"],"_links":{"self":[{"href":"https:\/\/diarioregionaldigital.com.br\/index.php?rest_route=\/wp\/v2\/posts\/224210","targetHints":{"allow":["GET"]}}],"collection":[{"href":"https:\/\/diarioregionaldigital.com.br\/index.php?rest_route=\/wp\/v2\/posts"}],"about":[{"href":"https:\/\/diarioregionaldigital.com.br\/index.php?rest_route=\/wp\/v2\/types\/post"}],"author":[{"embeddable":true,"href":"https:\/\/diarioregionaldigital.com.br\/index.php?rest_route=\/wp\/v2\/users\/246"}],"replies":[{"embeddable":true,"href":"https:\/\/diarioregionaldigital.com.br\/index.php?rest_route=%2Fwp%2Fv2%2Fcomments&post=224210"}],"version-history":[{"count":1,"href":"https:\/\/diarioregionaldigital.com.br\/index.php?rest_route=\/wp\/v2\/posts\/224210\/revisions"}],"predecessor-version":[{"id":224211,"href":"https:\/\/diarioregionaldigital.com.br\/index.php?rest_route=\/wp\/v2\/posts\/224210\/revisions\/224211"}],"wp:attachment":[{"href":"https:\/\/diarioregionaldigital.com.br\/index.php?rest_route=%2Fwp%2Fv2%2Fmedia&parent=224210"}],"wp:term":[{"taxonomy":"category","embeddable":true,"href":"https:\/\/diarioregionaldigital.com.br\/index.php?rest_route=%2Fwp%2Fv2%2Fcategories&post=224210"},{"taxonomy":"post_tag","embeddable":true,"href":"https:\/\/diarioregionaldigital.com.br\/index.php?rest_route=%2Fwp%2Fv2%2Ftags&post=224210"}],"curies":[{"name":"wp","href":"https:\/\/api.w.org\/{rel}","templated":true}]}}