{"id":224202,"date":"2024-08-17T02:58:08","date_gmt":"2024-08-17T05:58:08","guid":{"rendered":"https:\/\/diarioregionaldigital.com.br\/?p=224202"},"modified":"2024-08-17T02:58:08","modified_gmt":"2024-08-17T05:58:08","slug":"galeria-irineu-lomar-recebe-mostra-fotografia-a-maravilha-do-seculo-xix","status":"publish","type":"post","link":"https:\/\/diarioregionaldigital.com.br\/?p=224202","title":{"rendered":"Galeria Irineu Lomar recebe MOSTRA \u201cFotografia, a maravilha do s\u00e9culo XIX\u201d"},"content":{"rendered":"<p>A Galeria Irineu Lomar\/Bar Filezinho Grill, abrir\u00e1 no dia 16 de Agosto uma Mostra Coletiva, onde participar\u00e3o 14 fot\u00f3grafos e fot\u00f3grafas, cada um apresentando 2 (dois) trabalhos autorais de tem\u00e1tica livre. Ao todo, ser\u00e3o 26<br \/>\n(vinte e seis) imagens em PB e em cor, emolduradas no formato m\u00e1ximo de 52 x 31cm, o que dar\u00e1 uma unicidade in\u00e9dita \u00e0s fotografias em exibi\u00e7\u00e3o. O evento acontecer\u00e1 at\u00e9 15 de setembro.<\/p>\n<p>Foi em 19 de agosto de 1839 que a Academia Francesa de Ci\u00eancias anunciava mundialmente a inven\u00e7\u00e3o da fotografia, na pessoa de Louis Daguerre, parceiro de Joseph Ni\u00e9pce, j\u00e1 falecido, que durante muitos anos<br \/>\npesquisou sobre a captura da imagem atrav\u00e9s da luz, eles dois, dentre outros que lhes precederam. Desde ent\u00e3o, a fotografia moderna se tornou cada vez mais popular e acess\u00edvel a todos. S\u00f3 que, no Brasil, residia um<br \/>\ng\u00eanio das artes e da ci\u00eancia, chamado Hercule Florence, que por aqui aportou em 1824. Desenhista, pintor, tip\u00f3grafo e naturalista, a partir de estudos qu\u00edmicos Florence n\u00e3o s\u00f3 consegue imprimir sua primeira imagem<br \/>\nem 1833, como lhe atribui o nome de photographie (grafia pela luz), cinco anos antes do an\u00fancio p\u00fablico na Fran\u00e7a.<\/p>\n<p>Assim, de forma muito especial, em agosto comemoraremos a Fotografia\u00a0atrav\u00e9s de dois de seus inventores, Florence, no Brasil, e Daguerre, que deu prosseguimentos \u00e0s pesquisas de Ni\u00e9pce, e de tantos outros que anteriormente tentaram descobrir a fixa\u00e7\u00e3o da imagem atrav\u00e9s da luz.<\/p>\n<p>As imagens desta exposi\u00e7\u00e3o prestam uma singela homenagem a todos eles e \u00e0 pr\u00f3pria Fotografia!<br \/>\nDentre os participantes, destaque para dois fot\u00f3grafos que receberam o Pr\u00eamio de Fotografia Wladimir Herzog de Anistia e Direitos Humanos, Marcio Brigatto e Ricardo Malta.<\/p>\n<p>A cada m\u00eas a Galeria Irineu Lomar inaugura uma nova exposi\u00e7\u00e3o com trabalhos de artistas visuais locais, como fotografias, pinturas, desenhos, etc. Esta galeria valoriza artistas visuais de Juiz de Fora atrav\u00e9s da exibi\u00e7\u00e3o de seus trabalhos e possibilita a circula\u00e7\u00e3o e aquisi\u00e7\u00e3o por meio de vendas a pre\u00e7os justos das obras.<\/p>\n<p>&nbsp;<\/p>\n","protected":false},"excerpt":{"rendered":"<p>A Galeria Irineu Lomar\/Bar Filezinho Grill, abrir\u00e1 no dia 16 de Agosto uma Mostra Coletiva, onde participar\u00e3o 14 fot\u00f3grafos e fot\u00f3grafas, cada um apresentando 2 (dois) trabalhos autorais de tem\u00e1tica livre. Ao todo, ser\u00e3o 26 (vinte e seis) imagens em PB e em cor, emolduradas no formato m\u00e1ximo de 52 x 31cm, o que dar\u00e1 [&hellip;]<\/p>\n","protected":false},"author":246,"featured_media":224203,"comment_status":"closed","ping_status":"closed","sticky":false,"template":"","format":"standard","meta":{"footnotes":""},"categories":[253],"tags":[],"class_list":["post-224202","post","type-post","status-publish","format-standard","has-post-thumbnail","hentry","category-cidade"],"_links":{"self":[{"href":"https:\/\/diarioregionaldigital.com.br\/index.php?rest_route=\/wp\/v2\/posts\/224202","targetHints":{"allow":["GET"]}}],"collection":[{"href":"https:\/\/diarioregionaldigital.com.br\/index.php?rest_route=\/wp\/v2\/posts"}],"about":[{"href":"https:\/\/diarioregionaldigital.com.br\/index.php?rest_route=\/wp\/v2\/types\/post"}],"author":[{"embeddable":true,"href":"https:\/\/diarioregionaldigital.com.br\/index.php?rest_route=\/wp\/v2\/users\/246"}],"replies":[{"embeddable":true,"href":"https:\/\/diarioregionaldigital.com.br\/index.php?rest_route=%2Fwp%2Fv2%2Fcomments&post=224202"}],"version-history":[{"count":1,"href":"https:\/\/diarioregionaldigital.com.br\/index.php?rest_route=\/wp\/v2\/posts\/224202\/revisions"}],"predecessor-version":[{"id":224204,"href":"https:\/\/diarioregionaldigital.com.br\/index.php?rest_route=\/wp\/v2\/posts\/224202\/revisions\/224204"}],"wp:featuredmedia":[{"embeddable":true,"href":"https:\/\/diarioregionaldigital.com.br\/index.php?rest_route=\/wp\/v2\/media\/224203"}],"wp:attachment":[{"href":"https:\/\/diarioregionaldigital.com.br\/index.php?rest_route=%2Fwp%2Fv2%2Fmedia&parent=224202"}],"wp:term":[{"taxonomy":"category","embeddable":true,"href":"https:\/\/diarioregionaldigital.com.br\/index.php?rest_route=%2Fwp%2Fv2%2Fcategories&post=224202"},{"taxonomy":"post_tag","embeddable":true,"href":"https:\/\/diarioregionaldigital.com.br\/index.php?rest_route=%2Fwp%2Fv2%2Ftags&post=224202"}],"curies":[{"name":"wp","href":"https:\/\/api.w.org\/{rel}","templated":true}]}}